{"id":39417,"date":"2014-07-15T12:13:47","date_gmt":"2014-07-15T10:13:47","guid":{"rendered":"http:\/\/stockportal.hu\/?p=39417"},"modified":"2014-07-15T12:13:47","modified_gmt":"2014-07-15T10:13:47","slug":"gazai-konfliktus-az-arab-liga-az-egyiptomi-tuzszuneti-javaslat-elfogadasara-szolitott-fel","status":"publish","type":"post","link":"https:\/\/gazdasagportal.hu\/index.php\/gazai-konfliktus-az-arab-liga-az-egyiptomi-tuzszuneti-javaslat-elfogadasara-szolitott-fel\/","title":{"rendered":"G\u00e1zai konfliktus &#8211; Az Arab Liga az egyiptomi t\u0171zsz\u00fcneti javaslat elfogad\u00e1s\u00e1ra sz\u00f3l\u00edtott fel"},"content":{"rendered":"<p><strong>Az Arab Liga keddre virrad\u00f3 \u00e9jjel az Egyiptom \u00e1ltal kidolgozott t\u0171zsz\u00fcneti javaslat elfogad\u00e1s\u00e1ra sz\u00f3l\u00edtotta fel a g\u00e1zai konfliktusban szemben \u00e1ll\u00f3 feleket &#8211; adta h\u00edr\u00fcl az egyiptomi sajt\u00f3.<\/strong><!--more--><br \/>\n<div class=\"ads-in-post1\"><div id=\"gazdasagportal.hu_fullbanner_wideboard\"><\/div>\r\n<\/div>\n<p>    A liga tag\u00e1llamainak k\u00fcl\u00fcgyminiszterei Kair\u00f3ban tartottak rendk\u00edv\u00fcli \u00fcl\u00e9st, hogy a g\u00e1zai v\u00e1ls\u00e1ghelyzetr\u0151l tan\u00e1cskozzanak. A tal\u00e1lkoz\u00f3 ut\u00e1n kiadott k\u00f6zlem\u00e9ny szerint az Arab Liga t\u00e1mogatja az egyiptomi k\u00fcl\u00fcgyminiszt\u00e9rium \u00e1ltal h\u00e9tf\u0151n k\u00f6zz\u00e9tett kezdem\u00e9nyez\u00e9st &#8222;az \u00e1rtatlan \u00e9letek v\u00e9delme \u00e9s a v\u00e9ront\u00e1s besz\u00fcntet\u00e9se&#8221; \u00e9rdek\u00e9ben.<br \/>\n    A liga arra s\u00fcrgette a nemzetk\u00f6zi k\u00f6z\u00f6ss\u00e9get, hogy tegyen meg mindent &#8211; a nyolcadik napja tart\u00f3, imm\u00e1r t\u00f6bb mint 180 hal\u00e1los \u00e1ldozatot k\u00f6vetel\u0151 &#8211; izraeli l\u00e9gicsap\u00e1sok azonnali felf\u00fcggeszt\u00e9s\u00e9\u00e9rt. Az arab orsz\u00e1gok tov\u00e1bb\u00e1 t\u00e1mogat\u00e1sukr\u00f3l biztos\u00edtott\u00e1k a &#8222;palesztin \u00e1llam&#8221; azon k\u00e9r\u00e9s\u00e9t, hogy ter\u00fcletei nemzetk\u00f6zi v\u00e9delem al\u00e1 ker\u00fcljenek, \u00edgy vetve v\u00e9get a &#8222;megsz\u00e1ll\u00e1snak&#8221;.<br \/>\n    A tag\u00e1llamok Izraelt felsz\u00f3l\u00edtott\u00e1k, hogy minden felt\u00e9tel \u00e9s megk\u00f6t\u00e9s n\u00e9lk\u00fcl engedje szabadon a palesztin foglyokat, f\u0151k\u00e9ppen azokat, akiket az elrabolt Gil\u00e1d Salit izraeli katona kiszabad\u00edt\u00e1s\u00e1\u00e9rt k\u00f6t\u00f6tt fogolycsere-meg\u00e1llapod\u00e1s keret\u00e9ben kor\u00e1bban szabadl\u00e1bra helyeztek, de k\u00e9s\u0151bb \u00fajra elfogtak.<br \/>\n    Nab\u00edl el-Arabi, a liga f\u0151titk\u00e1ra kijelentette, hogy az ember\u00e9letek\u00e9rt a teljes felel\u0151s\u00e9g Izraelt terheli. Arabi szerint a t\u00f6bb mint egy hete tart\u00f3 &#8222;brut\u00e1lis agresszi\u00f3&#8221; az emberis\u00e9g ellen elk\u00f6vetett, h\u00e1bor\u00fas b\u0171nnek sz\u00e1m\u00edt.<br \/>\n    Az egyiptomi kezdem\u00e9nyez\u00e9s eredetileg kedd reggelt\u0151l t\u0171zsz\u00fcneti t\u00e1rgyal\u00e1sokat ir\u00e1nyozott el\u0151. A fegyvernyugv\u00e1s tizenk\u00e9t \u00f3r\u00e1val az ut\u00e1n kezd\u0151dne, hogy a szemben \u00e1ll\u00f3 felek el\u0151felt\u00e9telek n\u00e9lk\u00fcl elfogadj\u00e1k a javaslat felt\u00e9teleit. Az egyiptomi k\u00f6zvet\u00edt\u0151k a k\u00f6vetkez\u0151 k\u00e9t napban Kair\u00f3ban fogadn\u00e1k az izraeli korm\u00e1ny \u00e9s a palesztin frakci\u00f3k magas rang\u00fa k\u00e9pvisel\u0151it.<br \/>\n    A G\u00e1zai \u00f6vezetet ural\u00f3 &#8211; \u00e9s Kair\u00f3val h\u0171v\u00f6s viszonyt \u00e1pol\u00f3 &#8211; Ham\u00e1sz iszlamista szervezet h\u00e9tf\u0151 \u00e9jjel elutas\u00edtott minden olyan fegyversz\u00fcneti t\u00e1rgyal\u00e1st, amely nem vezet teljes k\u00f6r\u0171 meg\u00e1llapod\u00e1shoz. A Ham\u00e1sz azt is k\u00f6z\u00f6lte, hogy a g\u00e1zai illet\u00e9kesek az egyiptomi kezdem\u00e9nyez\u00e9st nem kapt\u00e1k meg hivatalos \u00faton.<br \/>\n    Ugyanakkor az izraeli biztons\u00e1gi kabinet kedd reggeli tal\u00e1lkoz\u00f3j\u00e1n elfogadta az egyiptomi javaslatot, Mahm\u00fad Abb\u00e1sz palesztin eln\u00f6k pedig \u00fcdv\u00f6z\u00f6lte azt.(MTI)<\/p>\n","protected":false},"excerpt":{"rendered":"<p>Az Arab Liga keddre virrad\u00f3 \u00e9jjel az Egyiptom \u00e1ltal kidolgozott t\u0171zsz\u00fcneti javaslat elfogad\u00e1s\u00e1ra sz\u00f3l\u00edtotta fel a g\u00e1zai konfliktusban szemben \u00e1ll\u00f3 feleket &#8211; adta h\u00edr\u00fcl az egyiptomi sajt\u00f3.<\/p>\n","protected":false},"author":1,"featured_media":0,"comment_status":"open","ping_status":"closed","sticky":false,"template":"","format":"standard","meta":[],"categories":[16],"tags":[],"_links":{"self":[{"href":"https:\/\/gazdasagportal.hu\/index.php\/wp-json\/wp\/v2\/posts\/39417"}],"collection":[{"href":"https:\/\/gazdasagportal.hu\/index.php\/wp-json\/wp\/v2\/posts"}],"about":[{"href":"https:\/\/gazdasagportal.hu\/index.php\/wp-json\/wp\/v2\/types\/post"}],"author":[{"embeddable":true,"href":"https:\/\/gazdasagportal.hu\/index.php\/wp-json\/wp\/v2\/users\/1"}],"replies":[{"embeddable":true,"href":"https:\/\/gazdasagportal.hu\/index.php\/wp-json\/wp\/v2\/comments?post=39417"}],"version-history":[{"count":1,"href":"https:\/\/gazdasagportal.hu\/index.php\/wp-json\/wp\/v2\/posts\/39417\/revisions"}],"predecessor-version":[{"id":39418,"href":"https:\/\/gazdasagportal.hu\/index.php\/wp-json\/wp\/v2\/posts\/39417\/revisions\/39418"}],"wp:attachment":[{"href":"https:\/\/gazdasagportal.hu\/index.php\/wp-json\/wp\/v2\/media?parent=39417"}],"wp:term":[{"taxonomy":"category","embeddable":true,"href":"https:\/\/gazdasagportal.hu\/index.php\/wp-json\/wp\/v2\/categories?post=39417"},{"taxonomy":"post_tag","embeddable":true,"href":"https:\/\/gazdasagportal.hu\/index.php\/wp-json\/wp\/v2\/tags?post=39417"}],"curies":[{"name":"wp","href":"https:\/\/api.w.org\/{rel}","templated":true}]}}