{"id":39415,"date":"2014-07-15T11:50:11","date_gmt":"2014-07-15T09:50:11","guid":{"rendered":"http:\/\/stockportal.hu\/?p=39415"},"modified":"2014-07-15T11:50:11","modified_gmt":"2014-07-15T09:50:11","slug":"eu-tisztujitas-juncker-300-milliard-euros-befektetesi-program-kell-a-novekedes-es-munkahelyteremtes-elomozditasahoz","status":"publish","type":"post","link":"https:\/\/gazdasagportal.hu\/index.php\/eu-tisztujitas-juncker-300-milliard-euros-befektetesi-program-kell-a-novekedes-es-munkahelyteremtes-elomozditasahoz\/","title":{"rendered":"EU-tiszt\u00faj\u00edt\u00e1s &#8211; Juncker: 300 milli\u00e1rd eur\u00f3s befektet\u00e9si program kell a n\u00f6veked\u00e9s \u00e9s munkahelyteremt\u00e9s el\u0151mozd\u00edt\u00e1s\u00e1hoz"},"content":{"rendered":"<p><strong>Az eur\u00f3pai n\u00f6veked\u00e9s \u00e9s munkahelyteremt\u00e9s el\u0151mozd\u00edt\u00e1sa \u00e9rdek\u00e9ben h\u00e1romsz\u00e1z milli\u00e1rd eur\u00f3s befektet\u00e9si programot szorgalmazott Jean-Claude Juncker eur\u00f3pai bizotts\u00e1gi eln\u00f6kjel\u00f6lt kedden Strasbourgban az Eur\u00f3pai Parlament (EP) \u00fcl\u00e9s\u00e9n.<\/strong><!--more--><br \/>\n<div class=\"ads-in-post1\"><div id=\"gazdasagportal.hu_fullbanner_wideboard\"><\/div>\r\n<\/div>\n<p>    Az EP-k\u00e9pvisel\u0151k a nap folyam\u00e1n szavaznak arr\u00f3l, hogy a n\u00e9pp\u00e1rti politikus, volt luxemburgi minisztereln\u00f6k legyen-e a k\u00f6vetkez\u0151 \u00f6t \u00e9vre az Eur\u00f3pai Bizotts\u00e1g eln\u00f6ke. Juncker a vita kezdet\u00e9n r\u00e9szletesen ismertette politikai \u00e9s szakmai elk\u00e9pzel\u00e9seit megv\u00e1laszt\u00e1sa eset\u00e9re. Besz\u00e9d\u00e9ben t\u00f6bbsz\u00f6r v\u00e1ltott nyelvet &#8211; r\u00e9szben franci\u00e1ul, r\u00e9szben n\u00e9met\u00fcl, r\u00e9szben pedig angolul sz\u00f3lt a k\u00e9pvisel\u0151kh\u00f6z.<br \/>\n    Javaslatainak egyike, hogy a k\u00f6z- \u00e9s a mag\u00e1nszf\u00e9ra egy\u00fcttm\u0171k\u00f6d\u00e9s\u00e9vel a k\u00f6vetkez\u0151 h\u00e1rom \u00e9vben 300 milli\u00e1rd eur\u00f3val \u00f6szt\u00f6n\u00f6zz\u00e9k a gazdas\u00e1gi n\u00f6veked\u00e9st, \u00e9s els\u0151sorban a fiatalok munkahelyhez juttat\u00e1s\u00e1t.<br \/>\n    A p\u00e9nzt &#8211; v\u00e9lekedett &#8211; a most is meglev\u0151 k\u00f6lts\u00e9gvet\u00e9si forr\u00e1sokb\u00f3l, az Eur\u00f3pai Beruh\u00e1z\u00e1si Bank, valamint a mag\u00e1nszektor forr\u00e1saib\u00f3l kell el\u0151teremteni, an\u00e9lk\u00fcl, hogy megs\u00e9rten\u00e9k a szigor\u00fa deficitszab\u00e1lyokat \u00e9s az ad\u00f3ss\u00e1gcs\u00f6kkent\u00e9st el\u0151\u00edr\u00f3 szab\u00e1lyokat.<br \/>\n    &#8222;\u00dajra kell iparos\u00edtanunk Eur\u00f3p\u00e1t&#8221; &#8211; mondta Juncker, meg\u00e1llap\u00edtva, hogy az \u00f6reg kontinens az ut\u00f3bbi id\u0151ben h\u00e1tr\u00e1nyba ker\u00fclt a glob\u00e1lis versenyben.<br \/>\n    Az Eur\u00f3pai Bizotts\u00e1g eln\u00f6kjel\u00f6ltje \u00edg\u00e9retet tett arra, hogy megv\u00e1laszt\u00e1sa eset\u00e9n j\u00f6v\u0151 febru\u00e1rra kidolgozza a t\u00edz pill\u00e9rre \u00e9p\u00fcl\u0151 r\u00e9szletes munkaprogramot a befektet\u00e9sekr\u0151l, amelyek az ipari klasztereket, els\u0151sorban az energetikai, a k\u00f6zleked\u00e9si, illetve a sz\u00e9less\u00e1v\u00fa technol\u00f3gi\u00e1t alkalmaz\u00f3 szektort \u00e9rinten\u00e9k.(MTI)<\/p>\n","protected":false},"excerpt":{"rendered":"<p>Az eur\u00f3pai n\u00f6veked\u00e9s \u00e9s munkahelyteremt\u00e9s el\u0151mozd\u00edt\u00e1sa \u00e9rdek\u00e9ben h\u00e1romsz\u00e1z milli\u00e1rd eur\u00f3s befektet\u00e9si programot szorgalmazott Jean-Claude Juncker eur\u00f3pai bizotts\u00e1gi eln\u00f6kjel\u00f6lt kedden Strasbourgban az Eur\u00f3pai Parlament (EP) \u00fcl\u00e9s\u00e9n.<\/p>\n","protected":false},"author":1,"featured_media":0,"comment_status":"open","ping_status":"closed","sticky":false,"template":"","format":"standard","meta":[],"categories":[19],"tags":[],"_links":{"self":[{"href":"https:\/\/gazdasagportal.hu\/index.php\/wp-json\/wp\/v2\/posts\/39415"}],"collection":[{"href":"https:\/\/gazdasagportal.hu\/index.php\/wp-json\/wp\/v2\/posts"}],"about":[{"href":"https:\/\/gazdasagportal.hu\/index.php\/wp-json\/wp\/v2\/types\/post"}],"author":[{"embeddable":true,"href":"https:\/\/gazdasagportal.hu\/index.php\/wp-json\/wp\/v2\/users\/1"}],"replies":[{"embeddable":true,"href":"https:\/\/gazdasagportal.hu\/index.php\/wp-json\/wp\/v2\/comments?post=39415"}],"version-history":[{"count":1,"href":"https:\/\/gazdasagportal.hu\/index.php\/wp-json\/wp\/v2\/posts\/39415\/revisions"}],"predecessor-version":[{"id":39416,"href":"https:\/\/gazdasagportal.hu\/index.php\/wp-json\/wp\/v2\/posts\/39415\/revisions\/39416"}],"wp:attachment":[{"href":"https:\/\/gazdasagportal.hu\/index.php\/wp-json\/wp\/v2\/media?parent=39415"}],"wp:term":[{"taxonomy":"category","embeddable":true,"href":"https:\/\/gazdasagportal.hu\/index.php\/wp-json\/wp\/v2\/categories?post=39415"},{"taxonomy":"post_tag","embeddable":true,"href":"https:\/\/gazdasagportal.hu\/index.php\/wp-json\/wp\/v2\/tags?post=39415"}],"curies":[{"name":"wp","href":"https:\/\/api.w.org\/{rel}","templated":true}]}}