{"id":39365,"date":"2014-07-15T04:37:18","date_gmt":"2014-07-15T02:37:18","guid":{"rendered":"http:\/\/stockportal.hu\/?p=39365"},"modified":"2014-07-14T20:28:15","modified_gmt":"2014-07-14T18:28:15","slug":"kedden-az-orszag-nagy-reszen-lehet-felhoszakadas","status":"publish","type":"post","link":"https:\/\/gazdasagportal.hu\/index.php\/kedden-az-orszag-nagy-reszen-lehet-felhoszakadas\/","title":{"rendered":"Kedden az orsz\u00e1g nagy r\u00e9sz\u00e9n lehet felh\u0151szakad\u00e1s"},"content":{"rendered":"<p><strong>A v\u00e1rhat\u00f3 felh\u0151szakad\u00e1s miatt tizenn\u00e9gy megy\u00e9re \u00e9s a f\u0151v\u00e1rosra keddre els\u0151fok\u00fa figyelmeztet\u00e9st adott ki a meteorol\u00f3giai szolg\u00e1lat. \u00d6t megy\u00e9ben \u00e9s Budapesten heves zivatarokra is k\u00e9sz\u00fclni kell.<\/strong><!--more--><br \/>\n<div class=\"ads-in-post1\"><div id=\"gazdasagportal.hu_fullbanner_wideboard\"><\/div>\r\n<\/div>\n<p>    Az Orsz\u00e1gos Meteorol\u00f3giai Szolg\u00e1lat h\u00e9tf\u0151 este az MTI-hez eljuttatott vesz\u00e9lyjelz\u00e9se szerint a felh\u0151szakad\u00e1s miatt Baranya, B\u00e1cs-Kiskun, B\u00e9k\u00e9s, Csongr\u00e1d, Fej\u00e9r, Gy\u0151r-Moson-Sopron, J\u00e1sz-Nagykun-Szolnok, Kom\u00e1rom-Esztergom, N\u00f3gr\u00e1d, Somogy, Tolna, Veszpr\u00e9m, Zala \u00e9s Pest megy\u00e9re, valamint Budapestre adt\u00e1k ki a citroms\u00e1rga, vagyis els\u0151fok\u00fa figyelmeztet\u00e9st. Ezeken a ter\u00fcleteken egy-egy z\u00e1por, zivatar sor\u00e1n r\u00f6vid id\u0151 alatt ak\u00e1r 25-30 millim\u00e9tern\u00e9l is t\u00f6bb es\u0151 hullhat.<br \/>\n    Baranya, Fej\u00e9r, Kom\u00e1rom-Esztergom, Tolna \u00e9s Pest megy\u00e9ben, tov\u00e1bb\u00e1 a f\u0151v\u00e1rosban olyan heves zivatarok alakulhatnak ki, amelyeket k\u00e1rokoz\u00f3 sz\u00e9l, illetve j\u00e9ges\u0151 k\u00eds\u00e9rhet. Emiatt ezekre a ter\u00fcletekre szint\u00e9n els\u0151fok\u00fa figyelmeztet\u00e9st adtak ki.<br \/>\n    Az el\u0151rejelz\u00e9s szerint kedden a minimumh\u0151m\u00e9rs\u00e9klet 13 \u00e9s 18, a maximumh\u0151m\u00e9rs\u00e9klet 27 \u00e9s 32 Celsius-fok k\u00f6z\u00f6tt alakul.(MTI)<\/p>\n","protected":false},"excerpt":{"rendered":"<p>A v\u00e1rhat\u00f3 felh\u0151szakad\u00e1s miatt tizenn\u00e9gy megy\u00e9re \u00e9s a f\u0151v\u00e1rosra keddre els\u0151fok\u00fa figyelmeztet\u00e9st adott ki a meteorol\u00f3giai szolg\u00e1lat. \u00d6t megy\u00e9ben \u00e9s Budapesten heves zivatarokra is k\u00e9sz\u00fclni kell.<\/p>\n","protected":false},"author":1,"featured_media":0,"comment_status":"open","ping_status":"closed","sticky":false,"template":"","format":"standard","meta":[],"categories":[4,151],"tags":[],"_links":{"self":[{"href":"https:\/\/gazdasagportal.hu\/index.php\/wp-json\/wp\/v2\/posts\/39365"}],"collection":[{"href":"https:\/\/gazdasagportal.hu\/index.php\/wp-json\/wp\/v2\/posts"}],"about":[{"href":"https:\/\/gazdasagportal.hu\/index.php\/wp-json\/wp\/v2\/types\/post"}],"author":[{"embeddable":true,"href":"https:\/\/gazdasagportal.hu\/index.php\/wp-json\/wp\/v2\/users\/1"}],"replies":[{"embeddable":true,"href":"https:\/\/gazdasagportal.hu\/index.php\/wp-json\/wp\/v2\/comments?post=39365"}],"version-history":[{"count":1,"href":"https:\/\/gazdasagportal.hu\/index.php\/wp-json\/wp\/v2\/posts\/39365\/revisions"}],"predecessor-version":[{"id":39366,"href":"https:\/\/gazdasagportal.hu\/index.php\/wp-json\/wp\/v2\/posts\/39365\/revisions\/39366"}],"wp:attachment":[{"href":"https:\/\/gazdasagportal.hu\/index.php\/wp-json\/wp\/v2\/media?parent=39365"}],"wp:term":[{"taxonomy":"category","embeddable":true,"href":"https:\/\/gazdasagportal.hu\/index.php\/wp-json\/wp\/v2\/categories?post=39365"},{"taxonomy":"post_tag","embeddable":true,"href":"https:\/\/gazdasagportal.hu\/index.php\/wp-json\/wp\/v2\/tags?post=39365"}],"curies":[{"name":"wp","href":"https:\/\/api.w.org\/{rel}","templated":true}]}}