{"id":39357,"date":"2014-07-14T16:41:55","date_gmt":"2014-07-14T14:41:55","guid":{"rendered":"http:\/\/stockportal.hu\/?p=39357"},"modified":"2014-07-14T15:52:39","modified_gmt":"2014-07-14T13:52:39","slug":"ukran-valsag-jobbik-a-kormany-tiltakozzon-a-karpataljai-magyarok-sorozasa-ellen","status":"publish","type":"post","link":"https:\/\/gazdasagportal.hu\/index.php\/ukran-valsag-jobbik-a-kormany-tiltakozzon-a-karpataljai-magyarok-sorozasa-ellen\/","title":{"rendered":"Ukr\u00e1n v\u00e1ls\u00e1g &#8211; Jobbik: a korm\u00e1ny tiltakozzon a k\u00e1rp\u00e1taljai magyarok soroz\u00e1sa ellen!"},"content":{"rendered":"<p><strong>A Jobbik arra sz\u00f3l\u00edtotta fel a korm\u00e1nyt, hogy tiltakozzon a k\u00e1rp\u00e1taljai magyarok soroz\u00e1sa \u00e9s az ukr\u00e1n menek\u00fcltek betelep\u00edt\u00e9se ellen.<\/strong><!--more--><br \/>\n<div class=\"ads-in-post1\"><div id=\"gazdasagportal.hu_fullbanner_wideboard\"><\/div>\r\n<\/div>\n<p>    Sz\u00e1vay Istv\u00e1n, a Jobbik aleln\u00f6ke h\u00e9tf\u0151i sajt\u00f3t\u00e1j\u00e9koztat\u00f3j\u00e1n arr\u00f3l besz\u00e9lt: Magyarorsz\u00e1g k\u00f6teless\u00e9ge, hogy megv\u00e9dje a k\u00e1rp\u00e1taljai magyars\u00e1got az ukr\u00e1n helyzet k\u00e1ros hat\u00e1sait\u00f3l. Kifejtette: a ki\u00e9rtes\u00edt\u00e9sek h\u00f3napok \u00f3ta tartanak \u00e9s a t\u00e9nyleges soroz\u00e1s is megkezd\u0151d\u00f6tt. Tudom\u00e1sa szerint magyarokat m\u00e9g nem vittek Ukrajna keleti r\u00e9sz\u00e9be, de szem\u00e9lyes tapasztalatai alapj\u00e1n vannak vissza\u00e9l\u00e9sek.<br \/>\n    P\u00e9ldak\u00e9nt eml\u00edtette, hogy egy k\u00e9tgyermekes csal\u00e1dap\u00e1t az alkalmass\u00e1gi egyeztet\u00e9s ut\u00e1n nem engedtek haza \u00e9s akarata ellen\u00e9re \u00f6nk\u00e9ntesk\u00e9nt kezelik, t\u00f6bb helyre sz\u00e1ll\u00edtott\u00e1k \u00e9s mindig m\u00e1st mondanak neki.<br \/>\n    A jobbikos politikus azt is mondta: az ukr\u00e1n korm\u00e1ny felbecs\u00fclte a Kr\u00edmb\u0151l, Kelet-Ukrajn\u00e1b\u00f3l v\u00e1rhat\u00f3 menek\u00fcltek sz\u00e1m\u00e1t, s ez alapj\u00e1n 250 menek\u00fclt betelep\u00edt\u00e9s\u00e9t tervezik Beregsz\u00e1szra. Ez az etnikai viszonyok er\u0151szakos megv\u00e1ltoztat\u00e1sa &#8211; jelentette ki Sz\u00e1vay Istv\u00e1n.<br \/>\n    Az ellenz\u00e9ki politikus j\u00f3val hat\u00e1rozottabb ki\u00e1ll\u00e1st s\u00fcrgetett a K\u00e1rp\u00e1taljai Magyar Kultur\u00e1lis Sz\u00f6vets\u00e9g r\u00e9sz\u00e9r\u0151l a magyar k\u00f6z\u00f6ss\u00e9g \u00e9rdekei\u00e9rt. Azt k\u00e9rte: a magyar korm\u00e1ny tegye vil\u00e1goss\u00e1 \u00e1ll\u00e1spontj\u00e1t a soroz\u00e1sokra, esetleges keleti frontra sz\u00e1ll\u00edt\u00e1sra \u00e9s a magyarlakta tele\u00fcl\u00e9seket \u00e9rint\u0151 betelep\u00edt\u00e9sekre vonatkoz\u00f3an. A Jobbik elv\u00e1rja, hogy a korm\u00e1ny mink\u00e9t k\u00e9rd\u00e9sben tiltakozzon, \u00e9s ne csak Ukrajna ter\u00fcleti egys\u00e9ge mellett \u00e1lljon ki, hanem legyen hat\u00e1rozott azokban az \u00fcgyekben is, amely a k\u00e1rp\u00e1taljai magyar k\u00f6z\u00f6ss\u00e9g l\u00e9t- \u00e9s jogbiztons\u00e1g\u00e1t vesz\u00e9lyezteti &#8211; tette hozz\u00e1.(MTI)<\/p>\n","protected":false},"excerpt":{"rendered":"<p>A Jobbik arra sz\u00f3l\u00edtotta fel a korm\u00e1nyt, hogy tiltakozzon a k\u00e1rp\u00e1taljai magyarok soroz\u00e1sa \u00e9s az ukr\u00e1n menek\u00fcltek betelep\u00edt\u00e9se ellen.<\/p>\n","protected":false},"author":1,"featured_media":0,"comment_status":"open","ping_status":"closed","sticky":false,"template":"","format":"standard","meta":[],"categories":[139],"tags":[],"_links":{"self":[{"href":"https:\/\/gazdasagportal.hu\/index.php\/wp-json\/wp\/v2\/posts\/39357"}],"collection":[{"href":"https:\/\/gazdasagportal.hu\/index.php\/wp-json\/wp\/v2\/posts"}],"about":[{"href":"https:\/\/gazdasagportal.hu\/index.php\/wp-json\/wp\/v2\/types\/post"}],"author":[{"embeddable":true,"href":"https:\/\/gazdasagportal.hu\/index.php\/wp-json\/wp\/v2\/users\/1"}],"replies":[{"embeddable":true,"href":"https:\/\/gazdasagportal.hu\/index.php\/wp-json\/wp\/v2\/comments?post=39357"}],"version-history":[{"count":1,"href":"https:\/\/gazdasagportal.hu\/index.php\/wp-json\/wp\/v2\/posts\/39357\/revisions"}],"predecessor-version":[{"id":39358,"href":"https:\/\/gazdasagportal.hu\/index.php\/wp-json\/wp\/v2\/posts\/39357\/revisions\/39358"}],"wp:attachment":[{"href":"https:\/\/gazdasagportal.hu\/index.php\/wp-json\/wp\/v2\/media?parent=39357"}],"wp:term":[{"taxonomy":"category","embeddable":true,"href":"https:\/\/gazdasagportal.hu\/index.php\/wp-json\/wp\/v2\/categories?post=39357"},{"taxonomy":"post_tag","embeddable":true,"href":"https:\/\/gazdasagportal.hu\/index.php\/wp-json\/wp\/v2\/tags?post=39357"}],"curies":[{"name":"wp","href":"https:\/\/api.w.org\/{rel}","templated":true}]}}