{"id":39355,"date":"2014-07-14T15:51:39","date_gmt":"2014-07-14T13:51:39","guid":{"rendered":"http:\/\/stockportal.hu\/?p=39355"},"modified":"2014-07-14T15:51:39","modified_gmt":"2014-07-14T13:51:39","slug":"ukran-valsag-az-orosz-elnok-szovivoje-cafolja-hogy-moszkva-valaszcsapasokra-keszulne","status":"publish","type":"post","link":"https:\/\/gazdasagportal.hu\/index.php\/ukran-valsag-az-orosz-elnok-szovivoje-cafolja-hogy-moszkva-valaszcsapasokra-keszulne\/","title":{"rendered":"Ukr\u00e1n v\u00e1ls\u00e1g &#8211; Az orosz eln\u00f6k sz\u00f3viv\u0151je c\u00e1folja, hogy Moszkva v\u00e1laszcsap\u00e1sokra k\u00e9sz\u00fclne"},"content":{"rendered":"<p><strong>Az orosz eln\u00f6k sz\u00f3viv\u0151je zagyvas\u00e1gnak nevezte h\u00e9tf\u0151n azokat a sajt\u00f3ban megjelent \u00e9rtes\u00fcl\u00e9seket, amelyek szerint Moszkva ukr\u00e1n ter\u00fcletre m\u00e9rend\u0151 c\u00e9lzott katonai csap\u00e1sokat fontolgat v\u00e1laszul arra, hogy el\u0151z\u0151 nap Ukrajna fel\u0151l l\u00f6v\u00e9sek csap\u00f3dtak be orosz ter\u00fcletre, egy ember hal\u00e1l\u00e1t okozva.<!--more--><\/strong><br \/>\n<div class=\"ads-in-post1\"><div id=\"gazdasagportal.hu_fullbanner_wideboard\"><\/div>\r\n<\/div>\n<p>Dmitrij Peszkov sz\u00f3viv\u0151 az amerikai Bloomberg h\u00edr\u00fcgyn\u00f6ks\u00e9gnek nyilatkozva reag\u00e1lt a Kommerszant c\u00edm\u0171 napilap \u00e9s m\u00e1s orosz m\u00e9diumok inform\u00e1ci\u00f3ira.<br \/>\nA tekint\u00e9lyes politikai-gazdas\u00e1gi \u00fajs\u00e1g egy Kremlhez k\u00f6zeli forr\u00e1s\u00e1ra hivatkozva azt k\u00f6z\u00f6lte h\u00e9tf\u0151n, Moszkva vizsg\u00e1lja annak lehet\u0151s\u00e9g\u00e9t, hogy &#8222;c\u00e9lzott v\u00e1laszcsap\u00e1sokat m\u00e9rjen&#8221; ukr\u00e1n ter\u00fcletre. A n\u00e9v n\u00e9lk\u00fcl nyilatkoz\u00f3 inform\u00e1tor szerint az orosz f\u00e9l &#8222;pontosan tudja, honnan l\u0151nek&#8221; Ukrajn\u00e1b\u00f3l. &#8222;A t\u00fcrelm\u00fcnk nem v\u00e9ges&#8221; &#8211; mondta az illet\u0151 a Kommerszantban megjelent cikkben.<br \/>\nA lap k\u00f6zl\u00e9se szerint Jevgenyij Busmin, a d\u00e9l-oroszorsz\u00e1gi Rosztovi ter\u00fclet szen\u00e1tora, az orosz parlament fels\u0151h\u00e1zi aleln\u00f6ke vas\u00e1rnap szint\u00e9n \u00fagy nyilatkozott, csak \u00fagy lehetne meg\u00e1ll\u00edtani az Ukrajna ter\u00fclet\u00e9r\u0151l ind\u00edtott l\u00f6v\u00e9seket, hogy nagy pontoss\u00e1g\u00fa c\u00e9lzott v\u00e1laszt\u00e1mad\u00e1st kellene int\u00e9zni az ukrajnai t\u00fcz\u00e9rs\u00e9gi pontokra. Szerinte &#8222;az egyetlen megold\u00e1s lenne harcolni vel\u00fck (az Ukrajna ter\u00fclet\u00e9r\u0151l l\u00f6v\u00f6ld\u00f6z\u0151kkel) a civiliz\u00e1lt orsz\u00e1gokhoz, az Egyes\u00fclt \u00c1llamokhoz \u00e9s az eur\u00f3pai \u00e1llamokhoz hasonl\u00f3an.&#8221;<br \/>\nA Vedomosztyi c\u00edm\u0171 orosz napilap &#8222;a v\u00e9delmi miniszt\u00e9riumhoz k\u00f6zeli&#8221; forr\u00e1s\u00e1t id\u00e9zte h\u00e9tf\u0151n, aki k\u00f6z\u00f6lte, hogy Oroszorsz\u00e1g nem tervezi csapatok k\u00fcld\u00e9s\u00e9t Ukrajna ter\u00fclet\u00e9re v\u00e1laszul az orosz r\u00e9gi\u00f3t \u00e9rt l\u00f6v\u00e9sekre, de \u00fajabb incidens eset\u00e9n &#8222;v\u00e1laszt\u00fczet nyithat&#8221;.<br \/>\nVas\u00e1rnap az orosz hat\u00f3s\u00e1gok k\u00f6zl\u00e9se szerint a d\u00e9lkelet-ukrajnai Luhanszk \u00e9s Donyeck megy\u00e9kkel hat\u00e1ros d\u00e9l-oroszorsz\u00e1gi Rosztovi ter\u00fcletre t\u00f6bb l\u00f6ved\u00e9k is becsap\u00f3dott. Az egyik meg\u00f6lt egy f\u00e9rfit. H\u00e1rom n\u0151 is megsebes\u00fclt az aknavet\u0151-t\u00e1mad\u00e1sban.<br \/>\nEz volt az els\u0151 eset, hogy hal\u00e1los \u00e1ldozata \u00e9s sebes\u00fcltjei voltak orosz ter\u00fcletre becsap\u00f3dott l\u00f6ved\u00e9keknek. Moszkva diplom\u00e1ciai jegyz\u00e9kben tiltakozott Kijevn\u00e9l az incidens miatt. Kijev c\u00e1folta, hogy az ukr\u00e1n hadsereg l\u0151tt volna \u00e1t a Rosztovi ter\u00fcletre.(MTI)<br \/>\n<a title=\"Hely megnyit\u00e1sa\" href=\"http:\/\/www.bloomberg.com\/news\/2014-07-14\/ukraine-fights-rebels-in-luhansk-as-conflict-deteriorates.html\" target=\"_blank\" rel=\"noopener\">http:\/\/www.bloomberg.com\/news\/2014-07-14\/ukraine-fights-rebels-in-luhansk-as-conflict-deteriorates.html<\/a><br \/>\n<a title=\"Hely megnyit\u00e1sa\" href=\"http:\/\/www.forbes.ru\/news\/262573-peskov-nazval-nonsensom-soobshcheniya-o-planirovanii-udarov-po-ukraine\" target=\"_blank\" rel=\"noopener\">http:\/\/www.forbes.ru\/news\/262573-peskov-nazval-nonsensom-soobshcheniya-o-planirovanii-udarov-po-ukraine<\/a><\/p>\n","protected":false},"excerpt":{"rendered":"<p>Az orosz eln\u00f6k sz\u00f3viv\u0151je zagyvas\u00e1gnak nevezte h\u00e9tf\u0151n azokat a sajt\u00f3ban megjelent \u00e9rtes\u00fcl\u00e9seket, amelyek szerint Moszkva ukr\u00e1n ter\u00fcletre m\u00e9rend\u0151 c\u00e9lzott katonai csap\u00e1sokat fontolgat v\u00e1laszul arra, hogy el\u0151z\u0151 nap Ukrajna fel\u0151l l\u00f6v\u00e9sek csap\u00f3dtak be orosz ter\u00fcletre, egy ember hal\u00e1l\u00e1t okozva.<\/p>\n","protected":false},"author":1,"featured_media":0,"comment_status":"open","ping_status":"closed","sticky":false,"template":"","format":"standard","meta":[],"categories":[139],"tags":[],"_links":{"self":[{"href":"https:\/\/gazdasagportal.hu\/index.php\/wp-json\/wp\/v2\/posts\/39355"}],"collection":[{"href":"https:\/\/gazdasagportal.hu\/index.php\/wp-json\/wp\/v2\/posts"}],"about":[{"href":"https:\/\/gazdasagportal.hu\/index.php\/wp-json\/wp\/v2\/types\/post"}],"author":[{"embeddable":true,"href":"https:\/\/gazdasagportal.hu\/index.php\/wp-json\/wp\/v2\/users\/1"}],"replies":[{"embeddable":true,"href":"https:\/\/gazdasagportal.hu\/index.php\/wp-json\/wp\/v2\/comments?post=39355"}],"version-history":[{"count":1,"href":"https:\/\/gazdasagportal.hu\/index.php\/wp-json\/wp\/v2\/posts\/39355\/revisions"}],"predecessor-version":[{"id":39356,"href":"https:\/\/gazdasagportal.hu\/index.php\/wp-json\/wp\/v2\/posts\/39355\/revisions\/39356"}],"wp:attachment":[{"href":"https:\/\/gazdasagportal.hu\/index.php\/wp-json\/wp\/v2\/media?parent=39355"}],"wp:term":[{"taxonomy":"category","embeddable":true,"href":"https:\/\/gazdasagportal.hu\/index.php\/wp-json\/wp\/v2\/categories?post=39355"},{"taxonomy":"post_tag","embeddable":true,"href":"https:\/\/gazdasagportal.hu\/index.php\/wp-json\/wp\/v2\/tags?post=39355"}],"curies":[{"name":"wp","href":"https:\/\/api.w.org\/{rel}","templated":true}]}}