{"id":39302,"date":"2014-07-14T11:10:17","date_gmt":"2014-07-14T09:10:17","guid":{"rendered":"http:\/\/stockportal.hu\/?p=39302"},"modified":"2014-07-14T11:10:17","modified_gmt":"2014-07-14T09:10:17","slug":"ukran-valsag-friss-orosz-lapertesules-szerint-moszkva-celzott-valaszcsapasokat-fontolgat","status":"publish","type":"post","link":"https:\/\/gazdasagportal.hu\/index.php\/ukran-valsag-friss-orosz-lapertesules-szerint-moszkva-celzott-valaszcsapasokat-fontolgat\/","title":{"rendered":"Ukr\u00e1n v\u00e1ls\u00e1g &#8211; Friss orosz lap\u00e9rtes\u00fcl\u00e9s szerint: Moszkva c\u00e9lzott v\u00e1laszcsap\u00e1sokat fontolgat?"},"content":{"rendered":"<p><strong>Friss orosz lap\u00e9rtes\u00fcl\u00e9s szerint Moszkva ukr\u00e1n ter\u00fcletre m\u00e9rend\u0151 c\u00e9lzott katonai csap\u00e1sokat fontolgat, v\u00e1laszul arra, hogy vas\u00e1rnap m\u00e1r hal\u00e1los \u00e1ldozatot k\u00f6vetelt egy, a szomsz\u00e9dos orsz\u00e1g ter\u00fclet\u00e9r\u0151l \u00e9rkez\u0151 l\u00f6ved\u00e9k.<\/strong><!--more--><br \/>\n<div class=\"ads-in-post1\"><div id=\"gazdasagportal.hu_fullbanner_wideboard\"><\/div>\r\n<\/div>\n<p>    A Kommerszant c\u00edm\u0171 orosz napilap \u00e1ltal megk\u00e9rdezett szak\u00e9rt\u0151k szerint azonban a Kreml aligha sz\u00e1nja el mag\u00e1t a katonai beavatkoz\u00e1sra.<br \/>\n    A fegyveres konfliktusnak el\u0151sz\u00f6r estek \u00e1ldozat\u00e1ul orosz \u00e1llampolg\u00e1rok orsz\u00e1guk ter\u00fclet\u00e9n. A d\u00e9lkelet-ukrajnai Luhanszk \u00e9s Donyeck megy\u00e9kkel hat\u00e1ros d\u00e9l-oroszorsz\u00e1gi Rosztovi ter\u00fcleten vas\u00e1rnap egy f\u00e9rfi meghalt, egy id\u0151s asszony s\u00falyosan, k\u00e9t m\u00e1sik n\u0151 k\u00f6nnyebben megs\u00e9r\u00fclt.<br \/>\n    Az Oroszorsz\u00e1g ter\u00fclet\u00e9n l\u00e9v\u0151 Donyeck v\u00e1ros sz\u00e9l\u00e9n, a Baltyijszkaja utc\u00e1t\u00f3l, ahova becsap\u00f3dtak a l\u00f6ved\u00e9kek, 5 percnyi \u00fatra van az izvarin\u00f3i hat\u00e1r\u00e1tkel\u0151, amelynek birtokl\u00e1s\u00e1\u00e9rt k\u00e9t hete folynak harcok az ukr\u00e1n hadsereg \u00e9s az oroszbar\u00e1t felkel\u0151k k\u00f6z\u00f6tt. Az orosz-ukr\u00e1n \u00e1llamhat\u00e1r p\u00e1r sz\u00e1z m\u00e9terre van az orosz Donyeckt\u0151l.<br \/>\n    A v\u00e1rost\u00f3l nem messze, ukr\u00e1n ter\u00fcleten van a felkel\u0151k b\u00e1zisa, ez\u00e9rt l\u00f6vi azt rendszeresen az ukr\u00e1n t\u00fcz\u00e9rs\u00e9g. Izvarino az\u00e9rt fontos a felkel\u0151knek, mert &#8222;azon kereszt\u00fcl \u00e9rkeznek hozz\u00e1juk az \u00f6nk\u00e9ntesek \u00e9s a humanit\u00e1rius sz\u00e1ll\u00edtm\u00e1nyok&#8221;. Azt k\u00f6vet\u0151en, hogy a felkel\u0151k feladt\u00e1k n\u00e9h\u00e1ny fontos \u00e1ll\u00e1sukat az ukrajnai Donyeck megy\u00e9ben, a hat\u00e1r\u00f6vezetben \u00fajabb er\u0151s\u00edt\u00e9st kaptak: embereket \u00e9s neh\u00e9zfegyvereket &#8211; \u00edrta a Kommerszant.<br \/>\n    A hat\u00e1r menti telep\u00fcl\u00e9sen t\u00f6rt\u00e9nt trag\u00e9dia m\u00e9g jobban ki\u00e9lezte Moszkva \u00e9s Kijev am\u00fagy is fesz\u00fclt viszony\u00e1t. Az orosz k\u00fcl\u00fcgyminiszt\u00e9rium tiltakoz\u00f3 jegyz\u00e9k\u00e9ben arra figyelmeztetett, hogy az incidens &#8222;visszaford\u00edthatatlan k\u00f6vetkezm\u00e9nyekkel j\u00e1rhat, amelyek\u00e9rt az ukr\u00e1n f\u00e9l viseli a felel\u0151ss\u00e9get&#8221; &#8211; eml\u00e9keztetett a Kommerszant.<br \/>\n    A Kommerszant Kremlhez k\u00f6zeli forr\u00e1sa \u00fagy tudja, hogy Moszkva vizsg\u00e1lja annak lehet\u0151s\u00e9g\u00e9t, hogy &#8222;c\u00e9lzott v\u00e1laszcsap\u00e1sokat m\u00e9rjen&#8221; ukr\u00e1n ter\u00fcletre. A n\u00e9v n\u00e9lk\u00fcl nyilatkoz\u00f3 inform\u00e1tor szerint az orosz f\u00e9l &#8222;pontosan tudja, honnan l\u0151nek&#8221; Ukrajn\u00e1b\u00f3l. &#8222;A t\u00fcrelm\u00fcnk nem v\u00e9ges&#8221; &#8211; mondta az illet\u0151 a Kommerszantban h\u00e9tf\u0151n megjelent cikkben.<br \/>\n    A lap \u00e1ltal megk\u00e9rdezett k\u00fclpolitikai szak\u00e9rt\u0151k ugyanakkor azt gondolj\u00e1k, hogy &#8222;Moszkva aligha sz\u00e1nja r\u00e1 mag\u00e1t teljes \u00e9rt\u00e9k\u0171 er\u0151szakos forgat\u00f3k\u00f6nyv megval\u00f3s\u00edt\u00e1s\u00e1ra&#8221;. Dmitrij Polikanov, a PIR K\u00f6zpont nev\u0171 politol\u00f3giai c\u00e9g aleln\u00f6ke szerint &#8222;az orosz vezet\u00e9s t\u00f6k\u00e9letesen \u00e9rti, milyen hossz\u00fa t\u00e1v\u00fa k\u00f6vetkezm\u00e9nyekkel j\u00e1rna egy ilyen beavatkoz\u00e1s Ukrajn\u00e1ban&#8221;.<br \/>\n    Dmitrij Trenyin, a moszkvai Carnegie K\u00f6zpont igazgat\u00f3ja \u00fagy v\u00e9lte, annak ellen\u00e9re, hogy a rosztovi ter\u00fcleti tragikus esetnek nagy visszhangja volt, aligha v\u00e1ltozik az orosz \u00e1llamf\u0151 Ukrajna-strat\u00e9gi\u00e1ja. Vlagyimir Putyin Oroszorsz\u00e1g \u00e9rdekeinek \u00e9rv\u00e9nyes\u00edt\u00e9s\u00e9re t\u00f6rekszik an\u00e9lk\u00fcl, hogy k\u00f6zvetlen\u00fcl beavatkozna az ukrajnai szemben\u00e1ll\u00e1sba. Az ugyanis v\u00e9gleges szak\u00edt\u00e1shoz vezetne a nyugati \u00e1llamok, k\u00fcl\u00f6n\u00f6sen az EU \u00e9s Moszkva k\u00f6z\u00f6tt. Trenyin hat\u00e1rozott diplom\u00e1ciai l\u00e9p\u00e9seket v\u00e1r el Moszkv\u00e1t\u00f3l, \u00e9s nem gondolja, hogy azt katonai fell\u00e9p\u00e9s k\u00f6vetn\u00e9, bele\u00e9rtve orosz b\u00e9kefenntart\u00f3k k\u00fcld\u00e9s\u00e9t Ukrajn\u00e1ba.<br \/>\n    Andrej Kortunov, az orosz Nemzetk\u00f6zi Kapcsolatok Tan\u00e1csa nev\u0171 szervezet vezet\u0151je arra figyelmeztetett, hogy a kelet-ukrajnai konfliktus nem korl\u00e1tozhat\u00f3 Ukrajna ter\u00fclet\u00e9re, \u00e9s annak kiterjed\u00e9se sz\u00e1mos vesz\u00e9lyt jelent Oroszorsz\u00e1g biztons\u00e1g\u00e1ra. (MTI)<br \/>\n    &#8222;Mindk\u00e9t oldalon vannak olyan er\u0151k, amelyek \u00e9rdekeltek abban, hogy Oroszorsz\u00e1got provok\u00e1lj\u00e1k \u00e9s ez\u00e1ltal bevonj\u00e1k az Ukrajn\u00e1ban foly\u00f3 h\u00e1bor\u00faba&#8221; &#8211; mondta. Az orosz szak\u00e9rt\u0151 ez\u00e9rt az eddigin\u00e9l m\u00e9g id\u0151szer\u0171bbnek tartja a politikai rendez\u00e9st.<br \/>\n    (Forr\u00e1s: www.kommersant.ru\/doc\/2524914)<\/p>\n","protected":false},"excerpt":{"rendered":"<p>Friss orosz lap\u00e9rtes\u00fcl\u00e9s szerint Moszkva ukr\u00e1n ter\u00fcletre m\u00e9rend\u0151 c\u00e9lzott katonai csap\u00e1sokat fontolgat, v\u00e1laszul arra, hogy vas\u00e1rnap m\u00e1r hal\u00e1los \u00e1ldozatot k\u00f6vetelt egy, a szomsz\u00e9dos orsz\u00e1g ter\u00fclet\u00e9r\u0151l \u00e9rkez\u0151 l\u00f6ved\u00e9k.<\/p>\n","protected":false},"author":1,"featured_media":0,"comment_status":"open","ping_status":"closed","sticky":false,"template":"","format":"standard","meta":[],"categories":[139],"tags":[],"_links":{"self":[{"href":"https:\/\/gazdasagportal.hu\/index.php\/wp-json\/wp\/v2\/posts\/39302"}],"collection":[{"href":"https:\/\/gazdasagportal.hu\/index.php\/wp-json\/wp\/v2\/posts"}],"about":[{"href":"https:\/\/gazdasagportal.hu\/index.php\/wp-json\/wp\/v2\/types\/post"}],"author":[{"embeddable":true,"href":"https:\/\/gazdasagportal.hu\/index.php\/wp-json\/wp\/v2\/users\/1"}],"replies":[{"embeddable":true,"href":"https:\/\/gazdasagportal.hu\/index.php\/wp-json\/wp\/v2\/comments?post=39302"}],"version-history":[{"count":1,"href":"https:\/\/gazdasagportal.hu\/index.php\/wp-json\/wp\/v2\/posts\/39302\/revisions"}],"predecessor-version":[{"id":39303,"href":"https:\/\/gazdasagportal.hu\/index.php\/wp-json\/wp\/v2\/posts\/39302\/revisions\/39303"}],"wp:attachment":[{"href":"https:\/\/gazdasagportal.hu\/index.php\/wp-json\/wp\/v2\/media?parent=39302"}],"wp:term":[{"taxonomy":"category","embeddable":true,"href":"https:\/\/gazdasagportal.hu\/index.php\/wp-json\/wp\/v2\/categories?post=39302"},{"taxonomy":"post_tag","embeddable":true,"href":"https:\/\/gazdasagportal.hu\/index.php\/wp-json\/wp\/v2\/tags?post=39302"}],"curies":[{"name":"wp","href":"https:\/\/api.w.org\/{rel}","templated":true}]}}