{"id":39272,"date":"2014-07-13T21:45:51","date_gmt":"2014-07-13T19:45:51","guid":{"rendered":"http:\/\/stockportal.hu\/?p=39272"},"modified":"2014-07-13T21:45:51","modified_gmt":"2014-07-13T19:45:51","slug":"uj-part-nyerte-meg-a-szloven-valasztasokat-az-exit-poll-szerint","status":"publish","type":"post","link":"https:\/\/gazdasagportal.hu\/index.php\/uj-part-nyerte-meg-a-szloven-valasztasokat-az-exit-poll-szerint\/","title":{"rendered":"\u00daj p\u00e1rt nyerte meg a szlov\u00e9n v\u00e1laszt\u00e1sokat az exit poll szerint"},"content":{"rendered":"<p><strong>Miro Cerar jog\u00e1szprofesszor alig egy h\u00f3napja alak\u00edtott p\u00e1rtja nyerte meg a vas\u00e1rnapi el\u0151re hozott parlamenti v\u00e1laszt\u00e1sokat Szlov\u00e9ni\u00e1ban a TV Slovenija \u00e9s a POP TV \u00e1ltal az interneten k\u00f6zz\u00e9tett exit poll szerint.<\/strong><!--more--><br \/>\n<div class=\"ads-in-post1\"><div id=\"gazdasagportal.hu_fullbanner_wideboard\"><\/div>\r\n<\/div>\n<p>    A szavaz\u00f3helyis\u00e9gek elhagy\u00e1sa ut\u00e1n v\u00e9gzett k\u00f6zv\u00e9lem\u00e9ny-kutat\u00e1s eredm\u00e9nyei azt mutatj\u00e1k, hogy a baloldali Miro Cerar P\u00e1rtja (SMC) a voksok 37 sz\u00e1zal\u00e9k\u00e1t szerezte meg, b\u0151 17 sz\u00e1zal\u00e9kkal megel\u0151zve a m\u00e1sodik helyre befut\u00f3, ellenz\u00e9ki jobbk\u00f6z\u00e9p Szlov\u00e9n Demokrata P\u00e1rtot (SDS). A felm\u00e9r\u00e9s szerint a harmadik helyen a balk\u00f6z\u00e9p Szlov\u00e9n Nyugd\u00edjasok Demokrata P\u00e1rtja (DeSUS) v\u00e9gzett.<br \/>\n    Az SDS a felm\u00e9r\u00e9s eredm\u00e9nyeinek ismeret\u00e9ben bejelentette, hogy nem ismerik el a v\u00e1laszt\u00e1s tisztess\u00e9g\u00e9t. Indokl\u00e1sul vezet\u0151j\u00fck, Janez Jansa egykori korm\u00e1nyf\u0151 beb\u00f6rt\u00f6nz\u00e9s\u00e9t hozt\u00e1k fel.<br \/>\n    A p\u00e1rt helyettes vezet\u0151je, Zvonko Cernac szerint megv\u00e1lasztott k\u00e9pvisel\u0151ik ki fogj\u00e1k t\u00f6lteni mand\u00e1tumukat, de nem fognak bet\u00f6lteni semmilyen poz\u00edci\u00f3t a parlamentben, \u00e9s alkalmi alapon d\u00f6ntik majd el, hogy r\u00e9szt vesznek-e az egyes \u00fcl\u00e9seken.<br \/>\n    A legnagyobb meglepet\u00e9st az Egyes\u00fclt Baloldal okozta \u2013 a jelent\u00e9sek szerint -, mert az exit poll szerint a voksok legal\u00e1bb 7 sz\u00e1zal\u00e9k\u00e1t szerezte meg, mik\u00f6zben a v\u00e1laszt\u00e1st megel\u0151z\u0151 utols\u00f3 k\u00f6zv\u00e9lem\u00e9ny-kutat\u00e1s azt mutatta, hogy alig \u00e9rik majd el a 4 sz\u00e1zal\u00e9kos parlamenti k\u00fcsz\u00f6b\u00f6t.<br \/>\n    Amennyiben az exit poll eredm\u00e9nyei pontosnak bizonyulnak, a szlov\u00e9n t\u00f6rv\u00e9nyhoz\u00e1s 90 f\u0151s als\u00f3h\u00e1z\u00e1ban helye lesz m\u00e9g a Szoci\u00e1ldemokrat\u00e1knak (5,8 sz\u00e1zal\u00e9k), a kereszt\u00e9ny ir\u00e1nyults\u00e1g\u00fa \u00daj Szlov\u00e9ni\u00e1nak (5,4 sz\u00e1zal\u00e9k) \u00e9s a lemondott korm\u00e1nyf\u0151 \u00faj balk\u00f6z\u00e9p p\u00e1rtj\u00e1nak, az Alenka Bratusek Sz\u00f6vets\u00e9g\u00e9nek (4,7 sz\u00e1zal\u00e9k). H\u00e1rom eddigi parlamenti p\u00e1rtnak viszont nem siker\u00fclt \u00fajr\u00e1znia.<br \/>\n    A k\u00f6zponti v\u00e1laszt\u00e1si bizotts\u00e1g adatai alapj\u00e1n 16 \u00f3r\u00e1ig a szavaz\u00e1sra jogosult 1 milli\u00f3 714 ezer 476 szlov\u00e9n \u00e1llampolg\u00e1r 35,67 sz\u00e1zal\u00e9ka j\u00e1rult az urn\u00e1k el\u00e9. Ez alacsonyabb r\u00e9szv\u00e9tel, mint a kor\u00e1bbi \u00e9vekben, 2011-ben p\u00e9ld\u00e1ul 16 \u00f3r\u00e1ig a v\u00e1laszt\u00f3k 48,5 sz\u00e1zal\u00e9ka adta le a voks\u00e1t. A legt\u00f6bben 1990-ben szavaztak, amikor a f\u00fcggetlens\u00e9gi n\u00e9pszavaz\u00e1son 16 \u00f3r\u00e1ig m\u00e1r a v\u00e1laszt\u00f3k 81,91 sz\u00e1zal\u00e9ka voksolt.<br \/>\n    A szlov\u00e9nek 19 \u00f3r\u00e1ig szavazhattak a 17 p\u00e1rt, valamint v\u00e1laszt\u00e1si lista egyik\u00e9re Szlov\u00e9nia 3140 szavaz\u00f3hely\u00e9n \u00e9s 32 diplom\u00e1ciai k\u00fclk\u00e9pviseleten.<br \/>\n    A szlov\u00e9n t\u00f6rv\u00e9nyhoz\u00e1s 90 mand\u00e1tum\u00e1\u00e9rt 1134 jel\u00f6lt verseng, 43 sz\u00e1zal\u00e9kuk n\u0151.<br \/>\n    A v\u00e9gleges \u00e9s hivatalos eredm\u00e9nyeket a lev\u00e9lszavazatok be\u00e9rkez\u00e9se \u00e9s feldolgoz\u00e1sa ut\u00e1n teszik k\u00f6zz\u00e9 v\u00e1rhat\u00f3an j\u00falius 29-\u00e9n. A Nemzetgy\u0171l\u00e9s alakul\u00f3 \u00fcl\u00e9s\u00e9t az el\u0151zetes tervek alapj\u00e1n augusztus 1-j\u00e9n tartj\u00e1k, amikor az \u00faj k\u00e9pvisel\u0151k leteszik esk\u00fcj\u00fcket, \u00e9s megv\u00e1lasztj\u00e1k a parlament eln\u00f6k\u00e9t.(MTI)<\/p>\n","protected":false},"excerpt":{"rendered":"<p>Miro Cerar jog\u00e1szprofesszor alig egy h\u00f3napja alak\u00edtott p\u00e1rtja nyerte meg a vas\u00e1rnapi el\u0151re hozott parlamenti v\u00e1laszt\u00e1sokat Szlov\u00e9ni\u00e1ban a TV Slovenija \u00e9s a POP TV \u00e1ltal az interneten k\u00f6zz\u00e9tett exit poll szerint.<\/p>\n","protected":false},"author":1,"featured_media":0,"comment_status":"open","ping_status":"closed","sticky":false,"template":"","format":"standard","meta":[],"categories":[12],"tags":[],"_links":{"self":[{"href":"https:\/\/gazdasagportal.hu\/index.php\/wp-json\/wp\/v2\/posts\/39272"}],"collection":[{"href":"https:\/\/gazdasagportal.hu\/index.php\/wp-json\/wp\/v2\/posts"}],"about":[{"href":"https:\/\/gazdasagportal.hu\/index.php\/wp-json\/wp\/v2\/types\/post"}],"author":[{"embeddable":true,"href":"https:\/\/gazdasagportal.hu\/index.php\/wp-json\/wp\/v2\/users\/1"}],"replies":[{"embeddable":true,"href":"https:\/\/gazdasagportal.hu\/index.php\/wp-json\/wp\/v2\/comments?post=39272"}],"version-history":[{"count":1,"href":"https:\/\/gazdasagportal.hu\/index.php\/wp-json\/wp\/v2\/posts\/39272\/revisions"}],"predecessor-version":[{"id":39273,"href":"https:\/\/gazdasagportal.hu\/index.php\/wp-json\/wp\/v2\/posts\/39272\/revisions\/39273"}],"wp:attachment":[{"href":"https:\/\/gazdasagportal.hu\/index.php\/wp-json\/wp\/v2\/media?parent=39272"}],"wp:term":[{"taxonomy":"category","embeddable":true,"href":"https:\/\/gazdasagportal.hu\/index.php\/wp-json\/wp\/v2\/categories?post=39272"},{"taxonomy":"post_tag","embeddable":true,"href":"https:\/\/gazdasagportal.hu\/index.php\/wp-json\/wp\/v2\/tags?post=39272"}],"curies":[{"name":"wp","href":"https:\/\/api.w.org\/{rel}","templated":true}]}}