{"id":39262,"date":"2014-07-13T16:55:39","date_gmt":"2014-07-13T14:55:39","guid":{"rendered":"http:\/\/stockportal.hu\/?p=39262"},"modified":"2014-07-13T16:55:39","modified_gmt":"2014-07-13T14:55:39","slug":"gazai-konfliktus-kulugy-harom-kettos-allampolgarsagu-csalad-van-gazaban","status":"publish","type":"post","link":"https:\/\/gazdasagportal.hu\/index.php\/gazai-konfliktus-kulugy-harom-kettos-allampolgarsagu-csalad-van-gazaban\/","title":{"rendered":"G\u00e1zai konfliktus &#8211; K\u00fcl\u00fcgy: h\u00e1rom kett\u0151s \u00e1llampolg\u00e1rs\u00e1g\u00fa csal\u00e1d van G\u00e1z\u00e1ban"},"content":{"rendered":"<p><strong>A tel-avivi magyar nagyk\u00f6vets\u00e9g h\u00e1rom csal\u00e1dr\u00f3l, azaz 15 kett\u0151s \u00e1llampolg\u00e1rr\u00f3l tud G\u00e1z\u00e1ban &#8211; k\u00f6z\u00f6lte a K\u00fclgazdas\u00e1gi \u00e9s K\u00fcl\u00fcgyminiszt\u00e9rium vas\u00e1rnap az MTI-vel. A miniszt\u00e9rium azt javasolja, azok, akik megtehetik, ink\u00e1bb halassz\u00e1k el \u00fatjukat Izraelbe.<!--more--><\/strong><br \/>\n<div class=\"ads-in-post1\"><div id=\"gazdasagportal.hu_fullbanner_wideboard\"><\/div>\r\n<\/div>\n<p>A k\u00f6zlem\u00e9ny szerint a nagyk\u00f6vets\u00e9g folyamatosan tartja a kapcsolatot a magyar-palesztin csal\u00e1dokkal, amelyek k\u00f6z\u00fcl kett\u0151 nem akarja G\u00e1z\u00e1t elhagyni.<br \/>\nMint \u00edrt\u00e1k, a harmadik csal\u00e1d tagjainak rom\u00e1n \u00e1llampolg\u00e1rs\u00e1ga is van, \u0151k a rom\u00e1n konzul seg\u00edts\u00e9g\u00e9vel m\u00e1r kimenek\u00fcltek G\u00e1z\u00e1b\u00f3l.<br \/>\nA miniszt\u00e9rium t\u00e1j\u00e9koztat\u00e1sa szerint a tel-avivi magyar nagyk\u00f6vets\u00e9gnek tudom\u00e1sa van arr\u00f3l is, hogy az egyik maradni k\u00edv\u00e1n\u00f3 csal\u00e1dn\u00e1l a nagymama \u00e9pp l\u00e1togat\u00f3ban van, \u00e9s az \u0151 t\u00e1voz\u00e1s\u00e1t most szervezik az ENSZ seg\u00edts\u00e9g\u00e9vel. A nagyk\u00f6vets\u00e9g felvette vele is a kapcsolatot, \u00e9s mindent elk\u00f6vetnek, hogy min\u00e9l hamarabb kijusson G\u00e1z\u00e1b\u00f3l &#8211; tett\u00e9k hozz\u00e1.<br \/>\nA szakt\u00e1rca az izraeli helyzetr\u0151l azt \u00edrta, hogy &#8222;az \u00e9let a k\u00f6r\u00fclm\u00e9nyekhez k\u00e9pest norm\u00e1lis mederben folyik&#8221;, de Izrael d\u00e9li \u00e9s k\u00f6z\u00e9ps\u0151 r\u00e9sz\u00e9t, bele\u00e9rtve Tel-Avivot \u00e9s Jeruzs\u00e1lemet is l\u00f6vi a Hamasz G\u00e1z\u00e1b\u00f3l.<br \/>\nA k\u00fcl\u00fcgyminiszt\u00e9rium azt k\u00e9ri, azok, akik megtehetik, ink\u00e1bb halassz\u00e1k el az \u00fatjukat Izraelbe, akik kiutaznak, folyamatosan t\u00e1j\u00e9koz\u00f3djanak a miniszt\u00e9rium konzuli oszt\u00e1ly\u00e1nak a honlapj\u00e1n (MTI)(http:\/\/konzuliszolgalat.kormany.hu\/azsia?izrael), illetve a tel-avivi magyar nagyk\u00f6vets\u00e9g Facebook-oldal\u00e1n (https:\/\/www.facebook.com\/hungaryinisrael).<\/p>\n","protected":false},"excerpt":{"rendered":"<p>A tel-avivi magyar nagyk\u00f6vets\u00e9g h\u00e1rom csal\u00e1dr\u00f3l, azaz 15 kett\u0151s \u00e1llampolg\u00e1rr\u00f3l tud G\u00e1z\u00e1ban &#8211; k\u00f6z\u00f6lte a K\u00fclgazdas\u00e1gi \u00e9s K\u00fcl\u00fcgyminiszt\u00e9rium vas\u00e1rnap az MTI-vel. A miniszt\u00e9rium azt javasolja, azok, akik megtehetik, ink\u00e1bb halassz\u00e1k el \u00fatjukat Izraelbe.<\/p>\n","protected":false},"author":1,"featured_media":0,"comment_status":"open","ping_status":"closed","sticky":false,"template":"","format":"standard","meta":[],"categories":[16],"tags":[],"_links":{"self":[{"href":"https:\/\/gazdasagportal.hu\/index.php\/wp-json\/wp\/v2\/posts\/39262"}],"collection":[{"href":"https:\/\/gazdasagportal.hu\/index.php\/wp-json\/wp\/v2\/posts"}],"about":[{"href":"https:\/\/gazdasagportal.hu\/index.php\/wp-json\/wp\/v2\/types\/post"}],"author":[{"embeddable":true,"href":"https:\/\/gazdasagportal.hu\/index.php\/wp-json\/wp\/v2\/users\/1"}],"replies":[{"embeddable":true,"href":"https:\/\/gazdasagportal.hu\/index.php\/wp-json\/wp\/v2\/comments?post=39262"}],"version-history":[{"count":1,"href":"https:\/\/gazdasagportal.hu\/index.php\/wp-json\/wp\/v2\/posts\/39262\/revisions"}],"predecessor-version":[{"id":39263,"href":"https:\/\/gazdasagportal.hu\/index.php\/wp-json\/wp\/v2\/posts\/39262\/revisions\/39263"}],"wp:attachment":[{"href":"https:\/\/gazdasagportal.hu\/index.php\/wp-json\/wp\/v2\/media?parent=39262"}],"wp:term":[{"taxonomy":"category","embeddable":true,"href":"https:\/\/gazdasagportal.hu\/index.php\/wp-json\/wp\/v2\/categories?post=39262"},{"taxonomy":"post_tag","embeddable":true,"href":"https:\/\/gazdasagportal.hu\/index.php\/wp-json\/wp\/v2\/tags?post=39262"}],"curies":[{"name":"wp","href":"https:\/\/api.w.org\/{rel}","templated":true}]}}