{"id":39258,"date":"2014-07-13T18:17:52","date_gmt":"2014-07-13T16:17:52","guid":{"rendered":"http:\/\/stockportal.hu\/?p=39258"},"modified":"2014-07-14T14:04:40","modified_gmt":"2014-07-14T12:04:40","slug":"szijjarto-videki-kepviseleti-halozatot-hoz-letre-az-eximbank","status":"publish","type":"post","link":"https:\/\/gazdasagportal.hu\/index.php\/szijjarto-videki-kepviseleti-halozatot-hoz-letre-az-eximbank\/","title":{"rendered":"Szijj\u00e1rt\u00f3: vid\u00e9ki k\u00e9pviseleti h\u00e1l\u00f3zatot hoz l\u00e9tre az Eximbank"},"content":{"rendered":"<p><strong>Vid\u00e9ki k\u00e9pviseleti h\u00e1l\u00f3zatot hoz l\u00e9tre az Exmibank. A magyar export\u0151r\u00f6ket seg\u00edt\u0151 p\u00e9nzint\u00e9zet els\u0151 vid\u00e9ki irod\u00e1ja a ny\u00e1ron ny\u00edlik Gy\u0151rben &#8211; k\u00f6z\u00f6lte a K\u00fclgazdas\u00e1gi \u00e9s K\u00fcl\u00fcgyminiszt\u00e9rium parlamenti \u00e1llamtitk\u00e1ra vas\u00e1rnap az MTI-vel.<\/strong><!--more--><br \/>\n<div class=\"ads-in-post1\"><div id=\"gazdasagportal.hu_fullbanner_wideboard\"><\/div>\r\n<\/div>\n<p>Szijj\u00e1rt\u00f3 P\u00e9ter a h\u00e1l\u00f3zat l\u00e9trehoz\u00e1s\u00e1t azzal indokolta, hogy az Eximbank min\u00e9l t\u00f6bb kis- \u00e9s k\u00f6zepes v\u00e1llalkoz\u00e1snak (kkv) tudjon finansz\u00edroz\u00e1si h\u00e1tteret biztos\u00edtani a sikeres exporthoz, \u00e9s gyakorlatilag a sz\u00e9khely\u00fck\u00f6n tudja megsz\u00f3l\u00edtani a c\u00e9geket.<br \/>\nHozz\u00e1tette: a kkv-k m\u0171k\u00f6d\u00e9se ter\u00fcletileg j\u00f3val kev\u00e9sb\u00e9 koncentr\u00e1lt, mint a nagyv\u00e1llalatok\u00e9, \u00e9s j\u00f3val kisebb kapacit\u00e1suk van arra, hogy felt\u00e9rk\u00e9pezz\u00e9k a piaci lehet\u0151s\u00e9geket, valamint a k\u00fclpiacokon val\u00f3 \u00e9rv\u00e9nyes\u00fcl\u00e9shez sz\u00fcks\u00e9ges er\u0151forr\u00e1suk sem olyan nagym\u00e9rt\u00e9k\u0171.<br \/>\nT\u00e1j\u00e9koztat\u00e1sa szerint a m\u00e9g a ny\u00e1ron megny\u00edl\u00f3 gy\u0151ri iroda mellett nyolc vid\u00e9ki k\u00e9pviseletet nyitnak Sz\u00e9kesfeh\u00e9rv\u00e1ron, Nagykanizs\u00e1n, P\u00e9csen, Miskolcon, Debrecenben, Kecskem\u00e9ten \u00e9s Szegeden.<br \/>\nEml\u00e9keztetett: az Eximbanknak az a feladata, hogy a k\u00fclf\u00f6ldi piacokon \u00e9rv\u00e9nyes\u00fclni akar\u00f3 magyar c\u00e9geket, azon bel\u00fcl is a lehet\u0151 legnagyobb ar\u00e1nyban a kkv-kat t\u00e1mogassa az exportfejleszt\u00e9sben.<br \/>\nA banknak az is feladata, hogy seg\u00edtse a c\u00e9geket abban, hogy a k\u00fclf\u00f6ldi tendereken sikerrel szerepeljenek &#8211; ismertette.<br \/>\nSzijj\u00e1rt\u00f3 P\u00e9ter k\u00f6z\u00f6lte, a magyar export 75 sz\u00e1zal\u00e9k\u00e1t 850 nagyv\u00e1llalat, a fennmarad\u00f3 egynegyed\u00e9t mintegy 9100 kis- \u00e9s k\u00f6zepes v\u00e1llalkoz\u00e1s bonyol\u00edtja, ezek k\u00f6zel h\u00e1romnegyede magyar.<br \/>\nAz \u00e1llamtitk\u00e1r azt mondta, szeretn\u00e9k, ha a magyar k\u00fclgazdas\u00e1g f\u00f6ldrajzilag is t\u00f6bb l\u00e1bon \u00e1llna: vagyis ha Magyarorsz\u00e1g nem lenne nagyon r\u00e1utalva az eur\u00f3pai uni\u00f3s piacok fejl\u0151d\u00e9s\u00e9re.<br \/>\nA korm\u00e1ny azt is szeretn\u00e9, ha az orsz\u00e1g nem lenne annyira kit\u00e9ve a nagyv\u00e1llalatok termel\u00e9sszervez\u00e9si d\u00f6nt\u00e9seinek, \u00e9s a magyar kkv-k is egyre nagyobb szerepet tudn\u00e1nak j\u00e1tszani az exportban &#8211; fejtette ki.(MTI)<\/p>\n<p>&nbsp;<\/p>\n<p>&nbsp;<\/p><div id=\"gazda-3670301902\" class=\"gazda-tartalomban gazda-entity-placement\"><script async src=\"https:\/\/pagead2.googlesyndication.com\/pagead\/js\/adsbygoogle.js\"><\/script>\r\n<ins class=\"adsbygoogle\"\r\n     style=\"display:block\"\r\n     data-ad-format=\"fluid\"\r\n     data-ad-layout-key=\"-6t+ed+2i-1n-4w\"\r\n     data-ad-client=\"ca-pub-1959107119989764\"\r\n     data-ad-slot=\"4008251320\"><\/ins>\r\n<script>\r\n     (adsbygoogle = window.adsbygoogle || []).push({});\r\n<\/script><\/div>\n<p> [s_static_display codes] <\/p>\n[s_static_display codes=&#8221;UAHHUF=X&#8221;] <\/p>\n","protected":false},"excerpt":{"rendered":"<p>Vid\u00e9ki k\u00e9pviseleti h\u00e1l\u00f3zatot hoz l\u00e9tre az Exmibank. A magyar export\u0151r\u00f6ket seg\u00edt\u0151 p\u00e9nzint\u00e9zet els\u0151 vid\u00e9ki irod\u00e1ja a ny\u00e1ron ny\u00edlik Gy\u0151rben &#8211; k\u00f6z\u00f6lte a K\u00fclgazdas\u00e1gi \u00e9s K\u00fcl\u00fcgyminiszt\u00e9rium parlamenti \u00e1llamtitk\u00e1ra vas\u00e1rnap az MTI-vel.<\/p>\n","protected":false},"author":1,"featured_media":0,"comment_status":"open","ping_status":"closed","sticky":false,"template":"","format":"standard","meta":[],"categories":[19],"tags":[],"_links":{"self":[{"href":"https:\/\/gazdasagportal.hu\/index.php\/wp-json\/wp\/v2\/posts\/39258"}],"collection":[{"href":"https:\/\/gazdasagportal.hu\/index.php\/wp-json\/wp\/v2\/posts"}],"about":[{"href":"https:\/\/gazdasagportal.hu\/index.php\/wp-json\/wp\/v2\/types\/post"}],"author":[{"embeddable":true,"href":"https:\/\/gazdasagportal.hu\/index.php\/wp-json\/wp\/v2\/users\/1"}],"replies":[{"embeddable":true,"href":"https:\/\/gazdasagportal.hu\/index.php\/wp-json\/wp\/v2\/comments?post=39258"}],"version-history":[{"count":8,"href":"https:\/\/gazdasagportal.hu\/index.php\/wp-json\/wp\/v2\/posts\/39258\/revisions"}],"predecessor-version":[{"id":39334,"href":"https:\/\/gazdasagportal.hu\/index.php\/wp-json\/wp\/v2\/posts\/39258\/revisions\/39334"}],"wp:attachment":[{"href":"https:\/\/gazdasagportal.hu\/index.php\/wp-json\/wp\/v2\/media?parent=39258"}],"wp:term":[{"taxonomy":"category","embeddable":true,"href":"https:\/\/gazdasagportal.hu\/index.php\/wp-json\/wp\/v2\/categories?post=39258"},{"taxonomy":"post_tag","embeddable":true,"href":"https:\/\/gazdasagportal.hu\/index.php\/wp-json\/wp\/v2\/tags?post=39258"}],"curies":[{"name":"wp","href":"https:\/\/api.w.org\/{rel}","templated":true}]}}