{"id":39248,"date":"2014-07-13T14:21:18","date_gmt":"2014-07-13T12:21:18","guid":{"rendered":"http:\/\/stockportal.hu\/?p=39248"},"modified":"2014-07-13T13:42:09","modified_gmt":"2014-07-13T11:42:09","slug":"izraeli-kommandos-akcioval-indult-a-gazai-hadmuvelet-hatodik-napja","status":"publish","type":"post","link":"https:\/\/gazdasagportal.hu\/index.php\/izraeli-kommandos-akcioval-indult-a-gazai-hadmuvelet-hatodik-napja\/","title":{"rendered":"Izraeli kommand\u00f3s akci\u00f3val indult a g\u00e1zai hadm\u0171velet hatodik napja"},"content":{"rendered":"<p><strong>Az izraeli tengeri kommand\u00f3sok sz\u00e1razf\u00f6ldi akci\u00f3j\u00e1val, s az izraeli ter\u00fcletek elleni palesztin rak\u00e9tacsap\u00e1sokkal kezd\u0151d\u00f6tt vas\u00e1rnap az \u201eer\u0151s szikla\u201d hadm\u0171velet hatodik napja.<\/strong><!--more--><br \/>\n<div class=\"ads-in-post1\"><div id=\"gazdasagportal.hu_fullbanner_wideboard\"><\/div>\r\n<\/div>\n<p>    Rak\u00e9tavesz\u00e9lyt jelz\u0151 l\u00e9giriad\u00f3ra \u00e9bredtek az emberek az orsz\u00e1g d\u00e9li \u00e9s k\u00f6z\u00e9ps\u0151 r\u00e9sz\u00e9n reggel hatkor. A Ham\u00e1sz k\u00f6vetkezetesen az izraeli h\u00edrm\u0171sorokhoz id\u0151z\u00edti nagyobb t\u00e1mad\u00e1sait.<br \/>\n    Az izraeli hadsereg sz\u00f3viv\u0151je szerint hajnalban a tengeri kommand\u00f3sok sikeresen felsz\u00e1molt\u00e1k a Ham\u00e1sz radik\u00e1lis szervezet egyik rak\u00e9taind\u00edt\u00f3 \u00e1ll\u00e1s\u00e1t, amelyr\u0151l a nagy hat\u00f3t\u00e1vols\u00e1g\u00fa rak\u00e9t\u00e1kat ind\u00edtott\u00e1k. A radik\u00e1lis palesztin szervezet ugyanakkor azt k\u00f6z\u00f6lte, hogy fegyvereseik megakad\u00e1lyozt\u00e1k az izraeli kommand\u00f3 partrasz\u00e1ll\u00e1s\u00e1t.<br \/>\n    Izrael k\u00e9tsz\u00e1z g\u00e1zai c\u00e9lpontot l\u0151tt az elm\u00falt huszonn\u00e9gy \u00f3r\u00e1ban. A t\u00f6bbi k\u00f6z\u00f6tt \u00f6tvenh\u00e1rom f\u00f6ld alatti kil\u00f6v\u0151\u00e1llom\u00e1st, tizenegy rak\u00e9tak\u00e9sz\u00edt\u0151-m\u0171helyt \u00e9s rakt\u00e1rt, kilenc Ham\u00e1sz parancsnoks\u00e1got \u00e9s \u00f6t kik\u00e9pz\u0151t\u00e1bort.<br \/>\n    Vas\u00e1rnap reggel az izraeli hadsereg telefonon \u00e9s m\u00e1s eszk\u00f6z\u00f6kkel is felsz\u00f3l\u00edtotta az \u00f6vezet \u00e9szaki r\u00e9sz\u00e9nek lak\u00f3it, hogy hagyj\u00e1k el otthonaikat a v\u00e1rhat\u00f3 katonai akci\u00f3k idej\u00e9re.<br \/>\n    Szombaton G\u00e1z\u00e1b\u00f3l 129 rak\u00e9t\u00e1t l\u0151ttek Izraeli ter\u00fcletre, ezek k\u00f6z\u00fcl kilencet megsemmis\u00edtett a Vaskupola rak\u00e9tav\u00e9delmi rendszer. Jeruzs\u00e1lemben az esti l\u00e9giriad\u00f3 idej\u00e9n elhunyt sz\u00edvrohamban egy 74 \u00e9ves amerikai turista \u00e9s t\u00f6bben megsebes\u00fcltek, mert elestek, mik\u00f6zben az \u00f3v\u00f3helyre siettek.<br \/>\n    A szombat esti h\u00e1rom libanoni rak\u00e9tacsap\u00e1s nyom\u00e1n a polg\u00e1ri v\u00e9delem elrendelte az \u00f3v\u00f3helyek megnyit\u00e1s\u00e1t az orsz\u00e1g \u00e9szaki hat\u00e1r\u00e1n\u00e1l.<br \/>\n    Szombaton k\u00e9t, a G\u00e1zai \u00f6vezetb\u0151l kil\u0151tt rak\u00e9ta Ciszjord\u00e1ni\u00e1ban \u00e9rt f\u00f6ldet, az egyik Hebron v\u00e1ros lakott \u00f6vezet\u00e9ben. Az izraeli hadsereg biztons\u00e1gi el\u0151\u00edr\u00e1sokat vezetett be itt is.(MTI)<\/p>\n","protected":false},"excerpt":{"rendered":"<p>Az izraeli tengeri kommand\u00f3sok sz\u00e1razf\u00f6ldi akci\u00f3j\u00e1val, s az izraeli ter\u00fcletek elleni palesztin rak\u00e9tacsap\u00e1sokkal kezd\u0151d\u00f6tt vas\u00e1rnap az \u201eer\u0151s szikla\u201d hadm\u0171velet hatodik napja.<\/p>\n","protected":false},"author":1,"featured_media":0,"comment_status":"open","ping_status":"closed","sticky":false,"template":"","format":"standard","meta":[],"categories":[16],"tags":[],"_links":{"self":[{"href":"https:\/\/gazdasagportal.hu\/index.php\/wp-json\/wp\/v2\/posts\/39248"}],"collection":[{"href":"https:\/\/gazdasagportal.hu\/index.php\/wp-json\/wp\/v2\/posts"}],"about":[{"href":"https:\/\/gazdasagportal.hu\/index.php\/wp-json\/wp\/v2\/types\/post"}],"author":[{"embeddable":true,"href":"https:\/\/gazdasagportal.hu\/index.php\/wp-json\/wp\/v2\/users\/1"}],"replies":[{"embeddable":true,"href":"https:\/\/gazdasagportal.hu\/index.php\/wp-json\/wp\/v2\/comments?post=39248"}],"version-history":[{"count":1,"href":"https:\/\/gazdasagportal.hu\/index.php\/wp-json\/wp\/v2\/posts\/39248\/revisions"}],"predecessor-version":[{"id":39249,"href":"https:\/\/gazdasagportal.hu\/index.php\/wp-json\/wp\/v2\/posts\/39248\/revisions\/39249"}],"wp:attachment":[{"href":"https:\/\/gazdasagportal.hu\/index.php\/wp-json\/wp\/v2\/media?parent=39248"}],"wp:term":[{"taxonomy":"category","embeddable":true,"href":"https:\/\/gazdasagportal.hu\/index.php\/wp-json\/wp\/v2\/categories?post=39248"},{"taxonomy":"post_tag","embeddable":true,"href":"https:\/\/gazdasagportal.hu\/index.php\/wp-json\/wp\/v2\/tags?post=39248"}],"curies":[{"name":"wp","href":"https:\/\/api.w.org\/{rel}","templated":true}]}}