{"id":39244,"date":"2014-07-13T12:11:55","date_gmt":"2014-07-13T10:11:55","guid":{"rendered":"http:\/\/stockportal.hu\/?p=39244"},"modified":"2014-07-13T12:11:55","modified_gmt":"2014-07-13T10:11:55","slug":"gazai-konfliktus-a-hamasz-elutasitotta-az-egyiptomi-tuzszuneti-javaslatot","status":"publish","type":"post","link":"https:\/\/gazdasagportal.hu\/index.php\/gazai-konfliktus-a-hamasz-elutasitotta-az-egyiptomi-tuzszuneti-javaslatot\/","title":{"rendered":"G\u00e1zai konfliktus &#8211; A Ham\u00e1sz elutas\u00edtotta az egyiptomi t\u0171zsz\u00fcneti javaslatot"},"content":{"rendered":"<p><strong>A Ham\u00e1sz elutas\u00edtotta az egyiptomi t\u0171zsz\u00fcneti javaslatot &#8211; jelentette az izraeli sajt\u00f3 egyiptomi, palesztin \u00e9s izraeli forr\u00e1sokra hivatkozva. Kair\u00f3 a 2012-es meg\u00e1llapod\u00e1s \u00e9letre kelt\u00e9s\u00e9t szeretn\u00e9, amit Izrael a k\u00f6zl\u00e9sek szerint elfogadott.<\/strong><!--more--><br \/>\n<div class=\"ads-in-post1\"><div id=\"gazdasagportal.hu_fullbanner_wideboard\"><\/div>\r\n<\/div>\n<p>\u00a0\u00a0\u00a0\u00a0Az egyiptomi vezet\u00e9s azt javasolta, hogy Izrael \u00e9s a palesztinok negyven \u00f3r\u00e1ra f\u00fcggessz\u00e9k fel a harcokat, ami ut\u00e1n kidolgozn\u00e1k egy sz\u00e9lesk\u00f6r\u0171 t\u0171zsz\u00fcnet alapjait, de a Ham\u00e1sz elutas\u00edtotta ezt az aj\u00e1nlatot.<br \/>\n\u00a0\u00a0\u00a0\u00a0A javaslatot m\u00e1r t\u00f6bb napja \u00e1tadta az egyiptomi titkosszolg\u00e1lat Musza Abu Marzuknak, a Ham\u00e1sz politikai hivatala eln\u00f6khelyettes\u00e9nek, aki a katonai sz\u00e1rnnyal folytatott megbesz\u00e9l\u00e9st k\u00f6vet\u0151en visszautas\u00edtotta azt.<br \/>\n\u00a0\u00a0\u00a0\u00a0Kair\u00f3 szerint a szervezetnek v\u00e1llalnia kell a felel\u0151ss\u00e9get d\u00f6nt\u00e9s\u00e9\u00e9rt.<br \/>\n\u00a0\u00a0\u00a0\u00a0Szombaton Abdel-Fatt\u00e1h esz-Sz\u00edszi egyiptomi eln\u00f6k Kair\u00f3ban tal\u00e1lkozott Tony Blairrel, a k\u00f6zel-keleti kvartett (Ororszorsz\u00e1g, Egyes\u00fclt \u00c1llamok, ENSZ, EU) k\u00e9pvisel\u0151j\u00e9vel az Izrael \u00e9s a Ham\u00e1sz k\u00f6z\u00f6tti t\u0171zsz\u00fcnet \u00fcgy\u00e9ben. Az egyiptomi vezet\u0151 a 2012-es Felh\u0151oszlop hadm\u0171veletet lez\u00e1r\u00f3 t\u0171zsz\u00fcnet \u00fajj\u00e1\u00e9leszt\u00e9s\u00e9t szeretn\u00e9, amit Jeruzs\u00e1lem elfogadna, de G\u00e1za elutas\u00edt.<br \/>\n\u00a0\u00a0\u00a0\u00a0Az izraeli hadsereg az \u00f6vezet \u00e9szaki r\u00e9sz\u00e9n r\u00f6plapokon, SMS-ekkel \u00e9s el\u0151re r\u00f6gz\u00edtett telefon\u00fczenetekben felsz\u00f3l\u00edtotta az ott \u00e9l\u0151ket, hogy d\u00e9lig hagyj\u00e1k el otthonaikat. N\u00e9gyezren az UNRA &#8211; az ENSZ palesztinokat t\u00e1mogat\u00f3 seg\u00e9lyszervezet\u00e9nek &#8211; sz\u00e1ll\u00e1saira mentek &#8211; k\u00f6z\u00f6lte az izraeli k\u00f6zszolg\u00e1lati r\u00e1di\u00f3.<br \/>\n\u00a0\u00a0\u00a0\u00a0A katonas\u00e1g sz\u00f3viv\u0151je, Moti Alm\u00f3z alt\u00e1bornagy bejelentette, hogy az egys\u00e9gek a sz\u00e1razf\u00f6ldi offenz\u00edv\u00e1ra k\u00e9sz\u00fclnek, amit a korm\u00e1nyzati d\u00f6nt\u00e9s ut\u00e1n azonnal megind\u00edtanak.<br \/>\n\u00a0\u00a0\u00a0\u00a0Mintegy 670 palesztin kett\u0151s \u00e1llampolg\u00e1r t\u00e1vozott Izrael \u00e9s a k\u00fclf\u00f6ldi konzul\u00e1tusok seg\u00e9dlet\u00e9vel a G\u00e1zai \u00f6vezetb\u0151l reggel \u00f3ta &#8211; k\u00f6z\u00f6lte a hadsereg. Amerikai, norv\u00e9g, sv\u00e9d, belga \u00e9s m\u00e1s eur\u00f3pai orsz\u00e1gok \u00e1llampolg\u00e1rai hagyhatt\u00e1k el a h\u00e1bor\u00fas t\u00e9rs\u00e9get.<br \/>\n\u00a0\u00a0\u00a0\u00a0Jeruzs\u00e1lem \u00f3v\u00e1ros\u00e1ban zavarg\u00e1sok voltak vas\u00e1rnap reggel, k\u00e9t rend\u0151r megsebes\u00fclt a k\u0151dob\u00e1l\u00e1sban. A biztons\u00e1giak letart\u00f3ztattak t\u00edz, az \u00f6sszet\u0171z\u00e9sekben r\u00e9szt vev\u0151 palesztin fiatalt.(mti)<\/p>\n","protected":false},"excerpt":{"rendered":"<p>A Ham\u00e1sz elutas\u00edtotta az egyiptomi t\u0171zsz\u00fcneti javaslatot &#8211; jelentette az izraeli sajt\u00f3 egyiptomi, palesztin \u00e9s izraeli forr\u00e1sokra hivatkozva. Kair\u00f3 a 2012-es meg\u00e1llapod\u00e1s \u00e9letre kelt\u00e9s\u00e9t szeretn\u00e9, amit Izrael a k\u00f6zl\u00e9sek szerint elfogadott.<\/p>\n","protected":false},"author":1,"featured_media":0,"comment_status":"open","ping_status":"closed","sticky":false,"template":"","format":"standard","meta":[],"categories":[16],"tags":[],"_links":{"self":[{"href":"https:\/\/gazdasagportal.hu\/index.php\/wp-json\/wp\/v2\/posts\/39244"}],"collection":[{"href":"https:\/\/gazdasagportal.hu\/index.php\/wp-json\/wp\/v2\/posts"}],"about":[{"href":"https:\/\/gazdasagportal.hu\/index.php\/wp-json\/wp\/v2\/types\/post"}],"author":[{"embeddable":true,"href":"https:\/\/gazdasagportal.hu\/index.php\/wp-json\/wp\/v2\/users\/1"}],"replies":[{"embeddable":true,"href":"https:\/\/gazdasagportal.hu\/index.php\/wp-json\/wp\/v2\/comments?post=39244"}],"version-history":[{"count":1,"href":"https:\/\/gazdasagportal.hu\/index.php\/wp-json\/wp\/v2\/posts\/39244\/revisions"}],"predecessor-version":[{"id":39245,"href":"https:\/\/gazdasagportal.hu\/index.php\/wp-json\/wp\/v2\/posts\/39244\/revisions\/39245"}],"wp:attachment":[{"href":"https:\/\/gazdasagportal.hu\/index.php\/wp-json\/wp\/v2\/media?parent=39244"}],"wp:term":[{"taxonomy":"category","embeddable":true,"href":"https:\/\/gazdasagportal.hu\/index.php\/wp-json\/wp\/v2\/categories?post=39244"},{"taxonomy":"post_tag","embeddable":true,"href":"https:\/\/gazdasagportal.hu\/index.php\/wp-json\/wp\/v2\/tags?post=39244"}],"curies":[{"name":"wp","href":"https:\/\/api.w.org\/{rel}","templated":true}]}}