{"id":39242,"date":"2014-07-13T10:54:00","date_gmt":"2014-07-13T08:54:00","guid":{"rendered":"http:\/\/stockportal.hu\/?p=39242"},"modified":"2014-07-13T10:14:43","modified_gmt":"2014-07-13T08:14:43","slug":"devizahitelek-keddtol-itelkezesi-szunet-lesz-de-devizahiteles-ugyeket-targyal-a-birosag","status":"publish","type":"post","link":"https:\/\/gazdasagportal.hu\/index.php\/devizahitelek-keddtol-itelkezesi-szunet-lesz-de-devizahiteles-ugyeket-targyal-a-birosag\/","title":{"rendered":"Devizahitelek &#8211; Keddt\u0151l \u00edt\u00e9lkez\u00e9si sz\u00fcnet lesz, de devizahiteles \u00fcgyeket t\u00e1rgyal a b\u00edr\u00f3s\u00e1g"},"content":{"rendered":"<p><strong>Keddt\u0151l \u00edt\u00e9lkez\u00e9si sz\u00fcnet lesz az orsz\u00e1g b\u00edr\u00f3s\u00e1gain, de a soron k\u00edv\u00fcli \u00fcgyekben, amilyenek p\u00e9ld\u00e1ul a devizahiteles perek, folyamatos lesz a munka &#8211; k\u00f6z\u00f6lte az Orsz\u00e1gos B\u00edr\u00f3s\u00e1gi Hivatal (OBH).<\/strong><!--more--><br \/>\n<div class=\"ads-in-post1\"><div id=\"gazdasagportal.hu_fullbanner_wideboard\"><\/div>\r\n<\/div>\n<p>\u00a0\u00a0\u00a0\u00a0A kor\u00e1bban kialakult gyakorlat alapj\u00e1n az id\u00e9n ny\u00e1ron is j\u00falius 15-\u00e9t\u0151l augusztus 20-\u00e1ig tart a t\u00f6rv\u00e9nykez\u00e9si sz\u00fcnet.<br \/>\n\u00a0\u00a0\u00a0\u00a0Ez az id\u0151szak polg\u00e1ri \u00fcgyekben a hat\u00e1rid\u0151k sz\u00e1m\u00edt\u00e1sakor nem vehet\u0151 figyelembe. Ha p\u00e9ld\u00e1ul a h\u00f3napokban meg\u00e1llap\u00edtott hat\u00e1rid\u0151 augusztus 19-\u00e9n j\u00e1rna le &#8211; mivel az a nap m\u00e9g t\u00f6rv\u00e9nykez\u00e9si sz\u00fcnet -, a hat\u00e1rid\u0151 az augusztus 20-\u00e1t k\u00f6vet\u0151 els\u0151 munkanap.<br \/>\n\u00a0\u00a0\u00a0\u00a0A t\u00f6rv\u00e9nykez\u00e9si sz\u00fcnet id\u0151tartama alatt is t\u00e1rgyaland\u00f3 \u00fcgyek k\u00f6r\u00e9t a jogalkot\u00f3 hat\u00e1rozza meg. Nem vonatkozik a t\u00f6rv\u00e9nykez\u00e9si sz\u00fcnet azokra az \u00fcgyekre, amelyekre a t\u00f6rv\u00e9ny soron k\u00edv\u00fcli elj\u00e1r\u00e1st \u00edr el\u0151. Jelenleg ilyen p\u00e9ld\u00e1ul a sz\u00fcl\u0151i fel\u00fcgyeleti jog megsz\u00fcntet\u00e9se ir\u00e1nti per, a sajt\u00f3-helyreigaz\u00edt\u00e1si per, a megsz\u00fcntetett munkaviszony helyre\u00e1ll\u00edt\u00e1s\u00e1ra ir\u00e1nyul\u00f3 per, a kiemelt \u00fcgyek, az el\u0151zetes bizony\u00edt\u00e1s, a v\u00e9grehajt\u00e1si per, valamint azok a polg\u00e1ri perek, amelyekben a felek ezt k\u00f6z\u00f6sen k\u00e9rik.<br \/>\n\u00a0\u00a0\u00a0\u00a0Az Orsz\u00e1ggy\u0171l\u00e9s a napokban szavazta meg a K\u00fari\u00e1nak a p\u00e9nz\u00fcgyi int\u00e9zm\u00e9nyek fogyaszt\u00f3i k\u00f6lcs\u00f6nszerz\u0151d\u00e9seire vonatkoz\u00f3 jogegys\u00e9gi hat\u00e1rozat\u00e1val kapcsolatos egyes k\u00e9rd\u00e9sek rendez\u00e9s\u00e9r\u0151l sz\u00f3l\u00f3 t\u00f6rv\u00e9nyt, amely pontosan szab\u00e1lyozza a b\u00edr\u00f3s\u00e1gok sz\u00e1m\u00e1ra az \u00fcgyek elb\u00edr\u00e1l\u00e1s\u00e1ra ir\u00e1nyad\u00f3 elj\u00e1r\u00e1si szab\u00e1lyokat \u00e9s hat\u00e1rid\u0151ket.<br \/>\n\u00a0\u00a0\u00a0\u00a0A t\u00f6rv\u00e9ny \u00e9rtelm\u00e9ben felf\u00fcggesztik a folyamatban l\u00e9v\u0151, jobb\u00e1ra ad\u00f3sok \u00e1ltal ind\u00edtott, orsz\u00e1gszerte mintegy t\u00edzezer elj\u00e1r\u00e1st, amelyek k\u00f6z\u00fcl 4600 a f\u0151v\u00e1rosban zajlik. A t\u00f6rv\u00e9ny lehet\u0151v\u00e9 teszi p\u00e9nzint\u00e9zeteknek, hogy az egyoldal\u00fa szerz\u0151d\u00e9sm\u00f3dos\u00edt\u00e1sokkal kapcsolatban k\u00fcl\u00f6n pert kezdem\u00e9nyezzenek. Ezekben az \u00faj \u00fcgyekben az els\u0151fok\u00fa polg\u00e1ri elj\u00e1r\u00e1s lefolytat\u00e1s\u00e1ra a keresetlev\u00e9l be\u00e9rkez\u00e9s\u00e9t\u0151l sz\u00e1m\u00edtott 30 nap \u00e1ll a b\u00edr\u00f3s\u00e1g rendelkez\u00e9s\u00e9re, \u00e9s szint\u00e9n 30-30 napon bel\u00fcl kell a m\u00e1sodfok\u00fa, valamint a fel\u00fclvizsg\u00e1lati elj\u00e1r\u00e1st lefolytatni.<br \/>\n\u00a0\u00a0\u00a0\u00a0Ezekben az \u00fcgyekben az eg\u00e9sz orsz\u00e1g ter\u00fclet\u00e9re kiterjed\u0151en els\u0151 fokon a F\u0151v\u00e1rosi T\u00f6rv\u00e9nysz\u00e9k, m\u00e1sodfokon a F\u0151v\u00e1rosi \u00cdt\u00e9l\u0151t\u00e1bla illet\u00e9kes. Az OBH t\u00e1j\u00e9koztat\u00e1sa szerint a t\u00f6rv\u00e9ny nyom\u00e1n, a p\u00e9nzint\u00e9zetek sz\u00e1m\u00e1t alapul v\u00e9ve, k\u00f6r\u00fclbel\u00fcl 400 \u00faj perre lehet sz\u00e1m\u00edtani.<br \/>\n\u00a0\u00a0\u00a0\u00a0A b\u00fcntet\u0151\u00fcgyekben a b\u00edr\u00f3s\u00e1gok az \u00edt\u00e9lkez\u00e9si sz\u00fcnetben is folyamatosan ell\u00e1tj\u00e1k t\u00f6rv\u00e9nyi feladataikat &#8211; p\u00e9ld\u00e1ul a k\u00e9nyszerint\u00e9zked\u00e9sekkel kapcsolatban -, \u00e9s m\u0171k\u00f6dnek a c\u00e9gb\u00edr\u00f3s\u00e1gok is. A kezel\u0151irod\u00e1k nyitva tartanak, az \u00fcgyfelek beny\u00fajthatj\u00e1k beadv\u00e1nyaikat, \u00e9s az iratokba is betekinthetnek.<br \/>\n\u00a0\u00a0\u00a0\u00a0Az Orsz\u00e1gos B\u00edr\u00f3s\u00e1gi Hivatal szerint a F\u0151v\u00e1rosi T\u00f6rv\u00e9nysz\u00e9k helyzete az elm\u00falt \u00e9vekben bevezetett int\u00e9zked\u00e9seknek k\u00f6sz\u00f6nhet\u0151en javult, \u00edgy, ha nagy er\u0151fesz\u00edt\u00e9sek \u00e1r\u00e1n is, de el tudja l\u00e1tni a t\u00f6rv\u00e9nyben r\u00e1 r\u00f3tt feladatokat; ebben sz\u00e1m\u00edthat az OBH seg\u00edts\u00e9g\u00e9re \u00e9s t\u00e1mogat\u00e1s\u00e1ra. Jelenleg is zajlik annak felm\u00e9r\u00e9se, hogy az \u00faj \u00fcgyek milyen b\u00edr\u00f3s\u00e1gi kapacit\u00e1sokat ig\u00e9nyelnek.<br \/>\n\u00a0\u00a0\u00a0\u00a0A t\u00f6rv\u00e9nykez\u00e9si sz\u00fcnet j\u00f3l ismert a nemzetk\u00f6zi gyakorlatban, kedvez\u0151 az \u00fcgyfelekre, az \u00fczleti szf\u00e9r\u00e1ra \u00e9s a jogi k\u00e9pvisel\u0151kre n\u00e9zve is, hiszen erre az id\u0151szakra esnek a ny\u00e1ri szabads\u00e1gol\u00e1sok &#8211; k\u00f6z\u00f6lte az OBH.(mti)<\/p>\n","protected":false},"excerpt":{"rendered":"<p>Keddt\u0151l \u00edt\u00e9lkez\u00e9si sz\u00fcnet lesz az orsz\u00e1g b\u00edr\u00f3s\u00e1gain, de a soron k\u00edv\u00fcli \u00fcgyekben, amilyenek p\u00e9ld\u00e1ul a devizahiteles perek, folyamatos lesz a munka &#8211; k\u00f6z\u00f6lte az Orsz\u00e1gos B\u00edr\u00f3s\u00e1gi Hivatal (OBH).<\/p>\n","protected":false},"author":1,"featured_media":0,"comment_status":"open","ping_status":"closed","sticky":false,"template":"","format":"standard","meta":[],"categories":[19,112],"tags":[],"_links":{"self":[{"href":"https:\/\/gazdasagportal.hu\/index.php\/wp-json\/wp\/v2\/posts\/39242"}],"collection":[{"href":"https:\/\/gazdasagportal.hu\/index.php\/wp-json\/wp\/v2\/posts"}],"about":[{"href":"https:\/\/gazdasagportal.hu\/index.php\/wp-json\/wp\/v2\/types\/post"}],"author":[{"embeddable":true,"href":"https:\/\/gazdasagportal.hu\/index.php\/wp-json\/wp\/v2\/users\/1"}],"replies":[{"embeddable":true,"href":"https:\/\/gazdasagportal.hu\/index.php\/wp-json\/wp\/v2\/comments?post=39242"}],"version-history":[{"count":1,"href":"https:\/\/gazdasagportal.hu\/index.php\/wp-json\/wp\/v2\/posts\/39242\/revisions"}],"predecessor-version":[{"id":39243,"href":"https:\/\/gazdasagportal.hu\/index.php\/wp-json\/wp\/v2\/posts\/39242\/revisions\/39243"}],"wp:attachment":[{"href":"https:\/\/gazdasagportal.hu\/index.php\/wp-json\/wp\/v2\/media?parent=39242"}],"wp:term":[{"taxonomy":"category","embeddable":true,"href":"https:\/\/gazdasagportal.hu\/index.php\/wp-json\/wp\/v2\/categories?post=39242"},{"taxonomy":"post_tag","embeddable":true,"href":"https:\/\/gazdasagportal.hu\/index.php\/wp-json\/wp\/v2\/tags?post=39242"}],"curies":[{"name":"wp","href":"https:\/\/api.w.org\/{rel}","templated":true}]}}