{"id":39237,"date":"2014-07-13T09:45:00","date_gmt":"2014-07-13T07:45:00","guid":{"rendered":"http:\/\/stockportal.hu\/?p=39237"},"modified":"2014-07-13T07:04:57","modified_gmt":"2014-07-13T05:04:57","slug":"ukran-valsag-kelet-ukrajnai-orosz-szeparatistak-vannak-az-ujabb-unios-szankcios-listan","status":"publish","type":"post","link":"https:\/\/gazdasagportal.hu\/index.php\/ukran-valsag-kelet-ukrajnai-orosz-szeparatistak-vannak-az-ujabb-unios-szankcios-listan\/","title":{"rendered":"Ukr\u00e1n v\u00e1ls\u00e1g &#8211; Kelet-ukrajnai orosz szeparatist\u00e1k vannak az \u00fajabb uni\u00f3s szankci\u00f3s list\u00e1n"},"content":{"rendered":"<p><strong>Kelet-ukrajnai orosz szeparatista vezet\u0151k vannak azon a szombaton k\u00f6zz\u00e9tett 11 f\u0151s list\u00e1n, amellyel kieg\u00e9sz\u00edtett\u00e9k az ukrajnai v\u00e1ls\u00e1g kapcs\u00e1n eur\u00f3pai uni\u00f3s szankci\u00f3k \u00e1ltal s\u00fajtottak n\u00e9vsor\u00e1t.<\/strong><br \/>\n<!--more--><\/p>\n<div class=\"ads-in-post1\"><div id=\"gazdasagportal.hu_fullbanner_wideboard\"><\/div>\r\n<\/div>\n<p>    Az EU-orsz\u00e1gok k\u00fcl- \u00e9s biztons\u00e1gpolitikai k\u00e9rd\u00e9sekben illet\u00e9kes nagyk\u00f6vetei szerda este \u00e1llapodtak meg abban, hogy tov\u00e1bbi 11 olyan szem\u00e9lyt s\u00fajtanak b\u00fcntet\u0151 int\u00e9zked\u00e9sekkel, aki r\u00e9szt vesz az oroszbar\u00e1t kelet-ukrajnai felkel\u00e9sben.<br \/>\n    A neveket az\u00e9rt hozt\u00e1k csak most nyilv\u00e1noss\u00e1gra, mert el\u0151bb meg k\u00edv\u00e1nt\u00e1k tenni a sz\u00fcks\u00e9ges l\u00e9p\u00e9seket &#8211; \u00edgy p\u00e9ld\u00e1ul a banksz\u00e1ml\u00e1k z\u00e1rol\u00e1s\u00e1t -, \u00e9s ennek eredm\u00e9nyess\u00e9g\u00e9t meghi\u00fas\u00edthatta volna, ha az \u00e9rintettek kor\u00e1bban tudom\u00e1st szereznek az ellen\u00fck foganatos\u00edtott int\u00e9zked\u00e9sekr\u0151l.<br \/>\n    El\u0151z\u0151leg az uni\u00f3 t\u00f6bb l\u00e9pcs\u0151ben m\u00e1r 61 embert \u00e9s k\u00e9t c\u00e9get szankcion\u00e1lt az EU-ban el\u00e9rhet\u0151 javainak &#8211; alapvet\u0151en banksz\u00e1ml\u00e1inak &#8211; befagyaszt\u00e1s\u00e1val, valamint a term\u00e9szetes szem\u00e9lyek eset\u00e9ben beutaz\u00e1si tilalommal is. A szankci\u00f3k elrendel\u00e9s\u00e9nek az indoka a szakad\u00e1r fegyveres felkel\u00e9sben val\u00f3 tev\u00e9kenys\u00e9g, illetve a Kr\u00edm f\u00e9lsziget orosz bekebelez\u00e9s\u00e9ben val\u00f3 r\u00e9szv\u00e9tel volt.<br \/>\n    A szombaton nyilv\u00e1noss\u00e1gra hozott, kieg\u00e9sz\u00edtett list\u00e1n szerepel t\u00f6bbek k\u00f6z\u00f6tt Alekszandr Borodaj, a &#8222;donyecki n\u00e9pk\u00f6zt\u00e1rsas\u00e1g minisztereln\u00f6ke&#8221;, valamint Marat Basirov, a &#8222;luhanszki n\u00e9pk\u00f6zt\u00e1rsas\u00e1g minisztereln\u00f6ke&#8221;.<br \/>\n    Szint\u00e9n felvett\u00e9k a feketelist\u00e1ra Alekszandr Hrjakovot, aki az \u00f6njel\u00f6lt donyecki korm\u00e1nyzatban a bel\u00fcgyi \u00e9s a t\u00e1j\u00e9koztat\u00e1si &#8222;t\u00e1rca&#8221; ir\u00e1ny\u00edt\u00f3ja. Ez ut\u00f3bbi min\u0151s\u00e9g\u00e9ben a szeparatista propagandatev\u00e9kenys\u00e9gben j\u00e1tszik fontos szerepet.<br \/>\n    A luhanszki &#8222;korm\u00e1nyzat&#8221; sz\u00e1mos tagja ugyancsak szerepel az uni\u00f3s szankci\u00f3s list\u00e1n.(MTI)<\/p>\n","protected":false},"excerpt":{"rendered":"<p>Kelet-ukrajnai orosz szeparatista vezet\u0151k vannak azon a szombaton k\u00f6zz\u00e9tett 11 f\u0151s list\u00e1n, amellyel kieg\u00e9sz\u00edtett\u00e9k az ukrajnai v\u00e1ls\u00e1g kapcs\u00e1n eur\u00f3pai uni\u00f3s szankci\u00f3k \u00e1ltal s\u00fajtottak n\u00e9vsor\u00e1t.<\/p>\n","protected":false},"author":1,"featured_media":0,"comment_status":"open","ping_status":"closed","sticky":false,"template":"","format":"standard","meta":[],"categories":[139],"tags":[],"_links":{"self":[{"href":"https:\/\/gazdasagportal.hu\/index.php\/wp-json\/wp\/v2\/posts\/39237"}],"collection":[{"href":"https:\/\/gazdasagportal.hu\/index.php\/wp-json\/wp\/v2\/posts"}],"about":[{"href":"https:\/\/gazdasagportal.hu\/index.php\/wp-json\/wp\/v2\/types\/post"}],"author":[{"embeddable":true,"href":"https:\/\/gazdasagportal.hu\/index.php\/wp-json\/wp\/v2\/users\/1"}],"replies":[{"embeddable":true,"href":"https:\/\/gazdasagportal.hu\/index.php\/wp-json\/wp\/v2\/comments?post=39237"}],"version-history":[{"count":2,"href":"https:\/\/gazdasagportal.hu\/index.php\/wp-json\/wp\/v2\/posts\/39237\/revisions"}],"predecessor-version":[{"id":39239,"href":"https:\/\/gazdasagportal.hu\/index.php\/wp-json\/wp\/v2\/posts\/39237\/revisions\/39239"}],"wp:attachment":[{"href":"https:\/\/gazdasagportal.hu\/index.php\/wp-json\/wp\/v2\/media?parent=39237"}],"wp:term":[{"taxonomy":"category","embeddable":true,"href":"https:\/\/gazdasagportal.hu\/index.php\/wp-json\/wp\/v2\/categories?post=39237"},{"taxonomy":"post_tag","embeddable":true,"href":"https:\/\/gazdasagportal.hu\/index.php\/wp-json\/wp\/v2\/tags?post=39237"}],"curies":[{"name":"wp","href":"https:\/\/api.w.org\/{rel}","templated":true}]}}