{"id":39235,"date":"2014-07-13T06:59:24","date_gmt":"2014-07-13T04:59:24","guid":{"rendered":"http:\/\/stockportal.hu\/?p=39235"},"modified":"2014-07-12T22:00:18","modified_gmt":"2014-07-12T20:00:18","slug":"ukran-valsag-basescu-gratulalt-porosenkonak-az-ukran-katonai-sikerekhez","status":"publish","type":"post","link":"https:\/\/gazdasagportal.hu\/index.php\/ukran-valsag-basescu-gratulalt-porosenkonak-az-ukran-katonai-sikerekhez\/","title":{"rendered":"Ukr\u00e1n v\u00e1ls\u00e1g &#8211; Basescu gratul\u00e1lt Porosenk\u00f3nak az ukr\u00e1n katonai sikerekhez"},"content":{"rendered":"<p><strong>Traian Basescu rom\u00e1n \u00e1llamf\u0151 gratul\u00e1lt szombaton Petro Porosenko eln\u00f6knek az ukr\u00e1n hadsereg sikereihez, amelyeket a keleti orsz\u00e1gr\u00e9sz &#8222;terrorist\u00e1inak megsemmis\u00edt\u00e9s\u00e9t&#8221; c\u00e9lz\u00f3 er\u0151fesz\u00edt\u00e9sei sor\u00e1n \u00e9rt el.<\/strong><!--more--><br \/>\n<div class=\"ads-in-post1\"><div id=\"gazdasagportal.hu_fullbanner_wideboard\"><\/div>\r\n<\/div>\n<p>    Basescu hat\u00e1rozottan el\u00edt\u00e9lte az ukr\u00e1n csapatok \u00e9s \u00e1llampolg\u00e1rok elleni, Grad rak\u00e9ta-sorozatvet\u0151vel elk\u00f6vetett t\u00e1mad\u00e1st &#8211; k\u00f6z\u00f6lte a rom\u00e1n eln\u00f6ki hivatal, a k\u00e9t politikus k\u00f6z\u00f6tti, az ukr\u00e1n f\u00e9l \u00e1ltal kezdem\u00e9nyezett telefonbesz\u00e9lget\u00e9st ismertetve.<br \/>\n    Porosenko k\u00f6sz\u00f6netet mondott Basescunak a k\u00f6vetkezetes t\u00e1mogat\u00e1s\u00e9rt, \u00e9s t\u00e1j\u00e9koztatta a rom\u00e1n eln\u00f6k\u00f6t az ukr\u00e1n csapatok terroristaellenes m\u0171veleteir\u0151l, \u00e9s k\u00f6z\u00f6lte, hogy Donyeck \u00e9s Luhanszk t\u00e9rs\u00e9g\u00e9be fegyveresek \u00e9s neh\u00e9zfegyverek \u00e9rkeztek Oroszorsz\u00e1g fel\u0151l.<br \/>\n    &#8222;Rom\u00e1nia Ukrajna mellett \u00e1ll a szeparatizmus elleni k\u00fczdelm\u00e9ben, meg\u00e9rti \u00e9s politikailag t\u00e1mogatja az ukr\u00e1n n\u00e9pnek \u00e9s hadseregnek az orsz\u00e1g ter\u00fcleti \u00e9ps\u00e9g\u00e9\u00e9rt folytatott k\u00fczdelm\u00e9t. Rom\u00e1ni\u00e1t aggasztja az orosz csapat\u00f6sszevon\u00e1s Ukrajna keleti hat\u00e1r\u00e1n\u00e1l, az oroszbar\u00e1t szakad\u00e1rok neh\u00e9zfegyverzettel \u00e9s harcosokkal val\u00f3 ell\u00e1t\u00e1sa&#8221; &#8211; sz\u00f6gezte le a rom\u00e1n eln\u00f6ki hivatal k\u00f6zlem\u00e9nye.<br \/>\n    A rom\u00e1n \u00e1llamf\u0151 arr\u00f3l biztos\u00edtotta Porosenk\u00f3t, hogy Ukrajna b\u00e9k\u00e9j\u00e9nek \u00e9s biztons\u00e1g\u00e1nak helyre\u00e1ll\u00edt\u00e1s\u00e1t Rom\u00e1nia saj\u00e1t nemzetbiztons\u00e1gi \u00e9rdek\u00e9nek tekinti.(MTI)<\/p>\n","protected":false},"excerpt":{"rendered":"<p>Traian Basescu rom\u00e1n \u00e1llamf\u0151 gratul\u00e1lt szombaton Petro Porosenko eln\u00f6knek az ukr\u00e1n hadsereg sikereihez, amelyeket a keleti orsz\u00e1gr\u00e9sz &#8222;terrorist\u00e1inak megsemmis\u00edt\u00e9s\u00e9t&#8221; c\u00e9lz\u00f3 er\u0151fesz\u00edt\u00e9sei sor\u00e1n \u00e9rt el.<\/p>\n","protected":false},"author":1,"featured_media":0,"comment_status":"open","ping_status":"closed","sticky":false,"template":"","format":"standard","meta":[],"categories":[139],"tags":[],"_links":{"self":[{"href":"https:\/\/gazdasagportal.hu\/index.php\/wp-json\/wp\/v2\/posts\/39235"}],"collection":[{"href":"https:\/\/gazdasagportal.hu\/index.php\/wp-json\/wp\/v2\/posts"}],"about":[{"href":"https:\/\/gazdasagportal.hu\/index.php\/wp-json\/wp\/v2\/types\/post"}],"author":[{"embeddable":true,"href":"https:\/\/gazdasagportal.hu\/index.php\/wp-json\/wp\/v2\/users\/1"}],"replies":[{"embeddable":true,"href":"https:\/\/gazdasagportal.hu\/index.php\/wp-json\/wp\/v2\/comments?post=39235"}],"version-history":[{"count":1,"href":"https:\/\/gazdasagportal.hu\/index.php\/wp-json\/wp\/v2\/posts\/39235\/revisions"}],"predecessor-version":[{"id":39236,"href":"https:\/\/gazdasagportal.hu\/index.php\/wp-json\/wp\/v2\/posts\/39235\/revisions\/39236"}],"wp:attachment":[{"href":"https:\/\/gazdasagportal.hu\/index.php\/wp-json\/wp\/v2\/media?parent=39235"}],"wp:term":[{"taxonomy":"category","embeddable":true,"href":"https:\/\/gazdasagportal.hu\/index.php\/wp-json\/wp\/v2\/categories?post=39235"},{"taxonomy":"post_tag","embeddable":true,"href":"https:\/\/gazdasagportal.hu\/index.php\/wp-json\/wp\/v2\/tags?post=39235"}],"curies":[{"name":"wp","href":"https:\/\/api.w.org\/{rel}","templated":true}]}}