{"id":39233,"date":"2014-07-13T05:37:43","date_gmt":"2014-07-13T03:37:43","guid":{"rendered":"http:\/\/stockportal.hu\/?p=39233"},"modified":"2014-07-12T21:58:30","modified_gmt":"2014-07-12T19:58:30","slug":"lemondott-a-szerb-penzugyminiszter","status":"publish","type":"post","link":"https:\/\/gazdasagportal.hu\/index.php\/lemondott-a-szerb-penzugyminiszter\/","title":{"rendered":"Lemondott a szerb p\u00e9nz\u00fcgyminiszter"},"content":{"rendered":"<p><strong>Lemondott Lazar Krstic szerb p\u00e9nz\u00fcgyminiszter, mert nem \u00e9rt egyet a reformok v\u00e9grehajt\u00e1s\u00e1nak \u00fctemez\u00e9s\u00e9vel &#8211; sz\u00e1molt be  szombaton a szerbiai k\u00f6zszolg\u00e1lati telev\u00edzi\u00f3.<\/strong><!--more--><br \/>\n<div class=\"ads-in-post1\"><div id=\"gazdasagportal.hu_fullbanner_wideboard\"><\/div>\r\n<\/div>\n<p>    A korm\u00e1nyb\u00f3l val\u00f3 t\u00e1voz\u00e1s\u00e1nak f\u0151 okak\u00e9nt a politikus azt nevezte meg, hogy nem egyezik v\u00e9lem\u00e9nye Aleksandar Vucic minisztereln\u00f6kkel a reformok v\u00e9grehajt\u00e1s\u00e1nak temp\u00f3j\u00e1r\u00f3l. Hozz\u00e1tette: abban tov\u00e1bbra is azonos az \u00e1ll\u00e1spontjuk, hogy Szerbi\u00e1nak gazdas\u00e1gi reformokra van sz\u00fcks\u00e9ge.<br \/>\n    Vucic kor\u00e1bban szigor\u00fa megszor\u00edt\u00f3 int\u00e9zked\u00e9seket jelentett be, k\u00f6z\u00f6tt\u00fck a k\u00f6zszf\u00e9r\u00e1ban dolgoz\u00f3k sz\u00e1m\u00e1nak cs\u00f6kkent\u00e9s\u00e9t \u00e9s az orsz\u00e1g k\u00f6lts\u00e9gvet\u00e9s\u00e9nek rendez\u00e9s\u00e9t.<br \/>\n    A szerb korm\u00e1ny szombaton k\u00e9t reformint\u00e9zked\u00e9st is elfogadott, az egyik a nyugd\u00edjakat, a m\u00e1sik pedig a fizet\u00e9seket \u00e9rinti. A korm\u00e1nyf\u0151 az \u00fcl\u00e9st k\u00f6vet\u0151en kijelentette: 8-9 \u00e9v ut\u00e1n a korm\u00e1ny most el\u0151sz\u00f6r d\u00f6nt\u00f6tt reformt\u00f6rv\u00e9nyekr\u0151l. Krstic viszont saj\u00e1t szavai szerint ezekn\u00e9l m\u00e9lyebb reformint\u00e9zked\u00e9seket szeretett volna elfogadtatni, valamint azokat gyorsabban v\u00e9grehajtatni.<br \/>\n    A korm\u00e1ny\u00fcl\u00e9st k\u00f6vet\u0151en a t\u00e1voz\u00f3 p\u00e9nz\u00fcgyminiszter \u00fajs\u00e1g\u00edr\u00f3knak azt mondta: legal\u00e1bb 20 sz\u00e1zal\u00e9kos nyugd\u00edjcs\u00f6kkent\u00e9st, valamint a k\u00f6zszf\u00e9r\u00e1ban dolgoz\u00f3k b\u00e9reinek minimum 15 sz\u00e1zal\u00e9kos cs\u00f6kkent\u00e9s\u00e9t, illetve legal\u00e1bb 160 ezer k\u00f6zszolga elbocs\u00e1t\u00e1s\u00e1t szerette volna el\u00e9rni, illetve azt is, hogy az \u00e1ram \u00e1r\u00e1t 30 sz\u00e1zal\u00e9kkal megemelj\u00e9k. Szerinte a korm\u00e1nyf\u0151nek t\u00fal j\u00f3 sz\u00edve van, ez\u00e9rt nem hajland\u00f3 ezekre a drasztikus int\u00e9zked\u00e9sekre, de ugyanez\u00e9rt szereti \u00e9s t\u00e1mogatja \u0151t a lakoss\u00e1g nagy r\u00e9sze.<br \/>\n    Lazar Krstic tavaly szeptember \u00f3ta vezette a p\u00e9nz\u00fcgyi t\u00e1rc\u00e1t, vagyis az el\u0151z\u0151 korm\u00e1ny\u00e1talak\u00edt\u00e1s \u00f3ta, \u00e9s a m\u00e1rciusi el\u0151re hozott v\u00e1laszt\u00e1sok ut\u00e1n is \u0151t b\u00edzta meg ezzel a feladattal Vucic. A p\u00e9nz\u00fcgyminiszt\u00e9rium vezet\u00e9s\u00e9t az \u00faj t\u00e1rcavezet\u0151 kinevez\u00e9s\u00e9ig Dusan Vujovic gazdas\u00e1gi miniszter veszi \u00e1t \u2013 jelentette be Vucic, hozz\u00e1t\u00e9ve, hogy Krstic tov\u00e1bbra is a korm\u00e1ny p\u00e9nz\u00fcgyi tan\u00e1csad\u00f3ja marad.(MTI)<\/p>\n","protected":false},"excerpt":{"rendered":"<p>Lemondott Lazar Krstic szerb p\u00e9nz\u00fcgyminiszter, mert nem \u00e9rt egyet a reformok v\u00e9grehajt\u00e1s\u00e1nak \u00fctemez\u00e9s\u00e9vel &#8211; sz\u00e1molt be szombaton a szerbiai k\u00f6zszolg\u00e1lati telev\u00edzi\u00f3.<\/p>\n","protected":false},"author":1,"featured_media":0,"comment_status":"open","ping_status":"closed","sticky":false,"template":"","format":"standard","meta":[],"categories":[12],"tags":[],"_links":{"self":[{"href":"https:\/\/gazdasagportal.hu\/index.php\/wp-json\/wp\/v2\/posts\/39233"}],"collection":[{"href":"https:\/\/gazdasagportal.hu\/index.php\/wp-json\/wp\/v2\/posts"}],"about":[{"href":"https:\/\/gazdasagportal.hu\/index.php\/wp-json\/wp\/v2\/types\/post"}],"author":[{"embeddable":true,"href":"https:\/\/gazdasagportal.hu\/index.php\/wp-json\/wp\/v2\/users\/1"}],"replies":[{"embeddable":true,"href":"https:\/\/gazdasagportal.hu\/index.php\/wp-json\/wp\/v2\/comments?post=39233"}],"version-history":[{"count":1,"href":"https:\/\/gazdasagportal.hu\/index.php\/wp-json\/wp\/v2\/posts\/39233\/revisions"}],"predecessor-version":[{"id":39234,"href":"https:\/\/gazdasagportal.hu\/index.php\/wp-json\/wp\/v2\/posts\/39233\/revisions\/39234"}],"wp:attachment":[{"href":"https:\/\/gazdasagportal.hu\/index.php\/wp-json\/wp\/v2\/media?parent=39233"}],"wp:term":[{"taxonomy":"category","embeddable":true,"href":"https:\/\/gazdasagportal.hu\/index.php\/wp-json\/wp\/v2\/categories?post=39233"},{"taxonomy":"post_tag","embeddable":true,"href":"https:\/\/gazdasagportal.hu\/index.php\/wp-json\/wp\/v2\/tags?post=39233"}],"curies":[{"name":"wp","href":"https:\/\/api.w.org\/{rel}","templated":true}]}}