{"id":39213,"date":"2014-07-12T12:12:52","date_gmt":"2014-07-12T10:12:52","guid":{"rendered":"http:\/\/stockportal.hu\/?p=39213"},"modified":"2014-07-12T07:53:32","modified_gmt":"2014-07-12T05:53:32","slug":"csokkent-juniusban-a-regisztralt-allaskeresok-szama-pest-megyeben","status":"publish","type":"post","link":"https:\/\/gazdasagportal.hu\/index.php\/csokkent-juniusban-a-regisztralt-allaskeresok-szama-pest-megyeben\/","title":{"rendered":"Cs\u00f6kkent j\u00faniusban a regisztr\u00e1lt \u00e1ll\u00e1skeres\u0151k sz\u00e1ma Pest megy\u00e9ben"},"content":{"rendered":"<p><strong>\u00c9vr\u0151l \u00e9vre cs\u00f6kken j\u00faniust\u00f3l a regisztr\u00e1lt \u00e1ll\u00e1skeres\u0151k sz\u00e1ma, ami nyilv\u00e1nval\u00f3an a ny\u00e1ri alkalmi munk\u00e1k indul\u00e1s\u00e1val f\u00fcgg \u00f6ssze &#8211; t\u00e1j\u00e9koztatta az MTI-t H\u00e1gen T\u00edmea, a Pest megyei munka\u00fcgyi k\u00f6zpont helyettes vezet\u0151je.<\/strong><!--more--><br \/>\n<div class=\"ads-in-post1\"><div id=\"gazdasagportal.hu_fullbanner_wideboard\"><\/div>\r\n<\/div>\n<p>    Hozz\u00e1tette: m\u00e1jusban k\u00f6zel 38 ezer regisztr\u00e1lt munkan\u00e9lk\u00fclit tartottak nyilv\u00e1n, 39 sz\u00e1zal\u00e9kuk alapfok\u00fa, 55 sz\u00e1zal\u00e9kuk k\u00f6z\u00e9pfok\u00fa iskolai v\u00e9gzetts\u00e9ggel rendelkezik, a fennmarad\u00f3 kis h\u00e1nyad fels\u0151fok\u00fa oklevelet szerzett. A t\u00e9li \u00e1tmeneti k\u00f6zfoglalkoztat\u00e1si program befejez\u00e9s\u00e9t k\u00f6vet\u0151en Pest megye t\u00e9rs\u00e9g\u00e9b\u0151l k\u00f6zel 5 ezren kapcsol\u00f3dnak be az \u00fajabb programba, ennek keret\u00e9ben olyan feladatokat is ell\u00e1tnak, mint a szem\u00e9tszed\u00e9s, boz\u00f3tirt\u00e1s, parlagf\u0171 elleni v\u00e9dekez\u00e9s, vagy tereprendez\u00e9s. T\u00f6bben n\u00f6v\u00e9ny\u00fcltet\u00e9ssel, parkgondoz\u00e1ssal, z\u00f6lds\u00e9g- \u00e9s n\u00f6v\u00e9nytermeszt\u00e9ssel, illetve egy\u00e9b mez\u0151gazdas\u00e1gi munk\u00e1kkal seg\u00edtik az \u00e9rintett telep\u00fcl\u00e9seket &#8211; magyar\u00e1zta H\u00e1gen T\u00edmea.<br \/>\n    Pest megy\u00e9n bel\u00fcl a 15 telep\u00fcl\u00e9sb\u0151l \u00e1ll\u00f3 monori j\u00e1r\u00e1sban ny\u00e1ron a 16-25 \u00e9ves koroszt\u00e1lyban k\u00fcl\u00f6n\u00f6sen vonz\u00f3 di\u00e1kmunka a legn\u00e9pszer\u0171bb &#8211; mondta S\u00e1rk\u00f6zi Zsolt, a j\u00e1r\u00e1si hivatal munka\u00fcgyi kirendelts\u00e9g\u00e9nek vezet\u0151je. Az \u00f6nkorm\u00e1nyzatok f\u0151k\u00e9nt irodai teend\u0151ket, illetve szabadt\u00e9ri takar\u00edt\u00e1st, tisztogat\u00e1st b\u00edznak a fiatalokra. Jelenleg 200-an dolgoznak, de a l\u00e9tsz\u00e1m a dupl\u00e1ja is lehetne, ha t\u00f6bb p\u00e9nz jutna a megyei keretb\u0151l &#8211; fogalmazott a kirendelts\u00e9gvezet\u0151.(MTI)<\/p>\n","protected":false},"excerpt":{"rendered":"<p>\u00c9vr\u0151l \u00e9vre cs\u00f6kken j\u00faniust\u00f3l a regisztr\u00e1lt \u00e1ll\u00e1skeres\u0151k sz\u00e1ma, ami nyilv\u00e1nval\u00f3an a ny\u00e1ri alkalmi munk\u00e1k indul\u00e1s\u00e1val f\u00fcgg \u00f6ssze &#8211; t\u00e1j\u00e9koztatta az MTI-t H\u00e1gen T\u00edmea, a Pest megyei munka\u00fcgyi k\u00f6zpont helyettes vezet\u0151je.<\/p>\n","protected":false},"author":1,"featured_media":0,"comment_status":"open","ping_status":"closed","sticky":false,"template":"","format":"standard","meta":[],"categories":[19],"tags":[],"_links":{"self":[{"href":"https:\/\/gazdasagportal.hu\/index.php\/wp-json\/wp\/v2\/posts\/39213"}],"collection":[{"href":"https:\/\/gazdasagportal.hu\/index.php\/wp-json\/wp\/v2\/posts"}],"about":[{"href":"https:\/\/gazdasagportal.hu\/index.php\/wp-json\/wp\/v2\/types\/post"}],"author":[{"embeddable":true,"href":"https:\/\/gazdasagportal.hu\/index.php\/wp-json\/wp\/v2\/users\/1"}],"replies":[{"embeddable":true,"href":"https:\/\/gazdasagportal.hu\/index.php\/wp-json\/wp\/v2\/comments?post=39213"}],"version-history":[{"count":1,"href":"https:\/\/gazdasagportal.hu\/index.php\/wp-json\/wp\/v2\/posts\/39213\/revisions"}],"predecessor-version":[{"id":39214,"href":"https:\/\/gazdasagportal.hu\/index.php\/wp-json\/wp\/v2\/posts\/39213\/revisions\/39214"}],"wp:attachment":[{"href":"https:\/\/gazdasagportal.hu\/index.php\/wp-json\/wp\/v2\/media?parent=39213"}],"wp:term":[{"taxonomy":"category","embeddable":true,"href":"https:\/\/gazdasagportal.hu\/index.php\/wp-json\/wp\/v2\/categories?post=39213"},{"taxonomy":"post_tag","embeddable":true,"href":"https:\/\/gazdasagportal.hu\/index.php\/wp-json\/wp\/v2\/tags?post=39213"}],"curies":[{"name":"wp","href":"https:\/\/api.w.org\/{rel}","templated":true}]}}