{"id":39211,"date":"2014-07-12T10:40:27","date_gmt":"2014-07-12T08:40:27","guid":{"rendered":"http:\/\/stockportal.hu\/?p=39211"},"modified":"2014-07-12T07:52:13","modified_gmt":"2014-07-12T05:52:13","slug":"mavinform-sztrajkolnak-az-olasz-vasutasok-szombat-estetol","status":"publish","type":"post","link":"https:\/\/gazdasagportal.hu\/index.php\/mavinform-sztrajkolnak-az-olasz-vasutasok-szombat-estetol\/","title":{"rendered":"M\u00e1vinform: sztr\u00e1jkolnak az olasz vasutasok szombat est\u00e9t\u0151l"},"content":{"rendered":"<p><strong>Az olasz vasutasok j\u00falius 12-\u00e9n 21 \u00f3r\u00e1t\u00f3l j\u00falius 13-\u00e1n 21 \u00f3r\u00e1ig sztr\u00e1jkolnak, ez\u00e9rt vonatkimarad\u00e1sra, j\u00e1ratr\u00f6vid\u00fcl\u00e9sre, k\u00e9s\u00e9sekre kell sz\u00e1molni a munkabesz\u00fcntet\u00e9s idej\u00e9n &#8211; k\u00f6z\u00f6lte a M\u00e1vinform szombaton az MTI-vel.<\/strong><!--more--><br \/>\n<div class=\"ads-in-post1\"><div id=\"gazdasagportal.hu_fullbanner_wideboard\"><\/div>\r\n<\/div>\n<p>    A vas\u00fatt\u00e1rsas\u00e1g arra h\u00edvja fel a figyelmet, hogy a sztr\u00e1jk miatt a Magyarorsz\u00e1gon v\u00e1ltott jegyeket, \u00fcl\u0151helyjegyeket, valamint egy\u00e9b helybiztos\u00edt\u00e1sokat kezel\u00e9si k\u00f6lts\u00e9g levon\u00e1sa n\u00e9lk\u00fcl k\u00e9r\u00e9sre visszat\u00e9r\u00edtik az utasoknak, vagy m\u00e1s id\u0151pontra \u00e9rv\u00e9nyes\u00edtik.<br \/>\n    Az utasok az Olaszorsz\u00e1gba, illetve Olaszorsz\u00e1gon \u00e1t, valamint vissza\u00fatra sz\u00f3l\u00f3 el\u0151rev\u00e1ltott jegyeikkel az utaz\u00e1sr\u00f3l lemondhatnak, a visszat\u00e9r\u00edt\u00e9st a jegykiad\u00f3 orsz\u00e1g ezzel megb\u00edzott jegykiad\u00f3 helyein k\u00e9rhetik. Amennyiben az utaz\u00e1sr\u00f3l nem mondanak le, de a munkabesz\u00fcntet\u00e9s miatt gond ad\u00f3dik, akkor jegyeiket z\u00e1rad\u00e9kkal kell ell\u00e1ttatni a k\u00e9s\u0151bbi jegyvisszat\u00e9r\u00edt\u00e9si ig\u00e9ny miatt &#8211; k\u00f6z\u00f6lte a vas\u00fatt\u00e1rsas\u00e1g.<br \/>\n    A M\u00e1vinform arra is felh\u00edvja a figyelmet, hogy a Szlov\u00e9n Vas\u00fatt\u00f3l kapott \u00e9rtes\u00edt\u00e9s szerint a h\u00e9tv\u00e9g\u00e9n a magyar-szlov\u00e9n k\u00f6zvetlen nemzetk\u00f6zi \u00f6sszek\u00f6ttet\u00e9sben korl\u00e1toz\u00e1sok l\u00e9pnek \u00e9letbe, ami \u00e9rinti a Citadella IC utasait.(MTI)<\/p>\n","protected":false},"excerpt":{"rendered":"<p>Az olasz vasutasok j\u00falius 12-\u00e9n 21 \u00f3r\u00e1t\u00f3l j\u00falius 13-\u00e1n 21 \u00f3r\u00e1ig sztr\u00e1jkolnak, ez\u00e9rt vonatkimarad\u00e1sra, j\u00e1ratr\u00f6vid\u00fcl\u00e9sre, k\u00e9s\u00e9sekre kell sz\u00e1molni a munkabesz\u00fcntet\u00e9s idej\u00e9n &#8211; k\u00f6z\u00f6lte a M\u00e1vinform szombaton az MTI-vel.<\/p>\n","protected":false},"author":1,"featured_media":0,"comment_status":"open","ping_status":"closed","sticky":false,"template":"","format":"standard","meta":[],"categories":[4,151],"tags":[],"_links":{"self":[{"href":"https:\/\/gazdasagportal.hu\/index.php\/wp-json\/wp\/v2\/posts\/39211"}],"collection":[{"href":"https:\/\/gazdasagportal.hu\/index.php\/wp-json\/wp\/v2\/posts"}],"about":[{"href":"https:\/\/gazdasagportal.hu\/index.php\/wp-json\/wp\/v2\/types\/post"}],"author":[{"embeddable":true,"href":"https:\/\/gazdasagportal.hu\/index.php\/wp-json\/wp\/v2\/users\/1"}],"replies":[{"embeddable":true,"href":"https:\/\/gazdasagportal.hu\/index.php\/wp-json\/wp\/v2\/comments?post=39211"}],"version-history":[{"count":1,"href":"https:\/\/gazdasagportal.hu\/index.php\/wp-json\/wp\/v2\/posts\/39211\/revisions"}],"predecessor-version":[{"id":39212,"href":"https:\/\/gazdasagportal.hu\/index.php\/wp-json\/wp\/v2\/posts\/39211\/revisions\/39212"}],"wp:attachment":[{"href":"https:\/\/gazdasagportal.hu\/index.php\/wp-json\/wp\/v2\/media?parent=39211"}],"wp:term":[{"taxonomy":"category","embeddable":true,"href":"https:\/\/gazdasagportal.hu\/index.php\/wp-json\/wp\/v2\/categories?post=39211"},{"taxonomy":"post_tag","embeddable":true,"href":"https:\/\/gazdasagportal.hu\/index.php\/wp-json\/wp\/v2\/tags?post=39211"}],"curies":[{"name":"wp","href":"https:\/\/api.w.org\/{rel}","templated":true}]}}