{"id":39204,"date":"2014-07-12T09:02:19","date_gmt":"2014-07-12T07:02:19","guid":{"rendered":"http:\/\/stockportal.hu\/?p=39204"},"modified":"2014-07-11T20:20:59","modified_gmt":"2014-07-11T18:20:59","slug":"a-bergarancia-biztosok-kiadasait-is-fedezi-az-allam","status":"publish","type":"post","link":"https:\/\/gazdasagportal.hu\/index.php\/a-bergarancia-biztosok-kiadasait-is-fedezi-az-allam\/","title":{"rendered":"A b\u00e9rgarancia biztosok kiad\u00e1sait is fedezi az \u00e1llam"},"content":{"rendered":"<p><strong>A b\u00e9rgarancia biztosok meg nem t\u00e9r\u00fclt, igazolt k\u00e9szkiad\u00e1sait \u00e9s munkad\u00edjait a szakt\u00e1rca gazdas\u00e1gi hivatala negyed\u00e9vente \u00f6sszes\u00edti, majd ezt k\u00f6vet\u0151en 15 munkanapon bel\u00fcl jutnak p\u00e9nz\u00fckh\u00f6z a biztosok &#8211; az err\u0151l sz\u00f3l\u00f3 nemzetgazdas\u00e1gi miniszteri rendelet tervezete a korm\u00e1ny honlapj\u00e1n jelent meg p\u00e9nteken.<\/strong><!--more--><br \/>\n<div class=\"ads-in-post1\"><div id=\"gazdasagportal.hu_fullbanner_wideboard\"><\/div>\r\n<\/div>\n<p>    A k\u00e9t \u00e9vvel ezel\u0151tt sz\u00fcletett rendelet csak a v\u00e9gelsz\u00e1mol\u00f3k meg nem t\u00e9r\u00fcl\u0151 k\u00f6lts\u00e9geinek kifizet\u00e9s\u00e9r\u0151l rendelkezett. A m\u00f3dos\u00edt\u00e1s beveszi a k\u00f6rbe a b\u00e9rgarancia biztosokat is.<br \/>\n    A b\u00e9rgarancia biztost a c\u00e9gt\u00f6rv\u00e9ny vezette be a magyar jogba. Amikor a c\u00e9gt\u00f6rl\u00e9si elj\u00e1r\u00e1s megind\u00edt\u00e1s\u00e1r\u00f3l sz\u00f3l\u00f3 v\u00e9gz\u00e9st a c\u00e9gb\u00edr\u00f3s\u00e1g k\u00f6zz\u00e9teszi a C\u00e9gk\u00f6zl\u00f6nyben, a munkav\u00e1llal\u00f3k 60 napon bel\u00fcl jelenthetik be a k\u00f6vetel\u00e9seiket a b\u00edr\u00f3s\u00e1gnak.<br \/>\n    Amennyiben nincs fedezet a b\u00e9r- \u00e9s a munkaviszonyb\u00f3l sz\u00e1rmaz\u00f3 egy\u00e9b k\u00f6vetel\u00e9sekre, \u00fagy azt a B\u00e9rgarancia Alapb\u00f3l lehet ig\u00e9nyelni. Az ig\u00e9nyl\u00e9st \u00e9s a kifizet\u00e9st int\u00e9zi a b\u00e9rgarancia biztos, akit a felsz\u00e1mol\u00f3i n\u00e9vjegyz\u00e9kb\u0151l jel\u00f6l ki a c\u00e9gb\u00edr\u00f3s\u00e1g. Ennek megfelel\u0151en a jogai \u00e9s a k\u00f6telezetts\u00e9gei is megegyeznek a felsz\u00e1mol\u00f3\u00e9val.(MTI)<\/p>\n","protected":false},"excerpt":{"rendered":"<p>A b\u00e9rgarancia biztosok meg nem t\u00e9r\u00fclt, igazolt k\u00e9szkiad\u00e1sait \u00e9s munkad\u00edjait a szakt\u00e1rca gazdas\u00e1gi hivatala negyed\u00e9vente \u00f6sszes\u00edti, majd ezt k\u00f6vet\u0151en 15 munkanapon bel\u00fcl jutnak p\u00e9nz\u00fckh\u00f6z a biztosok &#8211; az err\u0151l sz\u00f3l\u00f3 nemzetgazdas\u00e1gi miniszteri rendelet tervezete a korm\u00e1ny honlapj\u00e1n jelent meg p\u00e9nteken.<\/p>\n","protected":false},"author":1,"featured_media":0,"comment_status":"open","ping_status":"closed","sticky":false,"template":"","format":"standard","meta":[],"categories":[19],"tags":[],"_links":{"self":[{"href":"https:\/\/gazdasagportal.hu\/index.php\/wp-json\/wp\/v2\/posts\/39204"}],"collection":[{"href":"https:\/\/gazdasagportal.hu\/index.php\/wp-json\/wp\/v2\/posts"}],"about":[{"href":"https:\/\/gazdasagportal.hu\/index.php\/wp-json\/wp\/v2\/types\/post"}],"author":[{"embeddable":true,"href":"https:\/\/gazdasagportal.hu\/index.php\/wp-json\/wp\/v2\/users\/1"}],"replies":[{"embeddable":true,"href":"https:\/\/gazdasagportal.hu\/index.php\/wp-json\/wp\/v2\/comments?post=39204"}],"version-history":[{"count":1,"href":"https:\/\/gazdasagportal.hu\/index.php\/wp-json\/wp\/v2\/posts\/39204\/revisions"}],"predecessor-version":[{"id":39205,"href":"https:\/\/gazdasagportal.hu\/index.php\/wp-json\/wp\/v2\/posts\/39204\/revisions\/39205"}],"wp:attachment":[{"href":"https:\/\/gazdasagportal.hu\/index.php\/wp-json\/wp\/v2\/media?parent=39204"}],"wp:term":[{"taxonomy":"category","embeddable":true,"href":"https:\/\/gazdasagportal.hu\/index.php\/wp-json\/wp\/v2\/categories?post=39204"},{"taxonomy":"post_tag","embeddable":true,"href":"https:\/\/gazdasagportal.hu\/index.php\/wp-json\/wp\/v2\/tags?post=39204"}],"curies":[{"name":"wp","href":"https:\/\/api.w.org\/{rel}","templated":true}]}}