{"id":39200,"date":"2014-07-11T20:35:01","date_gmt":"2014-07-11T18:35:01","guid":{"rendered":"http:\/\/stockportal.hu\/?p=39200"},"modified":"2014-07-11T20:15:36","modified_gmt":"2014-07-11T18:15:36","slug":"kozel-1600-dolgozojat-kuldene-el-az-iberia","status":"publish","type":"post","link":"https:\/\/gazdasagportal.hu\/index.php\/kozel-1600-dolgozojat-kuldene-el-az-iberia\/","title":{"rendered":"K\u00f6zel 1600 dolgoz\u00f3j\u00e1t k\u00fclden\u00e9 el az Iberia"},"content":{"rendered":"<p><strong>K\u00f6zel 1600 dolgoz\u00f3j\u00e1t k\u00fclden\u00e9 el a spanyol Iberia l\u00e9git\u00e1rsas\u00e1g, err\u0151l p\u00e9nteken kezdem\u00e9nyeztek kollekt\u00edv munka\u00fcgyi vit\u00e1t a szakszervezetekkel &#8211; k\u00f6z\u00f6lte a l\u00e9git\u00e1rsas\u00e1g tulajdonosa, az International Airlines Group p\u00e9nteken honlapj\u00e1n.<\/strong><!--more--><br \/>\n<div class=\"ads-in-post1\"><div id=\"gazdasagportal.hu_fullbanner_wideboard\"><\/div>\r\n<\/div>\n<p>    Mint \u00edrt\u00e1k, a le\u00e9p\u00edt\u00e9s az Iberia \u00e1talak\u00edt\u00e1s\u00e1nak k\u00f6vetkez\u0151 \u00e1llom\u00e1sa, amely struktur\u00e1lis v\u00e1ltoztat\u00e1sokkal j\u00e1r \u00e9s a j\u00f6vedelmez\u0151 n\u00f6veked\u00e9st szolg\u00e1lja.<br \/>\n    A spanyol l\u00e9git\u00e1rsas\u00e1gn\u00e1l a 2012-2015-\u00f6s id\u0151szakban 3100 dolgoz\u00f3t k\u00fcldenek el a kor\u00e1bbi tervekhez k\u00e9pest, de a mostani bejelent\u00e9s ezen fel\u00fcli elbocs\u00e1t\u00e1sokat jelent. Tavaly a l\u00e9git\u00e1rsas\u00e1gt\u00f3l 2500-an t\u00e1voztak.<br \/>\n    Az 1927. \u00f3ta rep\u00fcl\u0151 Iberia a 2013-as \u00e9vet 166 milli\u00f3 eur\u00f3s vesztes\u00e9ggel z\u00e1rta az egy \u00e9vvel kor\u00e1bbi 185 milli\u00f3 eur\u00f3hoz k\u00e9pest, miut\u00e1n \u00e9v k\u00f6zben 23 g\u00e9ppel cs\u00f6kkentette flott\u00e1j\u00e1t, t\u00f6bb vesztes\u00e9ges \u00fatvonalat is megsz\u00fcntetett \u00e9s kapacit\u00e1sait 14 sz\u00e1zal\u00e9kkal cs\u00f6kkentette. Az IAG v\u00e1rakoz\u00e1sai szerint ez \u00e9v v\u00e9g\u00e9n nyeres\u00e9gess\u00e9 v\u00e1lhat.(MTI)<\/p>\n","protected":false},"excerpt":{"rendered":"<p>K\u00f6zel 1600 dolgoz\u00f3j\u00e1t k\u00fclden\u00e9 el a spanyol Iberia l\u00e9git\u00e1rsas\u00e1g, err\u0151l p\u00e9nteken kezdem\u00e9nyeztek kollekt\u00edv munka\u00fcgyi vit\u00e1t a szakszervezetekkel &#8211; k\u00f6z\u00f6lte a l\u00e9git\u00e1rsas\u00e1g tulajdonosa, az International Airlines Group p\u00e9nteken honlapj\u00e1n.<\/p>\n","protected":false},"author":1,"featured_media":0,"comment_status":"open","ping_status":"closed","sticky":false,"template":"","format":"standard","meta":[],"categories":[12],"tags":[],"_links":{"self":[{"href":"https:\/\/gazdasagportal.hu\/index.php\/wp-json\/wp\/v2\/posts\/39200"}],"collection":[{"href":"https:\/\/gazdasagportal.hu\/index.php\/wp-json\/wp\/v2\/posts"}],"about":[{"href":"https:\/\/gazdasagportal.hu\/index.php\/wp-json\/wp\/v2\/types\/post"}],"author":[{"embeddable":true,"href":"https:\/\/gazdasagportal.hu\/index.php\/wp-json\/wp\/v2\/users\/1"}],"replies":[{"embeddable":true,"href":"https:\/\/gazdasagportal.hu\/index.php\/wp-json\/wp\/v2\/comments?post=39200"}],"version-history":[{"count":1,"href":"https:\/\/gazdasagportal.hu\/index.php\/wp-json\/wp\/v2\/posts\/39200\/revisions"}],"predecessor-version":[{"id":39201,"href":"https:\/\/gazdasagportal.hu\/index.php\/wp-json\/wp\/v2\/posts\/39200\/revisions\/39201"}],"wp:attachment":[{"href":"https:\/\/gazdasagportal.hu\/index.php\/wp-json\/wp\/v2\/media?parent=39200"}],"wp:term":[{"taxonomy":"category","embeddable":true,"href":"https:\/\/gazdasagportal.hu\/index.php\/wp-json\/wp\/v2\/categories?post=39200"},{"taxonomy":"post_tag","embeddable":true,"href":"https:\/\/gazdasagportal.hu\/index.php\/wp-json\/wp\/v2\/tags?post=39200"}],"curies":[{"name":"wp","href":"https:\/\/api.w.org\/{rel}","templated":true}]}}