{"id":39198,"date":"2014-07-12T04:33:22","date_gmt":"2014-07-12T02:33:22","guid":{"rendered":"http:\/\/stockportal.hu\/?p=39198"},"modified":"2014-07-11T20:14:24","modified_gmt":"2014-07-11T18:14:24","slug":"az-europai-bizottsaghoz-fordult-javor-benedek-a-tervezett-paksi-bovitessel-kapcsolatban","status":"publish","type":"post","link":"https:\/\/gazdasagportal.hu\/index.php\/az-europai-bizottsaghoz-fordult-javor-benedek-a-tervezett-paksi-bovitessel-kapcsolatban\/","title":{"rendered":"Az Eur\u00f3pai Bizotts\u00e1ghoz fordult J\u00e1vor Benedek a tervezett paksi b\u0151v\u00edt\u00e9ssel kapcsolatban"},"content":{"rendered":"<p><strong>Az Eur\u00f3pai Bizotts\u00e1ghoz fordult J\u00e1vor Benedek, az Egy\u00fctt-PM eur\u00f3pai parlamenti (EP-) k\u00e9pvisel\u0151je a tervezett paksi b\u0151v\u00edt\u00e9ssel kapcsolatban, azt tudakolva, hogy nem \u00fctk\u00f6zik-e uni\u00f3s jogba a beruh\u00e1z\u00e1s tendereztet\u00e9s n\u00e9lk\u00fcli oda\u00edt\u00e9l\u00e9se.<\/strong><!--more--><br \/>\n<div class=\"ads-in-post1\"><div id=\"gazdasagportal.hu_fullbanner_wideboard\"><\/div>\r\n<\/div>\n<p>    Az err\u0151l sz\u00f3l\u00f3 p\u00e9nteki k\u00f6zlem\u00e9ny szerint az Egy\u00fctt-PM \u00fagy v\u00e9li: a magyar ad\u00f3fizet\u0151k \u00e9rdek\u00e9t azt szolg\u00e1ln\u00e1, ha ilyen volumen\u0171 beruh\u00e1z\u00e1sr\u00f3l nemzetk\u00f6zi tender ki\u00edr\u00e1sa ut\u00e1n, a m\u0171szaki \u00e9s finansz\u00edroz\u00e1si aj\u00e1nlatokat megversenyeztetve, \u00e1tl\u00e1that\u00f3 k\u00f6r\u00fclm\u00e9nyek k\u00f6z\u00f6tt sz\u00fcletne d\u00f6nt\u00e9s, nem pedig Orb\u00e1n Viktor magyar minisztereln\u00f6k \u00e9s Vlagyimir Putyin orosz eln\u00f6k k\u00fcl\u00f6nalkuj\u00e1ban.<br \/>\n    J\u00e1vor Benedek szerint a magyar korm\u00e1ny a tervezett paksi b\u0151v\u00edt\u00e9ssel kapcsolatban \u00e9veken kereszt\u00fcl nemzetk\u00f6zi tenderre, p\u00e1ly\u00e1zaton kiv\u00e1lasztott technol\u00f3gi\u00e1j\u00fa beruh\u00e1z\u00e1sra hivatkozott, amit az \u00f6sszes el\u0151k\u00e9sz\u00edt\u0151 dokumentum is al\u00e1t\u00e1maszt. A magyar \u00e9s az orosz f\u00e9l titkos t\u00e1rgyal\u00e1sai nyom\u00e1n a beruh\u00e1z\u00e1s \u00e1tv\u00e1ltozott a k\u00e9t orsz\u00e1g nemzetk\u00f6zi meg\u00e1llapod\u00e1s\u00e1ban v\u00e9grehajtand\u00f3 atomer\u0151m\u0171-\u00e9p\u00edt\u00e9ss\u00e9 &#8211; \u00e1llap\u00edtotta meg az EP z\u00f6ld frakci\u00f3j\u00e1ban politiz\u00e1l\u00f3 k\u00e9pvisel\u0151.<br \/>\n    J\u00e1vor utalt arra, hogy az EU-nak az uni\u00f3s k\u00f6zbeszerz\u00e9si \u00e9s versenyjogi el\u0151\u00edr\u00e1sok alapj\u00e1n jelent\u0151s jogos\u00edtv\u00e1nyai vannak a beruh\u00e1z\u00e1s j\u00f3v\u00e1hagy\u00e1s\u00e1val kapcsolatban. Az EP-k\u00e9pvisel\u0151 szerint nem egy\u00e9rtelm\u0171, \u00f6sszeegyeztethet\u0151-e az EU versenyszab\u00e1lyaival, hogy k\u00f6zbeszerz\u00e9si elj\u00e1r\u00e1s, tenderki\u00edr\u00e1s n\u00e9lk\u00fcl juttatt\u00e1k a Roszatomnak a b\u0151v\u00edt\u00e9si projekt f\u0151v\u00e1llalkoz\u00f3i \u00e9s gener\u00e1lkivitelez\u0151i feladatait.<br \/>\n    Az Egy\u00fctt-PM k\u00e9pvisel\u0151je arra v\u00e1r v\u00e1laszt az Eur\u00f3pai Bizotts\u00e1g illet\u00e9kes biztos\u00e1t\u00f3l, hogy folytat-e &#8211; vagy a k\u00f6zelj\u00f6v\u0151ben tervez-e folytatni &#8211; vizsg\u00e1latot a test\u00fclet a paksi tendereztet\u00e9s elmarad\u00e1sa miatt, \u00e9s ha igen, akkor mikorra v\u00e1rhat\u00f3 az elj\u00e1r\u00e1s eredm\u00e9nye, illetve mik lehetnek egy esetleges vizsg\u00e1lat k\u00f6vetkezm\u00e9nyei.<br \/>\n    K\u00f6zlem\u00e9ny\u00e9ben J\u00e1vor Benedek meger\u0151s\u00edtette az Egy\u00fctt-PM \u00e1ll\u00e1spontj\u00e1t, miszerint a b\u0151v\u00edt\u00e9s sz\u00fcks\u00e9gtelen, \u00e1tl\u00e1thatatlan, t\u00fal\u00e1razott, az energiaf\u00fcgg\u0151s\u00e9g \u00e9s a politikai mell\u00e9khat\u00e1sok miatt pedig k\u00e1ros is.<br \/>\n    &#8222;Min\u00e9l el\u0151bb kider\u00fcl, hogy az orosz p\u00e9nzb\u0151l fel\u00e9p\u00edteni tervezett orosz atomer\u0151m\u0171 megval\u00f3s\u00edt\u00e1s\u00e1ra nincs lehet\u0151s\u00e9g, ann\u00e1l kevesebb k\u00f6zp\u00e9nzt kell elpazarolni a XXI. sz\u00e1zad B\u0151s-Nagymaros\u00e1ra&#8221; &#8211; hangoztatta a k\u00e9pvisel\u0151.(MTI)<\/p>\n","protected":false},"excerpt":{"rendered":"<p>Az Eur\u00f3pai Bizotts\u00e1ghoz fordult J\u00e1vor Benedek, az Egy\u00fctt-PM eur\u00f3pai parlamenti (EP-) k\u00e9pvisel\u0151je a tervezett paksi b\u0151v\u00edt\u00e9ssel kapcsolatban, azt tudakolva, hogy nem \u00fctk\u00f6zik-e uni\u00f3s jogba a beruh\u00e1z\u00e1s tendereztet\u00e9s n\u00e9lk\u00fcli oda\u00edt\u00e9l\u00e9se.<\/p>\n","protected":false},"author":1,"featured_media":0,"comment_status":"open","ping_status":"closed","sticky":false,"template":"","format":"standard","meta":[],"categories":[19],"tags":[],"_links":{"self":[{"href":"https:\/\/gazdasagportal.hu\/index.php\/wp-json\/wp\/v2\/posts\/39198"}],"collection":[{"href":"https:\/\/gazdasagportal.hu\/index.php\/wp-json\/wp\/v2\/posts"}],"about":[{"href":"https:\/\/gazdasagportal.hu\/index.php\/wp-json\/wp\/v2\/types\/post"}],"author":[{"embeddable":true,"href":"https:\/\/gazdasagportal.hu\/index.php\/wp-json\/wp\/v2\/users\/1"}],"replies":[{"embeddable":true,"href":"https:\/\/gazdasagportal.hu\/index.php\/wp-json\/wp\/v2\/comments?post=39198"}],"version-history":[{"count":1,"href":"https:\/\/gazdasagportal.hu\/index.php\/wp-json\/wp\/v2\/posts\/39198\/revisions"}],"predecessor-version":[{"id":39199,"href":"https:\/\/gazdasagportal.hu\/index.php\/wp-json\/wp\/v2\/posts\/39198\/revisions\/39199"}],"wp:attachment":[{"href":"https:\/\/gazdasagportal.hu\/index.php\/wp-json\/wp\/v2\/media?parent=39198"}],"wp:term":[{"taxonomy":"category","embeddable":true,"href":"https:\/\/gazdasagportal.hu\/index.php\/wp-json\/wp\/v2\/categories?post=39198"},{"taxonomy":"post_tag","embeddable":true,"href":"https:\/\/gazdasagportal.hu\/index.php\/wp-json\/wp\/v2\/tags?post=39198"}],"curies":[{"name":"wp","href":"https:\/\/api.w.org\/{rel}","templated":true}]}}