{"id":39159,"date":"2014-07-11T10:09:50","date_gmt":"2014-07-11T08:09:50","guid":{"rendered":"http:\/\/stockportal.hu\/?p=39159"},"modified":"2014-07-11T10:09:50","modified_gmt":"2014-07-11T08:09:50","slug":"gazai-konfliktus-mindket-oldal-fokozza-csapasait-a-hadmuvelet-negyedik-napjan","status":"publish","type":"post","link":"https:\/\/gazdasagportal.hu\/index.php\/gazai-konfliktus-mindket-oldal-fokozza-csapasait-a-hadmuvelet-negyedik-napjan\/","title":{"rendered":"G\u00e1zai konfliktus &#8211; Mindk\u00e9t oldal fokozza csap\u00e1sait a hadm\u0171velet negyedik napj\u00e1n"},"content":{"rendered":"<p><strong>Mind az izraeli hadsereg, mind a g\u00e1zai \u00f6vezeti fegyveresek fokozz\u00e1k h\u00e1bor\u00fas er\u0151fesz\u00edt\u00e9seiket a hadm\u0171velet negyedik napj\u00e1n.<\/strong><!--more--><br \/>\n<div class=\"ads-in-post1\"><div id=\"gazdasagportal.hu_fullbanner_wideboard\"><\/div>\r\n<\/div>\n<p>    Reggel az \u00f6vezetb\u0151l t\u00f6bb hull\u00e1mban sz\u00e1mos rak\u00e9t\u00e1t l\u0151ttek ki izraeli telep\u00fcl\u00e9sekre. A rak\u00e9t\u00e1k lakott r\u00e9szekre tart\u00f3 r\u00e9sz\u00e9nek t\u00falnyom\u00f3 t\u00f6bbs\u00e9g\u00e9t a Vaskupola v\u00e9delmi rendszer elfog\u00f3rak\u00e9t\u00e1i megsemmis\u00edtett\u00e9k, de egy k\u00f6z\u00fcl\u00fck becsap\u00f3dott Asd\u00f3dban. A rak\u00e9ta egy benzink\u00fatn\u00e1l robbant f\u00f6l, \u00e9s l\u00e1ngra gy\u00fajtotta a tart\u00e1lyokat, s\u00falyosan megsebes\u00edtve egy, k\u00f6nnyebben pedig k\u00e9t embert.<br \/>\n    A palesztinok egyszerre sz\u00e1mos rak\u00e9ta \u00fatnak ind\u00edt\u00e1s\u00e1val pr\u00f3b\u00e1lj\u00e1k kiismerni \u00e9s megt\u00e9veszteni a Vaskupol\u00e1t, reggel Asd\u00f3dra egyszerre kilenc rak\u00e9t\u00e1t l\u0151ttek ki, azok k\u00f6z\u00fcl \u00e9rt egy c\u00e9lhoz.<br \/>\n    Izrael az ut\u00f3bbi h\u00e1rom \u00e9s f\u00e9l nap alatt 1090 g\u00e1zai c\u00e9lpontot t\u00e1madott, ami azt jelenti, hogy minden n\u00e9gy \u00e9s f\u00e9l percre jutott egy katonai akci\u00f3. A t\u00e1mad\u00e1sok nyom\u00e1n legkevesebb 98 palesztin vesztette \u00e9let\u00e9t, a hadsereg becsl\u00e9se szerint a harmaduk civil volt.<br \/>\n    Iszm\u00e1il Han\u00edje, a G\u00e1zai \u00f6vezetet ural\u00f3 Ham\u00e1sz iszlamista szervezet vezet\u0151je p\u00e9nteken G\u00e1z\u00e1ban a palesztin m\u00e9di\u00e1nak kijelentette, hogy &#8222;n\u00e9p\u00fcnk gy\u0151zni fog, nem \u00e9rdekes az \u00e1ldozatok \u00e9s a fenyeget\u00e9sek sz\u00e1ma. N\u00e9p\u00fcnk egys\u00e9ges, \u00e9s p\u00e9ld\u00e1tlan m\u00f3don t\u00e1mogatja az ellen\u00e1ll\u00e1st.&#8221; &#8222;Nem f\u00e9l\u00fcnk az ellens\u00e9g fenyeget\u00e9seit\u0151l. A vezet\u0151k v\u00e9re nem fontosabb a gyermekek\u00e9n\u00e9l \u00e9s a csal\u00e1dok\u00e9n\u00e1l&#8221; &#8211; utalt a fegyveres szervezetek vezet\u0151inek izraeli c\u00e9lbav\u00e9tel\u00e9re.<br \/>\n    Mahm\u00fad Zahar, a szervezet egy m\u00e1sik vezet\u0151je a Ham\u00e1sz t\u00e9v\u00e9j\u00e9nek \u00fagy nyilatkozott p\u00e9nteken, hogy k\u00e9szek h\u00f3napokig harcolni, s hogy a jelenlegi akci\u00f3 akkor \u00e9r v\u00e9get, ha megsz\u0171nnek az izraeli &#8222;jogs\u00e9rt\u00e9sek&#8221;, k\u00f6zt\u00fck a G\u00e1zai \u00f6vezet elleni bojkott, \u00e9s szabadon engedik a Gil\u00e1d Salit fogolycser\u00e9jekor elengedett, majd a h\u00e1rom izraeli tizen\u00e9ves j\u00fanius k\u00f6zepi elrabl\u00e1sa \u00e9s meg\u00f6l\u00e9se ut\u00e1n ism\u00e9t \u0151rizetbe vett palesztinokat.(MTI)<\/p>\n","protected":false},"excerpt":{"rendered":"<p>Mind az izraeli hadsereg, mind a g\u00e1zai \u00f6vezeti fegyveresek fokozz\u00e1k h\u00e1bor\u00fas er\u0151fesz\u00edt\u00e9seiket a hadm\u0171velet negyedik napj\u00e1n.<\/p>\n","protected":false},"author":1,"featured_media":0,"comment_status":"open","ping_status":"closed","sticky":false,"template":"","format":"standard","meta":[],"categories":[16],"tags":[],"_links":{"self":[{"href":"https:\/\/gazdasagportal.hu\/index.php\/wp-json\/wp\/v2\/posts\/39159"}],"collection":[{"href":"https:\/\/gazdasagportal.hu\/index.php\/wp-json\/wp\/v2\/posts"}],"about":[{"href":"https:\/\/gazdasagportal.hu\/index.php\/wp-json\/wp\/v2\/types\/post"}],"author":[{"embeddable":true,"href":"https:\/\/gazdasagportal.hu\/index.php\/wp-json\/wp\/v2\/users\/1"}],"replies":[{"embeddable":true,"href":"https:\/\/gazdasagportal.hu\/index.php\/wp-json\/wp\/v2\/comments?post=39159"}],"version-history":[{"count":1,"href":"https:\/\/gazdasagportal.hu\/index.php\/wp-json\/wp\/v2\/posts\/39159\/revisions"}],"predecessor-version":[{"id":39160,"href":"https:\/\/gazdasagportal.hu\/index.php\/wp-json\/wp\/v2\/posts\/39159\/revisions\/39160"}],"wp:attachment":[{"href":"https:\/\/gazdasagportal.hu\/index.php\/wp-json\/wp\/v2\/media?parent=39159"}],"wp:term":[{"taxonomy":"category","embeddable":true,"href":"https:\/\/gazdasagportal.hu\/index.php\/wp-json\/wp\/v2\/categories?post=39159"},{"taxonomy":"post_tag","embeddable":true,"href":"https:\/\/gazdasagportal.hu\/index.php\/wp-json\/wp\/v2\/tags?post=39159"}],"curies":[{"name":"wp","href":"https:\/\/api.w.org\/{rel}","templated":true}]}}