{"id":39138,"date":"2014-07-11T04:15:00","date_gmt":"2014-07-11T02:15:00","guid":{"rendered":"http:\/\/stockportal.hu\/?p=39138"},"modified":"2014-07-10T21:35:43","modified_gmt":"2014-07-10T19:35:43","slug":"lagermax-sztrajk-tiltakozo-soforoket-bocsatottak-el","status":"publish","type":"post","link":"https:\/\/gazdasagportal.hu\/index.php\/lagermax-sztrajk-tiltakozo-soforoket-bocsatottak-el\/","title":{"rendered":"Lagermax-sztr\u00e1jk &#8211; Tiltakoz\u00f3 sof\u0151r\u00f6ket bocs\u00e1tottak el"},"content":{"rendered":"<p><strong>H\u00e9t g\u00e9pkocsivezet\u0151t bocs\u00e1tott el szerd\u00e1n a Lagermax Aut\u00f3transzport Kft. vezet\u00e9se, akik r\u00e9szt vettek a b\u00e9rt\u00e1rgyal\u00e1sok elmarad\u00e1sa miatti h\u00e9tf\u0151i sztr\u00e1jkban &#8211; k\u00f6z\u00f6lte a demonstr\u00e1ci\u00f3t meghirdet\u0151 szakszervezet eln\u00f6ke cs\u00fct\u00f6rt\u00f6k\u00f6n az MTI-vel.<\/strong><!--more--><br \/>\n<div class=\"ads-in-post1\"><div id=\"gazdasagportal.hu_fullbanner_wideboard\"><\/div>\r\n<\/div>\n<p>    A szakszervezet szerint, b\u00e1r a c\u00e9g a t\u00e1rsas\u00e1g piaci helyzet\u00e9nek tart\u00f3s roml\u00e1s\u00e1ra, illetve az aut\u00f3sz\u00e1ll\u00edt\u00f3 kamionok sz\u00e1m\u00e1nak cs\u00f6kkent\u00e9s\u00e9re hivatkozott, ennek igazs\u00e1gtartalm\u00e1t megk\u00e9rd\u0151jelezi az id\u0151z\u00edt\u00e9s, \u00e9s az, hogy csak a tiltakoz\u00e1sban r\u00e9sztvev\u0151ket bocs\u00e1tottak el.<br \/>\n    J\u00e1r\u00e1si Tam\u00e1s, a Multinacion\u00e1lis C\u00e9gek Dolgoz\u00f3inak Szakszervezete (MCDSz) eln\u00f6ke kor\u00e1bban elmondta, hogy h\u00e9tf\u0151n a sof\u0151r\u00f6k az\u00e9rt sztr\u00e1jkoltak, mert az \u00e9rdekk\u00e9pviselet sz\u00e1mos kezdem\u00e9nyez\u00e9se ellen\u00e9re, t\u00f6bb mint f\u00e9l \u00e9ve nem j\u00f6tt l\u00e9tre a m\u00e1rcius 31-\u00e9n lej\u00e1rt b\u00e9rmeg\u00e1llapod\u00e1s hely\u00e9be l\u00e9p\u0151 \u00faj meg\u00e1llapod\u00e1s, a c\u00e9g vezet\u00e9s\u00e9vel folytatott t\u00f6bbsz\u00f6ri konzult\u00e1ci\u00f3 sem vezetett eredm\u00e9nyre. Mint mondta, a 110 sof\u0151r k\u00f6r\u00fclbel\u00fcl 90 sz\u00e1zal\u00e9ka csatlakozott az akci\u00f3hoz, mintegy harmaduk a buda\u00f6rsi telephely eb\u00e9dl\u0151j\u00e9ben pihent 8-t\u00f3l 10 \u00f3r\u00e1ig, m\u00edg az \u00faton l\u00e9v\u0151k, szerte Eur\u00f3p\u00e1ban, valamelyik parkol\u00f3ban \u00e1lltak le k\u00e9t \u00f3r\u00e1ra.<br \/>\n    A f\u0151k\u00e9nt \u00faj g\u00e9pkocsi-logisztik\u00e1val, sz\u00e1ll\u00edt\u00e1ssal foglalkoz\u00f3 Lagermax menedzsmentje ugyanakkor azt k\u00f6z\u00f6lte kedden a sztr\u00e1jkra reag\u00e1lva: 93 g\u00e9pkocsivezet\u0151 k\u00f6z\u00fcl csak 15-en nem vett\u00e9k fel a munk\u00e1t, a c\u00e9g \u00e9tkez\u0151j\u00e9ben tart\u00f3zkodtak. Hozz\u00e1tett\u00e9k: t\u00falzottnak tartj\u00e1k \u00e9s elutas\u00edtj\u00e1k a buda\u00f6rsi telephely sof\u0151rjeinek b\u00e9rk\u00f6vetel\u00e9s\u00e9t, mellyel &#8222;nyom\u00e1st k\u00edv\u00e1ntak gyakorolni a c\u00e9gvezet\u00e9sre&#8221;. A vezet\u0151s\u00e9g szerint a realit\u00e1sokt\u00f3l teljesen &#8222;elrugaszkodott&#8221; k\u00f6vetel\u00e9s k\u00f6zel 70 sz\u00e1zal\u00e9kos b\u00e9rk\u00f6lts\u00e9g n\u00f6veked\u00e9ssel terheln\u00e9 a v\u00e1llalatot, ami nem engedhet\u0151 meg, m\u00e1r csak a 300 alkalmazott meg\u00e9lhet\u00e9s\u00e9nek biztos\u00edt\u00e1sa miatt sem &#8211; k\u00f6z\u00f6lt\u00e9k egyebek mellett.<br \/>\n    J\u00e1r\u00e1si Tam\u00e1s cs\u00fct\u00f6rt\u00f6k\u00f6n a le\u00e9p\u00edt\u00e9sr\u0151l sz\u00f3lva \u00fagy fogalmazott: ez a l\u00e9p\u00e9s &#8222;a kollekt\u00edva megf\u00e9leml\u00edt\u00e9s\u00e9re ir\u00e1nyul, \u00e9s nem m\u00e1s, mint a j\u00falius 7-ei sztr\u00e1jk munk\u00e1ltat\u00f3i retorzi\u00f3ja&#8221;.<br \/>\n    Hozz\u00e1tette: a szakszervezet d\u00edjmentes jogi k\u00e9pviseletet biztos\u00edt az \u00e9rintett dolgoz\u00f3knak, b\u00edr\u00f3s\u00e1ghoz fordul, egy\u00fattal al\u00e1\u00edr\u00e1sgy\u0171jt\u00e9st szervez a felmond\u00e1sok azonnali visszavon\u00e1sa \u00e9rdek\u00e9ben.<br \/>\n    Az MCDSz tov\u00e1bbra is nyitott az \u00e9rdemi b\u00e9rt\u00e1rgyal\u00e1sok megkezd\u00e9s\u00e9re, ugyanakkor ragaszkodik az el\u0151zetesen jelzett brutt\u00f3 10 sz\u00e1zal\u00e9kos b\u00e9remel\u00e9shez. Minden ellenkez\u0151 h\u00edresztel\u00e9s ellen\u00e9re a szakszervezetnek nem c\u00e9lja a munk\u00e1ltat\u00f3 m\u0171k\u00f6d\u00e9s\u00e9nek ellehetetlen\u00edt\u00e9se, mert csak tagjai munkahely\u00e9t vesz\u00e9lyeztetn\u00e9 &#8211; hangs\u00falyozta k\u00f6zlem\u00e9ny\u00e9ben az eln\u00f6k, aki jelezte: illet\u00e9kes test\u00fcleteik a szerdai esem\u00e9nyek t\u00fckr\u00e9ben megkezdt\u00e9k az egyeztet\u00e9st egy hat\u00e1rozatlan idej\u0171 sztr\u00e1jkr\u00f3l.<br \/>\n    Az elbocs\u00e1t\u00e1sokkal, illetve a szakszervezeti tiltakoz\u00e1ssal \u00f6sszef\u00fcgg\u0151 \u00e1ll\u00e1spontj\u00e1r\u00f3l az MTI megkeres\u00e9s\u00e9re k\u00e9s\u0151bbre \u00edg\u00e9rt t\u00e1j\u00e9koztat\u00e1st a Lagermax menedzsmentje.(MTI)<\/p>\n","protected":false},"excerpt":{"rendered":"<p>H\u00e9t g\u00e9pkocsivezet\u0151t bocs\u00e1tott el szerd\u00e1n a Lagermax Aut\u00f3transzport Kft. vezet\u00e9se, akik r\u00e9szt vettek a b\u00e9rt\u00e1rgyal\u00e1sok elmarad\u00e1sa miatti h\u00e9tf\u0151i sztr\u00e1jkban &#8211; k\u00f6z\u00f6lte a demonstr\u00e1ci\u00f3t meghirdet\u0151 szakszervezet eln\u00f6ke cs\u00fct\u00f6rt\u00f6k\u00f6n az MTI-vel.<\/p>\n","protected":false},"author":1,"featured_media":0,"comment_status":"open","ping_status":"closed","sticky":false,"template":"","format":"standard","meta":[],"categories":[19],"tags":[],"_links":{"self":[{"href":"https:\/\/gazdasagportal.hu\/index.php\/wp-json\/wp\/v2\/posts\/39138"}],"collection":[{"href":"https:\/\/gazdasagportal.hu\/index.php\/wp-json\/wp\/v2\/posts"}],"about":[{"href":"https:\/\/gazdasagportal.hu\/index.php\/wp-json\/wp\/v2\/types\/post"}],"author":[{"embeddable":true,"href":"https:\/\/gazdasagportal.hu\/index.php\/wp-json\/wp\/v2\/users\/1"}],"replies":[{"embeddable":true,"href":"https:\/\/gazdasagportal.hu\/index.php\/wp-json\/wp\/v2\/comments?post=39138"}],"version-history":[{"count":1,"href":"https:\/\/gazdasagportal.hu\/index.php\/wp-json\/wp\/v2\/posts\/39138\/revisions"}],"predecessor-version":[{"id":39139,"href":"https:\/\/gazdasagportal.hu\/index.php\/wp-json\/wp\/v2\/posts\/39138\/revisions\/39139"}],"wp:attachment":[{"href":"https:\/\/gazdasagportal.hu\/index.php\/wp-json\/wp\/v2\/media?parent=39138"}],"wp:term":[{"taxonomy":"category","embeddable":true,"href":"https:\/\/gazdasagportal.hu\/index.php\/wp-json\/wp\/v2\/categories?post=39138"},{"taxonomy":"post_tag","embeddable":true,"href":"https:\/\/gazdasagportal.hu\/index.php\/wp-json\/wp\/v2\/tags?post=39138"}],"curies":[{"name":"wp","href":"https:\/\/api.w.org\/{rel}","templated":true}]}}