{"id":39025,"date":"2014-07-09T12:42:11","date_gmt":"2014-07-09T10:42:11","guid":{"rendered":"http:\/\/stockportal.hu\/?p=39025"},"modified":"2014-07-09T11:13:13","modified_gmt":"2014-07-09T09:13:13","slug":"ujabb-kolcsonos-raketatamadasok-zajlanak-izrael-es-a-gazai-ovezet-kozott-a-hadmuvelet-masodik-napjan","status":"publish","type":"post","link":"https:\/\/gazdasagportal.hu\/index.php\/ujabb-kolcsonos-raketatamadasok-zajlanak-izrael-es-a-gazai-ovezet-kozott-a-hadmuvelet-masodik-napjan\/","title":{"rendered":"\u00dajabb k\u00f6lcs\u00f6n\u00f6s rak\u00e9tat\u00e1mad\u00e1sok zajlanak Izrael \u00e9s a G\u00e1zai \u00f6vezet k\u00f6z\u00f6tt a hadm\u0171velet m\u00e1sodik napj\u00e1n"},"content":{"rendered":"<p><strong>Tov\u00e1bb folynak a k\u00f6lcs\u00f6n\u00f6s rak\u00e9tat\u00e1mad\u00e1sok Izrael \u00e9s a Ham\u00e1sz palesztin iszlamista szervezet uralta G\u00e1zai \u00f6vezet k\u00f6z\u00f6tt az \u00f6vezet iszlamista er\u0151i ellen ind\u00edtott izraeli hadm\u0171velet m\u00e1sodik napj\u00e1n.<\/strong><!--more--><br \/>\n<div class=\"ads-in-post1\"><div id=\"gazdasagportal.hu_fullbanner_wideboard\"><\/div>\r\n<\/div>\n<p>    Reggel ism\u00e9t Tel-Avivot \u00e9s k\u00f6rny\u00e9k\u00e9t vett\u00e9k c\u00e9lba az \u00f6vezetb\u0151l a Ham\u00e1sz h\u00e1zilagos k\u00e9sz\u00edt\u00e9s\u0171 M76-os rak\u00e9t\u00e1ival, amelyek ak\u00e1r hetven kilom\u00e9terre is eljutnak. A k\u00e9t l\u00f6ved\u00e9ket semleges\u00edtett\u00e9k Ris\u00f3n Leci\u00f3n telep\u00fcl\u00e9s f\u00f6l\u00f6tt a Vaskupola rak\u00e9tav\u00e9delmi rendszer elfog\u00f3 rak\u00e9t\u00e1i, de a maradv\u00e1nyok egy f\u0151\u00fatra estek. Az orsz\u00e1g k\u00f6z\u00e9ps\u0151 r\u00e9sz\u00e9n a rak\u00e9tavesz\u00e9ly ellen\u00e9re megnyitott\u00e1k kapuikat szerda reggel a ny\u00e1ri iskolai t\u00e1borok, de a nyilv\u00e1nos \u00f3v\u00f3helyek is nyitva vannak l\u00e9giriad\u00f3k eset\u00e9re.<br \/>\n    Jeruzs\u00e1lemi korm\u00e1nyk\u00f6zeli forr\u00e1sok \u00fagy nyilatkoztak a katonai r\u00e1di\u00f3nak, hogy a Ham\u00e1sz r\u00e9sz\u00e9r\u0151l jelenleg nincsenek puhatol\u00f3z\u00e1sok egy esetleges t\u0171zsz\u00fcnetr\u0151l, s a hadm\u0171velet szerint\u00fck legal\u00e1bb egy h\u00e9tig tart majd. A r\u00e1di\u00f3 szerint a korm\u00e1ny k\u00f6reiben egyre t\u00f6bben k\u00f6vetelik a G\u00e1zai \u00f6vezetbe ir\u00e1nyul\u00f3 \u00e1ramszolg\u00e1ltat\u00e1s, \u00fczemanyag- \u00e9s \u00e9lelemsz\u00e1ll\u00edt\u00e1s le\u00e1ll\u00edt\u00e1s\u00e1t.<br \/>\n     Az el\u0151z\u0151 hadm\u0171veletekben megszokott egyiptomi k\u00f6zvet\u00edt\u00e9s egyel\u0151re sz\u00fcnetel, a 10-es t\u00e9v\u00e9csatorna esti h\u00edrad\u00e1sa szerint az ottani vezet\u00e9s z\u00f6ld utat adott Izraelnek a Ham\u00e1sz elleni akci\u00f3khoz. Kair\u00f3ban nem \u00e1llnak a g\u00e1zai vez\u00e9rkar mell\u00e9, mert a S\u00ednai\u2013f\u00e9lszigeten a vel\u00fck sz\u00f6vets\u00e9ges iszlamist\u00e1k az egyiptomi katon\u00e1k ellen harcolnak.<br \/>\n    Az Izraellel b\u00e9keszerz\u0151d\u00e9st k\u00f6t\u00f6tt Jord\u00e1nia korm\u00e1nysz\u00f3viv\u0151je szerd\u00e1n k\u00f6zlem\u00e9nyt adott ki, amely felsz\u00f3l\u00edtja Izraelt a G\u00e1zai \u00f6vezet elleni \u201ebarb\u00e1r agresszi\u00f3\u201d le\u00e1ll\u00edt\u00e1s\u00e1ra \u00e9s \u00f3va int annak k\u00f6vetkezm\u00e9nyeit\u0151l.<br \/>\n     Izrael kedd hajnalban kezdte a hadm\u0171veletet kezdett a G\u00e1zai \u00f6vezet iszl\u00e1mista er\u0151i ellen, \u00e9s mozg\u00f3s\u00edtott negyvenezer tartal\u00e9kost. A hadsereg sz\u00f3viv\u0151j\u00e9nek bejelent\u00e9se szerint az \u201eEr\u0151s Szikla\u201d fed\u0151nev\u0171 offenz\u00edv\u00e1nak kett\u0151s c\u00e9lja van: egyr\u00e9szt csap\u00e1st akarnak m\u00e9rni a Ham\u00e1sz radik\u00e1lis palesztin szervezetre, m\u00e1sr\u00e9szt cs\u00f6kkenteni akarj\u00e1k az Izraelre ir\u00e1nyul\u00f3 rak\u00e9tat\u00e1mad\u00e1sok sz\u00e1m\u00e1t.<br \/>\n    A Ham\u00e1sz is elnevezte a hadm\u0171veletet, G\u00e1z\u00e1ban &#8222;Ramad\u00e1n tizedike&#8221; hadm\u0171veletnek h\u00edvj\u00e1k, ami nemcsak a harcok keddi kit\u00f6r\u00e9s\u00e9nek d\u00e1tuma, hanem egyben az Izrael sz\u00e1m\u00e1ra k\u00fcl\u00f6n\u00f6sen vesztes\u00e9ges 1973-as j\u00f3m-kip\u00fari h\u00e1bor\u00fa egyiptomi elnevez\u00e9se is.<br \/>\n    Az izraeli l\u00e9gier\u0151 Moti Alm\u00f3z alt\u00e1bornok besz\u00e1mol\u00f3ja szerint sz\u00e1zhatvan katonai c\u00e9lpontot bomb\u00e1zott az \u00f6vezetben \u00e9jszaka, sz\u00e1zh\u00faz rak\u00e9taind\u00edt\u00f3 \u00e1ll\u00e1st, a Ham\u00e1sz t\u00edz tisztj\u00e9t \u00e9s parancsnok\u00e1t, valamint t\u00f6bb alagutat. C\u00e9lzott t\u00e1mad\u00e1st hajtottak v\u00e9gre t\u00f6bbek k\u00f6zt H\u00e1fez Hamad, az Iszl\u00e1m Dzsih\u00e1d beit-han\u00fani vezet\u0151j\u00e9nek h\u00e1za ellen is, aki t\u00f6bb csal\u00e1dtagj\u00e1val egy\u00fctt \u00e9let\u00e9t vesztette. A ham\u00e1szos Rad al-Atar h\u00e1z\u00e1t is l\u0151tt\u00e9k, neki Gil\u00e1d Salit elrabolt tizedes \u00fcgy\u00e9ben volt szerepe.<br \/>\n    El\u0151z\u0151leg, kedden k\u00e9s\u0151 este ism\u00e9t nagyar\u00e1ny\u00fa rak\u00e9tat\u00e1mad\u00e1st hajtottak v\u00e9gre G\u00e1z\u00e1b\u00f3l els\u0151sorban t\u00e1volabbi c\u00e9lpontok, k\u00f6zt\u00fck Jeruzs\u00e1lem ellen. A Tel-Avivt\u00f3l \u00e9szakra fekv\u0151 Hader\u00e1ban egy ak\u00e1r t\u00f6bb mint sz\u00e1z kilom\u00e9terre eljut\u00f3 M-32-es rak\u00e9ta maradv\u00e1nyait lelt\u00e9k meg, amelyb\u0151l az izraeli szak\u00e9rt\u0151k szerint m\u00e9g t\u00f6bb tucat lehet a Ham\u00e1sznak. Ilyen rak\u00e9t\u00e1kat egy n\u00e9gy \u00e9ve elfogott ir\u00e1ni fegyversz\u00e1ll\u00edt\u00f3 haj\u00f3n tal\u00e1ltak.<br \/>\n    A hadm\u0171velet megind\u00edt\u00e1sa \u00f3ta \u00f6sszesen mintegy \u00f6tsz\u00e1z l\u00f6ved\u00e9ket l\u0151ttek ki Izrael fel\u00e9 G\u00e1z\u00e1b\u00f3l. Ebb\u0151l a Jedi\u00f3t Ahron\u00f3t szerdai sz\u00e1ma szerint n\u00e9gyet Be\u00e9r-Sev\u00e1ra, h\u00e1rmat Jeruzs\u00e1lemre, egyet-egyet Tel-Avivra, Ris\u00f3n Leci\u00f3nra, Hader\u00e1ra, Geder\u00e1ra ir\u00e1nyoztak, Asd\u00f3dban tizenegyszer, Askel\u00f3nban hatszor, a G\u00e1zai \u00f6vezet hat\u00e1r\u00e1hoz k\u00f6zeli Szder\u00f3tban pedig \u00f6tvenszer sz\u00f3lalt meg a l\u00e9gv\u00e9delmi figyelmeztet\u00e9s \u00e9s kerestek mened\u00e9ket az emberek.(MTI)<\/p>\n","protected":false},"excerpt":{"rendered":"<p>Tov\u00e1bb folynak a k\u00f6lcs\u00f6n\u00f6s rak\u00e9tat\u00e1mad\u00e1sok Izrael \u00e9s a Ham\u00e1sz palesztin iszlamista szervezet uralta G\u00e1zai \u00f6vezet k\u00f6z\u00f6tt az \u00f6vezet iszlamista er\u0151i ellen ind\u00edtott izraeli hadm\u0171velet m\u00e1sodik napj\u00e1n.<\/p>\n","protected":false},"author":1,"featured_media":0,"comment_status":"open","ping_status":"closed","sticky":false,"template":"","format":"standard","meta":[],"categories":[16],"tags":[],"_links":{"self":[{"href":"https:\/\/gazdasagportal.hu\/index.php\/wp-json\/wp\/v2\/posts\/39025"}],"collection":[{"href":"https:\/\/gazdasagportal.hu\/index.php\/wp-json\/wp\/v2\/posts"}],"about":[{"href":"https:\/\/gazdasagportal.hu\/index.php\/wp-json\/wp\/v2\/types\/post"}],"author":[{"embeddable":true,"href":"https:\/\/gazdasagportal.hu\/index.php\/wp-json\/wp\/v2\/users\/1"}],"replies":[{"embeddable":true,"href":"https:\/\/gazdasagportal.hu\/index.php\/wp-json\/wp\/v2\/comments?post=39025"}],"version-history":[{"count":1,"href":"https:\/\/gazdasagportal.hu\/index.php\/wp-json\/wp\/v2\/posts\/39025\/revisions"}],"predecessor-version":[{"id":39026,"href":"https:\/\/gazdasagportal.hu\/index.php\/wp-json\/wp\/v2\/posts\/39025\/revisions\/39026"}],"wp:attachment":[{"href":"https:\/\/gazdasagportal.hu\/index.php\/wp-json\/wp\/v2\/media?parent=39025"}],"wp:term":[{"taxonomy":"category","embeddable":true,"href":"https:\/\/gazdasagportal.hu\/index.php\/wp-json\/wp\/v2\/categories?post=39025"},{"taxonomy":"post_tag","embeddable":true,"href":"https:\/\/gazdasagportal.hu\/index.php\/wp-json\/wp\/v2\/tags?post=39025"}],"curies":[{"name":"wp","href":"https:\/\/api.w.org\/{rel}","templated":true}]}}