{"id":38922,"date":"2014-07-08T04:20:00","date_gmt":"2014-07-08T02:20:00","guid":{"rendered":"http:\/\/stockportal.hu\/?p=38922"},"modified":"2014-07-07T21:23:02","modified_gmt":"2014-07-07T19:23:02","slug":"raketak-tucatjaival-lovik-izraelt-a-gazai-ovezetbol","status":"publish","type":"post","link":"https:\/\/gazdasagportal.hu\/index.php\/raketak-tucatjaival-lovik-izraelt-a-gazai-ovezetbol\/","title":{"rendered":"Rak\u00e9t\u00e1k tucatjaival l\u00f6vik Izraelt a G\u00e1zai \u00f6vezetb\u0151l"},"content":{"rendered":"<p><strong>Rak\u00e9t\u00e1k tucatjaival t\u00e1madt\u00e1k h\u00e9tf\u0151 este Izraelt a G\u00e1zai \u00f6vezetb\u0151l; a Ham\u00e1sz radik\u00e1lis palesztin szervezet mag\u00e1ra v\u00e1llalta az akci\u00f3t &#8211; jelentette az izraeli t\u00edzes t\u00e9v\u00e9csatorna esti h\u00edrad\u00e1sa.<br \/>\n<\/strong><!--more--><br \/>\n<div class=\"ads-in-post1\"><div id=\"gazdasagportal.hu_fullbanner_wideboard\"><\/div>\r\n<\/div>\n<p>    H\u00e9tf\u0151n m\u00e1r nemcsak az orsz\u00e1g d\u00e9li, hanem k\u00f6z\u00e9ps\u0151 r\u00e9sz\u00e9t is l\u0151tt\u00e9k. Megsz\u00f3laltak a l\u00e9gv\u00e9delmi szir\u00e1n\u00e1k Geder\u00e1ban, Rehov\u00f3tban \u00e9s Asd\u00f3dban is, ahov\u00e1 a Felh\u0151oszlop hadm\u0171velet, azaz 2012 novembere \u00f3ta nem ir\u00e1nyoztak rak\u00e9t\u00e1kat.<br \/>\n    Komolyabb veszts\u00e9gekr\u0151l nem \u00e9rkezett jelent\u00e9s. Asd\u00f3dban egy l\u00f6ved\u00e9k szil\u00e1nkjai megsebes\u00edtettek egy n\u0151t, de egy\u00e9b sebes\u00fcltekr\u0151l vagy anyagi k\u00e1rr\u00f3l nincs h\u00edr.<br \/>\n    Az izraeli kabinet elhat\u00e1rozta ezer\u00f6tsz\u00e1z tartal\u00e9kos mozg\u00f3s\u00edt\u00e1s\u00e1t, de a hadsereg egyel\u0151re csak a l\u00e9gier\u0151nek a g\u00e1zai rejtett rak\u00e9tavet\u0151k elleni bevet\u00e9s\u00e9vel pr\u00f3b\u00e1lja megakad\u00e1lyozni a helyzet tov\u00e1bbi roml\u00e1s\u00e1t.<br \/>\n    Az orsz\u00e1g d\u00e9li \u00e9s k\u00f6z\u00e9ps\u0151, rak\u00e9t\u00e1k fenyegette r\u00e9sz\u00e9n \u00e9l\u0151k \u00f3v\u00f3helyekre \u00e9s a biztons\u00e1gos, v\u00e9dett betonfal\u00fa szob\u00e1kba vonultak. A hat\u00f3s\u00e1gok d\u00f6nt\u00e9s\u00e9re az orsz\u00e1g d\u00e9li r\u00e9sz\u00e9n biztons\u00e1gi okokb\u00f3l lemondj\u00e1k az \u00f6sszes nagyobb csoportos \u00f6sszej\u00f6vetelt. Keddt\u0151l a vesz\u00e9lyeztetett helyeken z\u00e1rva lesznek azok a ny\u00e1ri t\u00e1borok, ahol nincs \u00f3v\u00f3hely, s el kell halasztani a nagyobb csal\u00e1di esem\u00e9nyeket \u00e9s rendezv\u00e9nyeket.<br \/>\n    A Vaskupola ellenrak\u00e9t\u00e1i tizenk\u00e9t, lakott ter\u00fcletekre ir\u00e1nyzott rak\u00e9t\u00e1t semmis\u00edtettek meg a leveg\u0151ben h\u00e9tf\u0151 este. M\u00e1r h\u00e9t ellenrak\u00e9t\u00e1kat kil\u00f6v\u0151 Vaskupola \u00fcteget helyeztek \u00fczembe a s\u0171r\u0171n lakott ter\u00fcletek v\u00e9delm\u00e9ben, t\u00f6bbek k\u00f6zt az orsz\u00e1g k\u00f6zep\u00e9n l\u00e9v\u0151 Modiin hat\u00e1r\u00e1ban is. A Ham\u00e1sz Tel-Aviv l\u00f6vet\u00e9s\u00e9vel fenyeget. A t\u00e9v\u00e9 katonai szak\u00e9rt\u0151i szerint az \u00f6vezetben az elm\u00falt id\u0151szakban a f\u00f6ldbe \u00e1sott, betonfal\u00fa alagutakban jelent\u0151s arzen\u00e1lt halmoztak fel a h\u00e1zi gy\u00e1rtm\u00e1ny\u00fa rak\u00e9t\u00e1kb\u00f3l.<br \/>\n    A szak\u00e9rt\u0151k szerint \u00e9jszaka az eddigiekn\u00e9l sokkal jelent\u0151sebb ellencsap\u00e1sokra k\u00e9sz\u00fcl a l\u00e9gier\u0151 a G\u00e1zai \u00f6vezetben, s az er\u0151szak fokoz\u00f3d\u00e1s\u00e1ra lehet sz\u00e1m\u00edtani a k\u00f6vetkez\u0151 napokban, mert a meggyeng\u00fclt Ham\u00e1sznak er\u0151t kell felmutatnia.<\/p>\n","protected":false},"excerpt":{"rendered":"<p>Rak\u00e9t\u00e1k tucatjaival t\u00e1madt\u00e1k h\u00e9tf\u0151 este Izraelt a G\u00e1zai \u00f6vezetb\u0151l; a Ham\u00e1sz radik\u00e1lis palesztin szervezet mag\u00e1ra v\u00e1llalta az akci\u00f3t &#8211; jelentette az izraeli t\u00edzes t\u00e9v\u00e9csatorna esti h\u00edrad\u00e1sa.<\/p>\n","protected":false},"author":1,"featured_media":0,"comment_status":"open","ping_status":"closed","sticky":false,"template":"","format":"standard","meta":[],"categories":[16],"tags":[],"_links":{"self":[{"href":"https:\/\/gazdasagportal.hu\/index.php\/wp-json\/wp\/v2\/posts\/38922"}],"collection":[{"href":"https:\/\/gazdasagportal.hu\/index.php\/wp-json\/wp\/v2\/posts"}],"about":[{"href":"https:\/\/gazdasagportal.hu\/index.php\/wp-json\/wp\/v2\/types\/post"}],"author":[{"embeddable":true,"href":"https:\/\/gazdasagportal.hu\/index.php\/wp-json\/wp\/v2\/users\/1"}],"replies":[{"embeddable":true,"href":"https:\/\/gazdasagportal.hu\/index.php\/wp-json\/wp\/v2\/comments?post=38922"}],"version-history":[{"count":1,"href":"https:\/\/gazdasagportal.hu\/index.php\/wp-json\/wp\/v2\/posts\/38922\/revisions"}],"predecessor-version":[{"id":38923,"href":"https:\/\/gazdasagportal.hu\/index.php\/wp-json\/wp\/v2\/posts\/38922\/revisions\/38923"}],"wp:attachment":[{"href":"https:\/\/gazdasagportal.hu\/index.php\/wp-json\/wp\/v2\/media?parent=38922"}],"wp:term":[{"taxonomy":"category","embeddable":true,"href":"https:\/\/gazdasagportal.hu\/index.php\/wp-json\/wp\/v2\/categories?post=38922"},{"taxonomy":"post_tag","embeddable":true,"href":"https:\/\/gazdasagportal.hu\/index.php\/wp-json\/wp\/v2\/tags?post=38922"}],"curies":[{"name":"wp","href":"https:\/\/api.w.org\/{rel}","templated":true}]}}