{"id":38816,"date":"2014-07-05T04:03:47","date_gmt":"2014-07-05T02:03:47","guid":{"rendered":"http:\/\/stockportal.hu\/?p=38816"},"modified":"2014-07-04T18:35:06","modified_gmt":"2014-07-04T16:35:06","slug":"jobbik-az-orszaggyules-itelje-el-kijev-kelet-ukrajnai-fellepeset","status":"publish","type":"post","link":"https:\/\/gazdasagportal.hu\/index.php\/jobbik-az-orszaggyules-itelje-el-kijev-kelet-ukrajnai-fellepeset\/","title":{"rendered":"Jobbik: az Orsz\u00e1ggy\u0171l\u00e9s \u00edt\u00e9lje el Kijev kelet-ukrajnai fell\u00e9p\u00e9s\u00e9t!"},"content":{"rendered":"<p><strong>A Jobbik parlamenti frakci\u00f3ja p\u00e9nteken kezdem\u00e9nyezte, hogy az Orsz\u00e1ggy\u0171l\u00e9s hat\u00e1rozatban \u00edt\u00e9lje el &#8222;a kijevi korm\u00e1ny utas\u00edt\u00e1s\u00e1ra folytatott kelet-ukrajnai n\u00e9pirt\u00e1st \u00e9s az ahhoz ny\u00fajtott nyugati t\u00e1mogat\u00e1st, valamint j\u00e1rjon k\u00f6zben a magyar-ruszin auton\u00f3mia l\u00e9trej\u00f6tt\u00e9\u00e9rt K\u00e1rp\u00e1talj\u00e1n&#8221; &#8211; k\u00f6z\u00f6lte a p\u00e1rt az MTI-vel.<\/strong><!--more--><br \/>\n<div class=\"ads-in-post1\"><div id=\"gazdasagportal.hu_fullbanner_wideboard\"><\/div>\r\n<\/div>\n<p>    Azt \u00edrt\u00e1k: a kijevi korm\u00e1ny nemzetis\u00e9gi alapon t\u00e1mad saj\u00e1t \u00e1llampolg\u00e1raira, amihez a nyugati korm\u00e1nyok politikai, titkosszolg\u00e1lati, anyagi \u00e9s erk\u00f6lcsi t\u00e1mogat\u00e1st ny\u00fajtanak \u00e9s szemet hunynak a &#8222;soviniszta szabadcsapatokkal&#8221; val\u00f3 egy\u00fcttm\u0171k\u00f6d\u00e9s \u00e9s a jogs\u00e9rt\u00e9sek f\u00f6l\u00f6tt.<br \/>\n    &#8222;A Jobbik el\u00edt\u00e9li az er\u0151szak alkalmaz\u00e1s\u00e1t \u00e9s felh\u00edvja a figyelmet arra, hogy Magyarorsz\u00e1g kiemelt \u00e9rdeke a konfliktus b\u00e9k\u00e9s rendez\u00e9se, k\u00fcl\u00f6n\u00f6s tekintettel arra, hogy K\u00e1rp\u00e1talj\u00e1n jelent\u0151s sz\u00e1m\u00fa magyar \u00e9s a magyar nemzettel t\u00f6rt\u00e9nelme sor\u00e1n mindig k\u00f6z\u00f6ss\u00e9get v\u00e1llal\u00f3 ruszin kisebbs\u00e9g tal\u00e1lhat\u00f3&#8221; &#8211; \u00edrt\u00e1k, hozz\u00e1t\u00e9ve, hogy ezek a n\u00e9pcsoportok folyamatos fenyegetetts\u00e9gben \u00e9lnek a kijevi korm\u00e1ny kisebbs\u00e9gellenes politik\u00e1ja miatt.(MTI)<br \/>\n<div class=\"ads-in-post2\"><script async src=\"https:\/\/pagead2.googlesyndication.com\/pagead\/js\/adsbygoogle.js\"><\/script>\r\n<ins class=\"adsbygoogle\"\r\n     style=\"display:block\"\r\n     data-ad-format=\"fluid\"\r\n     data-ad-layout-key=\"-6t+ed+2i-1n-4w\"\r\n     data-ad-client=\"ca-pub-1959107119989764\"\r\n     data-ad-slot=\"4008251320\"><\/ins>\r\n<script>\r\n     (adsbygoogle = window.adsbygoogle || []).push({});\r\n<\/script><\/div>\n","protected":false},"excerpt":{"rendered":"<p>A Jobbik parlamenti frakci\u00f3ja p\u00e9nteken kezdem\u00e9nyezte, hogy az Orsz\u00e1ggy\u0171l\u00e9s hat\u00e1rozatban \u00edt\u00e9lje el &#8222;a kijevi korm\u00e1ny utas\u00edt\u00e1s\u00e1ra folytatott kelet-ukrajnai n\u00e9pirt\u00e1st \u00e9s az ahhoz ny\u00fajtott nyugati t\u00e1mogat\u00e1st, valamint j\u00e1rjon k\u00f6zben a magyar-ruszin auton\u00f3mia l\u00e9trej\u00f6tt\u00e9\u00e9rt K\u00e1rp\u00e1talj\u00e1n&#8221; &#8211; k\u00f6z\u00f6lte a p\u00e1rt az MTI-vel.<\/p>\n","protected":false},"author":1,"featured_media":0,"comment_status":"open","ping_status":"closed","sticky":false,"template":"","format":"standard","meta":[],"categories":[139],"tags":[],"_links":{"self":[{"href":"https:\/\/gazdasagportal.hu\/index.php\/wp-json\/wp\/v2\/posts\/38816"}],"collection":[{"href":"https:\/\/gazdasagportal.hu\/index.php\/wp-json\/wp\/v2\/posts"}],"about":[{"href":"https:\/\/gazdasagportal.hu\/index.php\/wp-json\/wp\/v2\/types\/post"}],"author":[{"embeddable":true,"href":"https:\/\/gazdasagportal.hu\/index.php\/wp-json\/wp\/v2\/users\/1"}],"replies":[{"embeddable":true,"href":"https:\/\/gazdasagportal.hu\/index.php\/wp-json\/wp\/v2\/comments?post=38816"}],"version-history":[{"count":1,"href":"https:\/\/gazdasagportal.hu\/index.php\/wp-json\/wp\/v2\/posts\/38816\/revisions"}],"predecessor-version":[{"id":38817,"href":"https:\/\/gazdasagportal.hu\/index.php\/wp-json\/wp\/v2\/posts\/38816\/revisions\/38817"}],"wp:attachment":[{"href":"https:\/\/gazdasagportal.hu\/index.php\/wp-json\/wp\/v2\/media?parent=38816"}],"wp:term":[{"taxonomy":"category","embeddable":true,"href":"https:\/\/gazdasagportal.hu\/index.php\/wp-json\/wp\/v2\/categories?post=38816"},{"taxonomy":"post_tag","embeddable":true,"href":"https:\/\/gazdasagportal.hu\/index.php\/wp-json\/wp\/v2\/tags?post=38816"}],"curies":[{"name":"wp","href":"https:\/\/api.w.org\/{rel}","templated":true}]}}