{"id":38722,"date":"2014-07-04T04:14:43","date_gmt":"2014-07-04T02:14:43","guid":{"rendered":"http:\/\/stockportal.hu\/?p=38722"},"modified":"2014-07-03T21:57:36","modified_gmt":"2014-07-03T19:57:36","slug":"ukran-valsag-civilek-meggyilkolasaval-vadoljak-kijevet-egy-lebombazott-falu-lakosai","status":"publish","type":"post","link":"https:\/\/gazdasagportal.hu\/index.php\/ukran-valsag-civilek-meggyilkolasaval-vadoljak-kijevet-egy-lebombazott-falu-lakosai\/","title":{"rendered":"Ukr\u00e1n v\u00e1ls\u00e1g &#8211; Civilek meggyilkol\u00e1s\u00e1val v\u00e1dolj\u00e1k Kijevet egy lebomb\u00e1zott falu lakosai"},"content":{"rendered":"<p><strong>Civilek meggyilkol\u00e1s\u00e1val v\u00e1dolj\u00e1k Kijevet az ukr\u00e1n l\u00e9gier\u0151 \u00e1ltal lebomb\u00e1zott kelet-ukrajnai Kondrasova nev\u0171 telep\u00fcl\u00e9s lakosai &#8211; \u00edrta honlapj\u00e1n az RT orosz \u00e1llami telev\u00edzi\u00f3 cs\u00fct\u00f6rt\u00f6k\u00f6n.<\/strong><!--more--><br \/>\n<div class=\"ads-in-post1\"><div id=\"gazdasagportal.hu_fullbanner_wideboard\"><\/div>\r\n<\/div>\n<p>    A tud\u00f3s\u00edt\u00e1s szerint h\u00e9t ember vesztette \u00e9let\u00e9t a t\u00e1mad\u00e1sban, az \u00f6t becsap\u00f3d\u00f3 l\u00f6ved\u00e9k egy teljes utc\u00e1t elpuszt\u00edtott a Luhanszk v\u00e1rost\u00f3l mintegy 25 kilom\u00e9terre fekv\u0151 faluban.<br \/>\n    Az RT felv\u00e9telein l\u00e1that\u00f3 volt egy helyi lakos romokban hever\u0151 h\u00e1ts\u00f3 udvara. &#8222;Meg\u00f6ltek az any\u00e1mat, az ap\u00e1m pedig megsebes\u00fclt, ez\u00e9rt k\u00f3rh\u00e1zba vittem&#8221; &#8211; mondta Olekszandr Mironenko, aki k\u00e9ts\u00e9gbeesetten j\u00e1rk\u00e1lt fel-al\u00e1 kertj\u00e9ben, s k\u00f6zben megmutatta a ter\u00fcleten sz\u00e9tsz\u00f3r\u00f3dott testr\u00e9szeket a t\u00e9v\u00e9csatorna tud\u00f3s\u00edt\u00f3j\u00e1nak. &#8222;J\u00f6jj\u00f6n ide, l\u00e1tja ezt? Ez egy ember test\u00e9nek egyik darabk\u00e1ja. Holttestek hevernek minden\u00fctt, bizony\u00e1ra mindannyian terrorist\u00e1k voltak!&#8221; &#8211; fakadt ki a f\u00e9rfi k\u00f6nnyek k\u00f6z\u00f6tt.<br \/>\n    Mironenko szomsz\u00e9dai egyik ismer\u0151s\u00fckr\u0151l mes\u00e9ltek, aki az akci\u00f3ban elvesztette \u00f6t\u00e9ves kisfi\u00e1t.<br \/>\n    Az orosz k\u00f6lts\u00e9gvet\u00e9sb\u0151l finansz\u00edrozott h\u00edrtelev\u00edzi\u00f3 \u00e9rtes\u00fcl\u00e9sei szerint a falu lakosai k\u00f6z\u00fcl nem sokan v\u00e9szelt\u00e9k \u00e1t s\u00e9rtetlen\u00fcl a t\u00e1mad\u00e1st. Egyik\u00fck elmondta, hogy nem voltak otthon, amikor az akci\u00f3 elkezd\u0151d\u00f6tt. &#8222;Hogy mit gondolok? K\u00f6sz\u00f6net az ukr\u00e1n l\u00e9gier\u0151nek!&#8221; &#8211; k\u00f6z\u00f6lte a Jurij nev\u0171 f\u00e9rfi.<br \/>\n    Az ukr\u00e1n l\u00e9gier\u0151 egyik veter\u00e1n pil\u00f3t\u00e1ja szerint a hadsereg az oroszbar\u00e1t szakad\u00e1rok egyik t\u00e1maszpontj\u00e1t akarta bomb\u00e1zni, helyette azonban &#8211; v\u00e9letlen\u00fcl vagy sz\u00e1nd\u00e9kosan &#8211; civil c\u00e9lpontokra m\u00e9rtek csap\u00e1st. &#8222;A rep\u00fcl\u0151g\u00e9p pil\u00f3t\u00e1ja els\u0151 alkalommal eltal\u00e1lta az innen 3 kilom\u00e9terre fekv\u0151 b\u00e1zist, m\u00e1sodj\u00e1ra azonban n\u00e9h\u00e1ny m\u00e1sodperccel k\u00e9s\u0151bb h\u00fazta meg a ravaszt&#8221; &#8211; mondta.<br \/>\n    A Kijev-p\u00e1rti, Azov nev\u0171 k\u00fcl\u00f6nleges z\u00e1szl\u00f3alj parancsnok-helyettese ek\u00f6zben beismerte, hogy Kondrasova bomb\u00e1z\u00e1sa a pil\u00f3ta hib\u00e1j\u00e1b\u00f3l t\u00f6rt\u00e9nt.(MTI)<\/p>\n","protected":false},"excerpt":{"rendered":"<p>Civilek meggyilkol\u00e1s\u00e1val v\u00e1dolj\u00e1k Kijevet az ukr\u00e1n l\u00e9gier\u0151 \u00e1ltal lebomb\u00e1zott kelet-ukrajnai Kondrasova nev\u0171 telep\u00fcl\u00e9s lakosai &#8211; \u00edrta honlapj\u00e1n az RT orosz \u00e1llami telev\u00edzi\u00f3 cs\u00fct\u00f6rt\u00f6k\u00f6n.<\/p>\n","protected":false},"author":1,"featured_media":0,"comment_status":"open","ping_status":"closed","sticky":false,"template":"","format":"standard","meta":[],"categories":[139],"tags":[],"_links":{"self":[{"href":"https:\/\/gazdasagportal.hu\/index.php\/wp-json\/wp\/v2\/posts\/38722"}],"collection":[{"href":"https:\/\/gazdasagportal.hu\/index.php\/wp-json\/wp\/v2\/posts"}],"about":[{"href":"https:\/\/gazdasagportal.hu\/index.php\/wp-json\/wp\/v2\/types\/post"}],"author":[{"embeddable":true,"href":"https:\/\/gazdasagportal.hu\/index.php\/wp-json\/wp\/v2\/users\/1"}],"replies":[{"embeddable":true,"href":"https:\/\/gazdasagportal.hu\/index.php\/wp-json\/wp\/v2\/comments?post=38722"}],"version-history":[{"count":1,"href":"https:\/\/gazdasagportal.hu\/index.php\/wp-json\/wp\/v2\/posts\/38722\/revisions"}],"predecessor-version":[{"id":38723,"href":"https:\/\/gazdasagportal.hu\/index.php\/wp-json\/wp\/v2\/posts\/38722\/revisions\/38723"}],"wp:attachment":[{"href":"https:\/\/gazdasagportal.hu\/index.php\/wp-json\/wp\/v2\/media?parent=38722"}],"wp:term":[{"taxonomy":"category","embeddable":true,"href":"https:\/\/gazdasagportal.hu\/index.php\/wp-json\/wp\/v2\/categories?post=38722"},{"taxonomy":"post_tag","embeddable":true,"href":"https:\/\/gazdasagportal.hu\/index.php\/wp-json\/wp\/v2\/tags?post=38722"}],"curies":[{"name":"wp","href":"https:\/\/api.w.org\/{rel}","templated":true}]}}