{"id":38710,"date":"2014-07-04T04:21:36","date_gmt":"2014-07-04T02:21:36","guid":{"rendered":"http:\/\/stockportal.hu\/?p=38710"},"modified":"2014-07-03T21:43:21","modified_gmt":"2014-07-03T19:43:21","slug":"osszecsapasok-egyiptomban-murszi-megbuktatasanak-elso-evfordulojan-ujabb-halottak","status":"publish","type":"post","link":"https:\/\/gazdasagportal.hu\/index.php\/osszecsapasok-egyiptomban-murszi-megbuktatasanak-elso-evfordulojan-ujabb-halottak\/","title":{"rendered":"\u00d6sszecsap\u00e1sok Egyiptomban Murszi megbuktat\u00e1s\u00e1nak els\u0151 \u00e9vfordul\u00f3j\u00e1n, \u00fajabb halottak"},"content":{"rendered":"<p><strong>Egyiptom-szerte legkevesebb h\u00faszan haltak meg cs\u00fct\u00f6rt\u00f6k\u00f6n, az iszlamista Mohamed Murszi tavalyi megbuktat\u00e1s\u00e1nak els\u0151 \u00e9vfordul\u00f3j\u00e1n &#8211; jelentette az an-N\u00edl egyiptomi h\u00edrtelev\u00edzi\u00f3.<\/strong><!--more--><br \/>\n<div class=\"ads-in-post1\"><div id=\"gazdasagportal.hu_fullbanner_wideboard\"><\/div>\r\n<\/div>\n<p>    A k\u00f6zel egy \u00e9ve r\u00e1cs m\u00f6g\u00f6tt \u00fcl\u0151 exeln\u00f6k\u00f6t t\u00e1mogat\u00f3k g\u00edzai t\u00fcntet\u00e9se elleni rend\u0151rs\u00e9gi akci\u00f3ban az an-N\u00edl \u00e9rtes\u00fcl\u00e9sei szerint egy ember vesztette \u00e9let\u00e9t. A helysz\u00ednr\u0151l a Twitter k\u00f6z\u00f6ss\u00e9gi oldalon terjesztett egyes jelent\u00e9sek ugyanakkor h\u00e1rom hal\u00e1lesetr\u0151l sz\u00f3ltak. A fokozott k\u00e9szenl\u00e9tben l\u00e9v\u0151 rendv\u00e9delmisek kilenc k\u00fcl\u00f6nb\u00f6z\u0151 v\u00e1rosban \u00f6sszesen t\u00f6bb mint sz\u00e1z\u00f6tven demonstr\u00e1l\u00f3t vettek \u0151rizetbe.<br \/>\n    A S\u00ednai-f\u00e9lsziget \u00e9s a G\u00e1zai \u00f6vezet k\u00f6zti hat\u00e1r ment\u00e9n elter\u00fcl\u0151 Rafah v\u00e1ros d\u00e9li r\u00e9sz\u00e9n a fegyveres er\u0151k az Ansz\u00e1r Beit al-Makdisz nev\u0171 dzsihadista csoport tizenh\u00e9t tagj\u00e1val v\u00e9geztek.<br \/>\n    Egy t\u00f6bb iszlamista p\u00e1rtb\u00f3l \u00e9s mozgalomb\u00f3l \u00e1ll\u00f3 sz\u00f6vets\u00e9g napokkal ezel\u0151tt arra h\u00edvta fel az egyiptomiakat, hogy a j\u00falius 3-i &#8222;\u00e1llamcs\u00edny&#8221; \u00e9vfordul\u00f3j\u00e1n &#8222;rohanj\u00e1k le&#8221; az orsz\u00e1g fontosabb tereit \u00e9s k\u00f6zleked\u00e9si csom\u00f3pontjait. A felh\u00edv\u00e1s szerint a nemzeti szint\u0171 mozg\u00f3s\u00edt\u00e1st orsz\u00e1gszerte a &#8222;d\u00fch napjai&#8221; fogj\u00e1k k\u00f6vetni, amelyek a tavalyi hatalomv\u00e1lt\u00e1s ut\u00e1n l\u00e9trej\u00f6tt berendezked\u00e9s v\u00e9g\u00e9t \u00e9s az egyiptomi forradalom helyre\u00e1ll\u00edt\u00e1s\u00e1t hozz\u00e1k el.<br \/>\n    A biztons\u00e1gi er\u0151k lez\u00e1rt\u00e1k az egyiptomi forradalom jelk\u00e9pes helysz\u00edn\u00e9t, a kair\u00f3i Tahr\u00edr teret \u00e9s a v\u00e1ros sz\u00e1mos m\u00e1s pontj\u00e1t is, amelyeket t\u0171zszer\u00e9szek f\u00e9s\u00fcltek \u00e1t, miut\u00e1n az ut\u00f3bbi egy h\u00e9tben sz\u00e1mos h\u00e1zi k\u00e9sz\u00edt\u00e9s\u0171 pokolg\u00e9p robbant fel, t\u00f6bb embert meg\u00f6lve.<br \/>\n    Az an-N\u00edl szerint cs\u00fct\u00f6rt\u00f6k\u00f6n h\u00e1rom, \u00fat ment\u00e9n elhelyezett pokolg\u00e9p robbant fel Kair\u00f3ban, de senki nem s\u00e9r\u00fclt meg. A f\u0151v\u00e1rost\u00f3l nyugatra fekv\u0151 Kerdasza telep\u00fcl\u00e9sen viszont egy robban\u00f3szerkezet a tettesek kez\u00e9ben l\u00e9pett m\u0171k\u00f6d\u00e9sbe. A deton\u00e1ci\u00f3ban mindketten \u00e9let\u00fcket vesztett\u00e9k.<br \/>\n    Az iszlamist\u00e1k \u00e1ltal bejelentett orsz\u00e1gos szint\u0171 mozg\u00f3s\u00edt\u00e1s helyett csak p\u00e1r sz\u00e1z ember vett r\u00e9szt a demonstr\u00e1ci\u00f3kon, amelyeket a rendv\u00e9delmi er\u0151k viszonylag r\u00f6vid id\u0151 alatt elfojtottak. Biztons\u00e1gi forr\u00e1sok szerint azonban nem kiz\u00e1rt, hogy naplemente ut\u00e1n, amikor a muzulm\u00e1n egyiptomiak megt\u00f6rik a ramad\u00e1n alkalm\u00e1b\u00f3l tartott b\u00f6jt\u00f6t, \u00fajb\u00f3l feler\u0151s\u00f6dnek a korm\u00e1nyellenes megmozdul\u00e1sok.(MTI)<\/p>\n","protected":false},"excerpt":{"rendered":"<p>Egyiptom-szerte legkevesebb h\u00faszan haltak meg cs\u00fct\u00f6rt\u00f6k\u00f6n, az iszlamista Mohamed Murszi tavalyi megbuktat\u00e1s\u00e1nak els\u0151 \u00e9vfordul\u00f3j\u00e1n &#8211; jelentette az an-N\u00edl egyiptomi h\u00edrtelev\u00edzi\u00f3.<\/p>\n","protected":false},"author":1,"featured_media":0,"comment_status":"open","ping_status":"closed","sticky":false,"template":"","format":"standard","meta":[],"categories":[16],"tags":[],"_links":{"self":[{"href":"https:\/\/gazdasagportal.hu\/index.php\/wp-json\/wp\/v2\/posts\/38710"}],"collection":[{"href":"https:\/\/gazdasagportal.hu\/index.php\/wp-json\/wp\/v2\/posts"}],"about":[{"href":"https:\/\/gazdasagportal.hu\/index.php\/wp-json\/wp\/v2\/types\/post"}],"author":[{"embeddable":true,"href":"https:\/\/gazdasagportal.hu\/index.php\/wp-json\/wp\/v2\/users\/1"}],"replies":[{"embeddable":true,"href":"https:\/\/gazdasagportal.hu\/index.php\/wp-json\/wp\/v2\/comments?post=38710"}],"version-history":[{"count":1,"href":"https:\/\/gazdasagportal.hu\/index.php\/wp-json\/wp\/v2\/posts\/38710\/revisions"}],"predecessor-version":[{"id":38711,"href":"https:\/\/gazdasagportal.hu\/index.php\/wp-json\/wp\/v2\/posts\/38710\/revisions\/38711"}],"wp:attachment":[{"href":"https:\/\/gazdasagportal.hu\/index.php\/wp-json\/wp\/v2\/media?parent=38710"}],"wp:term":[{"taxonomy":"category","embeddable":true,"href":"https:\/\/gazdasagportal.hu\/index.php\/wp-json\/wp\/v2\/categories?post=38710"},{"taxonomy":"post_tag","embeddable":true,"href":"https:\/\/gazdasagportal.hu\/index.php\/wp-json\/wp\/v2\/tags?post=38710"}],"curies":[{"name":"wp","href":"https:\/\/api.w.org\/{rel}","templated":true}]}}