{"id":38521,"date":"2014-07-02T04:35:37","date_gmt":"2014-07-02T02:35:37","guid":{"rendered":"http:\/\/stockportal.hu\/?p=38521"},"modified":"2014-07-01T21:56:46","modified_gmt":"2014-07-01T19:56:46","slug":"nemet-francia-hadiipari-egyesules-korvonalazodik","status":"publish","type":"post","link":"https:\/\/gazdasagportal.hu\/index.php\/nemet-francia-hadiipari-egyesules-korvonalazodik\/","title":{"rendered":"N\u00e9met-francia hadiipari egyes\u00fcl\u00e9s k\u00f6rvonalaz\u00f3dik"},"content":{"rendered":"<p><strong>Az Airbus nyomdokait k\u00f6vet\u0151 egyes\u00fcl\u00e9st tervez a Leopard harckocsikat gy\u00e1rt\u00f3 n\u00e9met Krauss-Maffei-Wegmann (KMW) \u00e9s a francia Nexter hadiipari konszern &#8211; \u00edrja a n\u00e9met Frankfurter Allgemeine Zeitung (FAZ) h\u00edrport\u00e1lja.<\/strong><!--more--><br \/>\n<div class=\"ads-in-post1\"><div id=\"gazdasagportal.hu_fullbanner_wideboard\"><\/div>\r\n<\/div>\n<p>    A FAZ \u00e9rtes\u00fcl\u00e9se szerint a k\u00e9t hadiipari v\u00e1llalat k\u00f6z\u00f6s holding al\u00e1 tervezi szervezni p\u00e1nc\u00e9los harcj\u00e1rm\u0171vek \u00e9s l\u00f6vegek, illetve m\u00e1s neh\u00e9zfegyver rendszerek gy\u00e1rt\u00e1s\u00e1t, valamint azok glob\u00e1lis \u00e9rt\u00e9kes\u00edt\u00e9s\u00e9t. Az err\u0151l sz\u00f3l\u00f3 sz\u00e1nd\u00e9knyilatkozatot kedden \u00edrt\u00e1k al\u00e1 a felek. A szerz\u0151d\u00e9s megk\u00f6t\u00e9s\u00e9re az \u00e9v v\u00e9ge el\u0151tt lehet sz\u00e1m\u00edtani.<br \/>\n    A KMW r\u00e9g\u00f3ta h\u00edresztelt egyes\u00fcl\u00e9se \u00edgy n\u00e9met konkurens\u00e9vel, a t\u0151zsd\u00e9n jegyzett Rheinmetall konszernnel ez\u00e1ltal leker\u00fclt a napirendr\u0151l.<br \/>\n    A KMW \u00e9s a Nexter egyes\u00fcl\u00e9se viszont \u00faj fejezetet nyitna meg az eur\u00f3pai hadiiparban, mivel konszolid\u00e1ci\u00f3s hull\u00e1mot ind\u00edthatna el a harckocsik \u00e9s a neh\u00e9zfegyverek gy\u00e1rt\u00e1s\u00e1ban.<br \/>\n    Mindk\u00e9t v\u00e1llalat szinte kiz\u00e1r\u00f3lag neh\u00e9zfegyverek gy\u00e1rt\u00e1s\u00e1val foglalkozik \u00e9s nagyj\u00e1b\u00f3l megegyez\u0151, \u00e9vi egymilli\u00e1rd eur\u00f3s forgalmat bonyol\u00edt. Mindk\u00e9t v\u00e1llalat egyar\u00e1nt meg\u00e9rezte a gazdas\u00e1gi v\u00e1ls\u00e1g \u00e9s a cs\u00f6kken\u0151 v\u00e9delmi kiad\u00e1sok hat\u00e1s\u00e1t. A KMW forgalma a 2008-as 1,4 milli\u00e1rd eur\u00f3r\u00f3l \u00e1tmenetileg eg\u00e9szen 800 milli\u00f3 eur\u00f3ra cs\u00f6kkent. A n\u00e9gymilli\u00e1rd eur\u00f3s megrendel\u00e9s \u00e1llom\u00e1nynak k\u00f6sz\u00f6nhet\u0151en azonban 3 ezer alkalmazottj\u00e1nak foglalkoztat\u00e1sa 2018-ig biztos\u00edtott.<br \/>\n    A k\u00e9t v\u00e1llalat term\u00e9kei \u00e9s piacai j\u00f3l kieg\u00e9sz\u00edtik egym\u00e1st, k\u00f6z\u00f6tt\u00fck kev\u00e9s az \u00e1tfed\u00e9s. A francia c\u00e9g sz\u00e1mos olyan fegyverrendszert \u00e1ll\u00edt el\u0151, amit a m\u00fcncheni KMW nem. A KMW 60 tonn\u00e1s, a Rheinmetall 120 millim\u00e9teres l\u00f6veg\u00e9vel, az MTU 1500 l\u00f3er\u0151s d\u00edzelmotorj\u00e1val \u00e9s a MAN Renk hajt\u00e1sl\u00e1nc\u00e1val felszerelt Leopard tankja exportsl\u00e1gernek bizonyult: 1979 \u00f3ta 3 ezer darabot adtak el bel\u0151le 17 orsz\u00e1g hadsereg\u00e9nek. A KMW a Leopard mellett kisebb p\u00e1nc\u00e9lozott harcj\u00e1rm\u0171veket is sz\u00e1ll\u00edt a Bundeswehr sz\u00e1m\u00e1ra.<br \/>\n    Az egyes\u00fcl\u00e9s egyed\u00fcli buktat\u00f3ja a v\u00e1llalatok elt\u00e9r\u0151 tulajdonosi strukt\u00far\u00e1ja lehet. Az \u00e1llami ellen\u0151rz\u00e9s alatt \u00e1ll\u00f3 francia konszern kor\u00e1bban sz\u00f3ba sem j\u00f6hetett a csal\u00e1di tulajdonban l\u00e9v\u0151 m\u00fcncheni v\u00e1llalat partnerek\u00e9nt. A francia politika azonban az ut\u00f3bbi id\u0151kben k\u00e9szs\u00e9g\u00e9t fejezte ki a Nexter privatiz\u00e1l\u00e1s\u00e1ra \u00faj \u00fczleti lehet\u0151s\u00e9gek kiakn\u00e1z\u00e1sa \u00e9rdek\u00e9ben. Ehhez azonban a francia parlamentnek m\u00e9g k\u00fcl\u00f6n privatiz\u00e1ci\u00f3s t\u00f6rv\u00e9nyt kell alkotnia.(MTI)<\/p>\n","protected":false},"excerpt":{"rendered":"<p>Az Airbus nyomdokait k\u00f6vet\u0151 egyes\u00fcl\u00e9st tervez a Leopard harckocsikat gy\u00e1rt\u00f3 n\u00e9met Krauss-Maffei-Wegmann (KMW) \u00e9s a francia Nexter hadiipari konszern &#8211; \u00edrja a n\u00e9met Frankfurter Allgemeine Zeitung (FAZ) h\u00edrport\u00e1lja.<\/p>\n","protected":false},"author":1,"featured_media":0,"comment_status":"open","ping_status":"closed","sticky":false,"template":"","format":"standard","meta":[],"categories":[12],"tags":[],"_links":{"self":[{"href":"https:\/\/gazdasagportal.hu\/index.php\/wp-json\/wp\/v2\/posts\/38521"}],"collection":[{"href":"https:\/\/gazdasagportal.hu\/index.php\/wp-json\/wp\/v2\/posts"}],"about":[{"href":"https:\/\/gazdasagportal.hu\/index.php\/wp-json\/wp\/v2\/types\/post"}],"author":[{"embeddable":true,"href":"https:\/\/gazdasagportal.hu\/index.php\/wp-json\/wp\/v2\/users\/1"}],"replies":[{"embeddable":true,"href":"https:\/\/gazdasagportal.hu\/index.php\/wp-json\/wp\/v2\/comments?post=38521"}],"version-history":[{"count":1,"href":"https:\/\/gazdasagportal.hu\/index.php\/wp-json\/wp\/v2\/posts\/38521\/revisions"}],"predecessor-version":[{"id":38522,"href":"https:\/\/gazdasagportal.hu\/index.php\/wp-json\/wp\/v2\/posts\/38521\/revisions\/38522"}],"wp:attachment":[{"href":"https:\/\/gazdasagportal.hu\/index.php\/wp-json\/wp\/v2\/media?parent=38521"}],"wp:term":[{"taxonomy":"category","embeddable":true,"href":"https:\/\/gazdasagportal.hu\/index.php\/wp-json\/wp\/v2\/categories?post=38521"},{"taxonomy":"post_tag","embeddable":true,"href":"https:\/\/gazdasagportal.hu\/index.php\/wp-json\/wp\/v2\/tags?post=38521"}],"curies":[{"name":"wp","href":"https:\/\/api.w.org\/{rel}","templated":true}]}}