{"id":38509,"date":"2014-07-02T03:44:20","date_gmt":"2014-07-02T01:44:20","guid":{"rendered":"http:\/\/stockportal.hu\/?p=38509"},"modified":"2014-07-01T21:46:11","modified_gmt":"2014-07-01T19:46:11","slug":"iszlamistak-a-kairoi-tahrir-ter-lerohanasara-keszulnek-murszi-megbuktatasanak-evfordulojan-2","status":"publish","type":"post","link":"https:\/\/gazdasagportal.hu\/index.php\/iszlamistak-a-kairoi-tahrir-ter-lerohanasara-keszulnek-murszi-megbuktatasanak-evfordulojan-2\/","title":{"rendered":"Iszlamist\u00e1k a kair\u00f3i Tahr\u00edr t\u00e9r lerohan\u00e1s\u00e1ra k\u00e9sz\u00fclnek Murszi megbuktat\u00e1s\u00e1nak \u00e9vfordul\u00f3j\u00e1n"},"content":{"rendered":"<p><strong>A kair\u00f3i Tahr\u00edr t\u00e9r \u00e9s Egyiptom kulcsfontoss\u00e1g\u00fa k\u00f6zleked\u00e9si pontjainak &#8222;lerohan\u00e1s\u00e1ra&#8221; k\u00e9sz\u00fclnek az iszlamista Mohamed Murszi h\u00edvei a volt \u00e1llamf\u0151 tavaly j\u00falius 3-i elmozd\u00edt\u00e1s\u00e1nak els\u0151 \u00e9vfordul\u00f3j\u00e1n &#8211; jelentett\u00e9k kedden egyiptomi napilapok.<\/strong><!--more--><br \/>\n<div class=\"ads-in-post1\"><div id=\"gazdasagportal.hu_fullbanner_wideboard\"><\/div>\r\n<\/div>\n<p>    A Nemzeti Egys\u00e9g a T\u00f6rv\u00e9nyess\u00e9g T\u00e1mogat\u00e1s\u00e1ra (NETT) nev\u0171, Murszit t\u00e1mogat\u00f3 iszlamista csoport a Facebook k\u00f6z\u00f6ss\u00e9gi oldalon megjelent k\u00f6zlem\u00e9ny\u00e9ben arra h\u00edvja fel a t\u00f6megeket, hogy a hadsereg \u00e1ltal levez\u00e9nyelt hatalomv\u00e1lt\u00e1s ut\u00e1n egy \u00e9vvel, cs\u00fct\u00f6rt\u00f6k\u00f6n, foglalj\u00e1k vissza a Mubarak-rezsimet megd\u00f6nt\u0151 forradalom jelk\u00e9pes helysz\u00edneit, \u00e9s vegy\u00e9k blok\u00e1d al\u00e1 &#8211; egyebek mellett &#8211; a bel\u00fcgyminiszter, a hadsereg-f\u0151parancsnok \u00e9s egyes f\u0151b\u00edr\u00f3k lakhelyeit.<br \/>\n    A tervek szerint a cs\u00fct\u00f6rt\u00f6ki megmozdul\u00e1s el\u0151tt a gy\u00fclekez\u0151 pontok azok a mecsetek lesznek, amelyekb\u0151l a tavalyi hatalomv\u00e1lt\u00e1st v\u00e9grehajt\u00f3 hadsereg elleni, sokszor v\u00e9res kimenetel\u0171 t\u00f6megt\u00fcntet\u00e9sek indultak.<br \/>\n    A NETT arra sz\u00f3l\u00edtotta fel Murszi \u00e9s a m\u00f6g\u00f6tte \u00e1ll\u00f3 Muzulm\u00e1n Testv\u00e9ris\u00e9g iszlamista mozgalom t\u00e1mogat\u00f3it, hogy engedj\u00e9k szabadon a &#8222;d\u00fch vulk\u00e1nj\u00e1t&#8221;, &#8222;\u00edgy mutatva meg Allahnak a t\u00f6meg haragj\u00e1t&#8221;. A szervezet ugyanakkor felh\u00edvta a tiltakoz\u00f3kat, hogy ne l\u00e9pj\u00e9k \u00e1t a b\u00e9k\u00e9s demonstr\u00e1ci\u00f3 hat\u00e1rait, a n\u0151i t\u00fcntet\u0151k pedig csak azut\u00e1n vonuljanak a terekre, hogy azokat a f\u00e9rfiak m\u00e1r megsz\u00e1llt\u00e1k.<br \/>\n    A felh\u00edv\u00e1s szerint a cs\u00fct\u00f6rt\u00f6ki akci\u00f3t orsz\u00e1g szerte a &#8222;d\u00fch napjai&#8221; fogj\u00e1k k\u00f6vetni, amelyek a tavalyi &#8222;\u00e1llamcs\u00edny&#8221; ut\u00e1n l\u00e9trej\u00f6tt berendezked\u00e9s v\u00e9g\u00e9t \u00e9s az egyiptomi forradalom helyre\u00e1ll\u00edt\u00e1s\u00e1t hozz\u00e1k el.<br \/>\n    A Murszi-korm\u00e1nyt ural\u00f3, id\u0151k\u00f6zben terrorcsoportnak nyilv\u00e1n\u00edtott Muzulm\u00e1n Testv\u00e9ris\u00e9g egykori legfontosabb sz\u00f6vets\u00e9gese, a szalafista an-N\u00far p\u00e1rt eln\u00f6ke el\u00edt\u00e9lte az iszlamist\u00e1k cs\u00fct\u00f6rt\u00f6kre tervezett demonstr\u00e1ci\u00f3it. A tavalyi hatalomv\u00e1lt\u00e1s ut\u00e1n a fegyveres er\u0151k \u00e1ltal t\u00e1mogatott \u00e1tmeneti korm\u00e1ny oldal\u00e1ra \u00e1t\u00e1llt J\u00fanisz Mahj\u00fan szerint a tiltakoz\u00f3akci\u00f3kat k\u00eds\u00e9r\u0151 felesleges v\u00e9ront\u00e1st meg kell akad\u00e1lyozni. A testv\u00e9ris\u00e9get Mahj\u00fan arra sz\u00f3l\u00edtotta fel, vegye tudom\u00e1sul, hogy a n\u00e9p t\u00e1mogatja a jelenlegi hatalmi viszonyokat, amelyeket a nemzetk\u00f6zi k\u00f6z\u00f6ss\u00e9g is elismert.<br \/>\n    A NETT mozg\u00f3s\u00edt\u00e1s\u00e1ra reag\u00e1lva a biztons\u00e1gi er\u0151k kedden \u0151rizetbe vett\u00e9k h\u00e1rom egyiptomi iszlamista p\u00e1rt vezet\u0151j\u00e9t, akik mindegyike akt\u00edv tagja a NETT-nek. Az elfogottak k\u00f6zt van Naszr Abdesz-Szal\u00e1m, az \u00c9p\u00edt\u00e9s \u00e9s Fejleszt\u00e9s P\u00e1rt eln\u00f6ke is. Abdesz-Szal\u00e1m p\u00e1rtja a 2011-es felkel\u00e9s ut\u00e1n alakult, a h\u00edrhedt al-Gam\u00e1a al-Iszl\u00e1m\u00edja radik\u00e1lis csoport politikai sz\u00e1rnyak\u00e9nt. Ez ut\u00f3bbi &#8211; id\u0151k\u00f6zben b\u00e9k\u00e9s elveket vall\u00f3 &#8211; szervezet neve egyebek mellett a fels\u0151-egyiptomi Hatsepszut-templomban elk\u00f6vetett, 58 turista \u00e9s n\u00e9gy egyiptomi hal\u00e1l\u00e1t okoz\u00f3 1997-es v\u00e9rengz\u00e9s kapcs\u00e1n v\u00e1lt nemzetk\u00f6zi szinten ismertt\u00e9. Kedden razzi\u00e1t tartottak tov\u00e1bb\u00e1 a NETT-hez tartoz\u00f3 t\u00f6bb ifj\u00fas\u00e1gi vezet\u0151 otthon\u00e1ban is.(MTI)<\/p>\n","protected":false},"excerpt":{"rendered":"<p>A kair\u00f3i Tahr\u00edr t\u00e9r \u00e9s Egyiptom kulcsfontoss\u00e1g\u00fa k\u00f6zleked\u00e9si pontjainak &#8222;lerohan\u00e1s\u00e1ra&#8221; k\u00e9sz\u00fclnek az iszlamista Mohamed Murszi h\u00edvei a volt \u00e1llamf\u0151 tavaly j\u00falius 3-i elmozd\u00edt\u00e1s\u00e1nak els\u0151 \u00e9vfordul\u00f3j\u00e1n &#8211; jelentett\u00e9k kedden egyiptomi napilapok.<\/p>\n","protected":false},"author":1,"featured_media":0,"comment_status":"open","ping_status":"closed","sticky":false,"template":"","format":"standard","meta":[],"categories":[16],"tags":[],"_links":{"self":[{"href":"https:\/\/gazdasagportal.hu\/index.php\/wp-json\/wp\/v2\/posts\/38509"}],"collection":[{"href":"https:\/\/gazdasagportal.hu\/index.php\/wp-json\/wp\/v2\/posts"}],"about":[{"href":"https:\/\/gazdasagportal.hu\/index.php\/wp-json\/wp\/v2\/types\/post"}],"author":[{"embeddable":true,"href":"https:\/\/gazdasagportal.hu\/index.php\/wp-json\/wp\/v2\/users\/1"}],"replies":[{"embeddable":true,"href":"https:\/\/gazdasagportal.hu\/index.php\/wp-json\/wp\/v2\/comments?post=38509"}],"version-history":[{"count":1,"href":"https:\/\/gazdasagportal.hu\/index.php\/wp-json\/wp\/v2\/posts\/38509\/revisions"}],"predecessor-version":[{"id":38510,"href":"https:\/\/gazdasagportal.hu\/index.php\/wp-json\/wp\/v2\/posts\/38509\/revisions\/38510"}],"wp:attachment":[{"href":"https:\/\/gazdasagportal.hu\/index.php\/wp-json\/wp\/v2\/media?parent=38509"}],"wp:term":[{"taxonomy":"category","embeddable":true,"href":"https:\/\/gazdasagportal.hu\/index.php\/wp-json\/wp\/v2\/categories?post=38509"},{"taxonomy":"post_tag","embeddable":true,"href":"https:\/\/gazdasagportal.hu\/index.php\/wp-json\/wp\/v2\/tags?post=38509"}],"curies":[{"name":"wp","href":"https:\/\/api.w.org\/{rel}","templated":true}]}}