{"id":38505,"date":"2014-07-02T04:37:55","date_gmt":"2014-07-02T02:37:55","guid":{"rendered":"http:\/\/stockportal.hu\/?p=38505"},"modified":"2014-07-01T21:38:49","modified_gmt":"2014-07-01T19:38:49","slug":"oroszorszag-visszater-a-teli-idoszamitasra","status":"publish","type":"post","link":"https:\/\/gazdasagportal.hu\/index.php\/oroszorszag-visszater-a-teli-idoszamitasra\/","title":{"rendered":"Oroszorsz\u00e1g visszat\u00e9r a t\u00e9li id\u0151sz\u00e1m\u00edt\u00e1sra"},"content":{"rendered":"<p><strong>A jelenlegi folyamatos ny\u00e1ri helyett visszat\u00e9r az eg\u00e9sz \u00e9ves t\u00e9li id\u0151sz\u00e1m\u00edt\u00e1sra Oroszorsz\u00e1g &#8211; d\u00f6nt\u00f6tt kedden a t\u00f6rv\u00e9nyhoz\u00e1s als\u00f3h\u00e1za.<\/strong><!--more--><br \/>\n<div class=\"ads-in-post1\"><div id=\"gazdasagportal.hu_fullbanner_wideboard\"><\/div>\r\n<\/div>\n<p>    Az \u00e1tt\u00e9r\u00e9s okt\u00f3ber 26-\u00e1n t\u00f6rt\u00e9nik meg.<br \/>\n    A t\u00f6rv\u00e9nyjavaslatot indokolva Szergej Kalasnyikov, a duma eg\u00e9szs\u00e9gv\u00e9delmi bizotts\u00e1ga eln\u00f6ke egyebek k\u00f6z\u00f6tt arra hivatkozott, hogy az oroszok kr\u00f3nikus alv\u00e1shi\u00e1nyban szenvednek \u00e9s \u00f6r\u00f6kk\u00e9 f\u00e1radtak.<br \/>\n    A Szovjetuni\u00f3ban 1981-ben vezett\u00e9k be a r\u00e9szleges ny\u00e1ri id\u0151sz\u00e1m\u00edt\u00e1st (minden \u00e9vben m\u00e1rciust\u00f3l okt\u00f3berig tartott), amelyet 2011-ben eg\u00e9sz \u00e9vre kiterjesztettek. A t\u00e9li id\u0151sz\u00e1m\u00edt\u00e1s elt\u00f6rl\u00e9s\u00e9t az akkor \u00e1llamf\u0151k\u00e9nt, ma pedig korm\u00e1nyf\u0151k\u00e9nt tev\u00e9kenyked\u0151 Dmitrij Medvegyev kezdem\u00e9nyezte.<br \/>\n    A minisztereln\u00f6k tavaly t\u00f6bbsz\u00f6r is visszaverte a t\u00e9li id\u0151sz\u00e1m\u00edt\u00e1s vissza\u00e1ll\u00edt\u00e1s\u00e1t c\u00e9lz\u00f3 k\u00eds\u00e9rleteket, ez\u00e9rt vette \u00e1t a kezdem\u00e9nyez\u00e9st az orosz parlament. A mez\u0151gazdas\u00e1gi dolgoz\u00f3k, \u00e1llatteny\u00e9szt\u0151k p\u00e9ld\u00e1ul arra panaszkodtak, hogy az \u00e1llatok nem tudt\u00e1k megszokni az \u00faj id\u0151sz\u00e1m\u00edt\u00e1st, s \u00edgy p\u00e9ld\u00e1ul a tehenek nem tejeltek annyit, mint kor\u00e1bban.<br \/>\n    N\u00e9gy \u00e9vvel ezel\u0151tt tizenegyr\u0151l kilencre cs\u00f6kkentett\u00e9k az oroszorsz\u00e1gi id\u0151z\u00f3n\u00e1k sz\u00e1ma. Az ugyancsak Dmitrij Medvegyev eln\u00f6k kezdem\u00e9nyez\u00e9s\u00e9re sz\u00fcletett akkori d\u00f6nt\u00e9s c\u00e9lja az volt, hogy egys\u00e9gesebb\u00e9 v\u00e1ljon a hatalmas orsz\u00e1g gazdas\u00e1gi \u00e9lete. A most elfogadott t\u00f6rv\u00e9ny egyidej\u0171leg vissza\u00e1ll\u00edtja a 11 id\u0151z\u00f3n\u00e1t.(MTI)<br \/>\n<div class=\"ads-in-post2\"><script async src=\"https:\/\/pagead2.googlesyndication.com\/pagead\/js\/adsbygoogle.js\"><\/script>\r\n<ins class=\"adsbygoogle\"\r\n     style=\"display:block\"\r\n     data-ad-format=\"fluid\"\r\n     data-ad-layout-key=\"-6t+ed+2i-1n-4w\"\r\n     data-ad-client=\"ca-pub-1959107119989764\"\r\n     data-ad-slot=\"4008251320\"><\/ins>\r\n<script>\r\n     (adsbygoogle = window.adsbygoogle || []).push({});\r\n<\/script><\/div>\n","protected":false},"excerpt":{"rendered":"<p>A jelenlegi folyamatos ny\u00e1ri helyett visszat\u00e9r az eg\u00e9sz \u00e9ves t\u00e9li id\u0151sz\u00e1m\u00edt\u00e1sra Oroszorsz\u00e1g &#8211; d\u00f6nt\u00f6tt kedden a t\u00f6rv\u00e9nyhoz\u00e1s als\u00f3h\u00e1za.<\/p>\n","protected":false},"author":1,"featured_media":0,"comment_status":"open","ping_status":"closed","sticky":false,"template":"","format":"standard","meta":[],"categories":[12],"tags":[],"_links":{"self":[{"href":"https:\/\/gazdasagportal.hu\/index.php\/wp-json\/wp\/v2\/posts\/38505"}],"collection":[{"href":"https:\/\/gazdasagportal.hu\/index.php\/wp-json\/wp\/v2\/posts"}],"about":[{"href":"https:\/\/gazdasagportal.hu\/index.php\/wp-json\/wp\/v2\/types\/post"}],"author":[{"embeddable":true,"href":"https:\/\/gazdasagportal.hu\/index.php\/wp-json\/wp\/v2\/users\/1"}],"replies":[{"embeddable":true,"href":"https:\/\/gazdasagportal.hu\/index.php\/wp-json\/wp\/v2\/comments?post=38505"}],"version-history":[{"count":1,"href":"https:\/\/gazdasagportal.hu\/index.php\/wp-json\/wp\/v2\/posts\/38505\/revisions"}],"predecessor-version":[{"id":38506,"href":"https:\/\/gazdasagportal.hu\/index.php\/wp-json\/wp\/v2\/posts\/38505\/revisions\/38506"}],"wp:attachment":[{"href":"https:\/\/gazdasagportal.hu\/index.php\/wp-json\/wp\/v2\/media?parent=38505"}],"wp:term":[{"taxonomy":"category","embeddable":true,"href":"https:\/\/gazdasagportal.hu\/index.php\/wp-json\/wp\/v2\/categories?post=38505"},{"taxonomy":"post_tag","embeddable":true,"href":"https:\/\/gazdasagportal.hu\/index.php\/wp-json\/wp\/v2\/tags?post=38505"}],"curies":[{"name":"wp","href":"https:\/\/api.w.org\/{rel}","templated":true}]}}