{"id":38501,"date":"2014-07-01T20:59:48","date_gmt":"2014-07-01T18:59:48","guid":{"rendered":"http:\/\/stockportal.hu\/?p=38501"},"modified":"2014-07-01T20:59:48","modified_gmt":"2014-07-01T18:59:48","slug":"eu-tisztujitas-gianni-pittella-a-szocialdemokratak-uj-frakciovezetoje","status":"publish","type":"post","link":"https:\/\/gazdasagportal.hu\/index.php\/eu-tisztujitas-gianni-pittella-a-szocialdemokratak-uj-frakciovezetoje\/","title":{"rendered":"EU-tiszt\u00faj\u00edt\u00e1s &#8211; Gianni Pittella a szoci\u00e1ldemokrat\u00e1k \u00faj frakci\u00f3vezet\u0151je"},"content":{"rendered":"<p><strong>Az olasz Demokrata P\u00e1rt politikus\u00e1t, Gianni Pittell\u00e1t v\u00e1lasztotta meg Martin Schulz ut\u00f3d\u00e1ul a k\u00e9pvisel\u0151csoport eln\u00f6k\u00e9nek az Eur\u00f3pai Parlament szoci\u00e1ldemokrata frakci\u00f3ja kedd este.<\/strong><!--more--><br \/>\n<div class=\"ads-in-post1\"><div id=\"gazdasagportal.hu_fullbanner_wideboard\"><\/div>\r\n<\/div>\n<p>    A frakci\u00f3 a Twitteren tudatta, hogy Pittella a frakci\u00f3tagok 96 sz\u00e1zal\u00e9k\u00e1nak t\u00e1mogat\u00e1s\u00e1t nyerte el. Martin Schulzot d\u00e9lel\u0151tt az Eur\u00f3pai Parlament eln\u00f6k\u00e9v\u00e9 v\u00e1lasztott\u00e1k, \u00e9s az a poszt \u00f6sszef\u00e9rhetetlen a frakci\u00f3 vezet\u00e9s\u00e9vel.<br \/>\n    Pittella eddig a frakci\u00f3 aleln\u00f6ke volt. Aleln\u00f6ki posztj\u00e1t a frakci\u00f3 vezet\u00e9s\u00e9ben, az \u00fagynevezett b\u00fcr\u00f3ban a n\u00e9met Knut Fleckenstein veszi \u00e1t &#8211; tudatta a k\u00e9pvisel\u0151csoport.(MTI)<\/p>\n","protected":false},"excerpt":{"rendered":"<p>Az olasz Demokrata P\u00e1rt politikus\u00e1t, Gianni Pittell\u00e1t v\u00e1lasztotta meg Martin Schulz ut\u00f3d\u00e1ul a k\u00e9pvisel\u0151csoport eln\u00f6k\u00e9nek az Eur\u00f3pai Parlament szoci\u00e1ldemokrata frakci\u00f3ja kedd este.<\/p>\n","protected":false},"author":1,"featured_media":0,"comment_status":"open","ping_status":"closed","sticky":false,"template":"","format":"standard","meta":[],"categories":[12],"tags":[],"_links":{"self":[{"href":"https:\/\/gazdasagportal.hu\/index.php\/wp-json\/wp\/v2\/posts\/38501"}],"collection":[{"href":"https:\/\/gazdasagportal.hu\/index.php\/wp-json\/wp\/v2\/posts"}],"about":[{"href":"https:\/\/gazdasagportal.hu\/index.php\/wp-json\/wp\/v2\/types\/post"}],"author":[{"embeddable":true,"href":"https:\/\/gazdasagportal.hu\/index.php\/wp-json\/wp\/v2\/users\/1"}],"replies":[{"embeddable":true,"href":"https:\/\/gazdasagportal.hu\/index.php\/wp-json\/wp\/v2\/comments?post=38501"}],"version-history":[{"count":1,"href":"https:\/\/gazdasagportal.hu\/index.php\/wp-json\/wp\/v2\/posts\/38501\/revisions"}],"predecessor-version":[{"id":38502,"href":"https:\/\/gazdasagportal.hu\/index.php\/wp-json\/wp\/v2\/posts\/38501\/revisions\/38502"}],"wp:attachment":[{"href":"https:\/\/gazdasagportal.hu\/index.php\/wp-json\/wp\/v2\/media?parent=38501"}],"wp:term":[{"taxonomy":"category","embeddable":true,"href":"https:\/\/gazdasagportal.hu\/index.php\/wp-json\/wp\/v2\/categories?post=38501"},{"taxonomy":"post_tag","embeddable":true,"href":"https:\/\/gazdasagportal.hu\/index.php\/wp-json\/wp\/v2\/tags?post=38501"}],"curies":[{"name":"wp","href":"https:\/\/api.w.org\/{rel}","templated":true}]}}