{"id":38491,"date":"2014-07-01T18:12:15","date_gmt":"2014-07-01T16:12:15","guid":{"rendered":"http:\/\/stockportal.hu\/?p=38491"},"modified":"2014-07-01T17:33:22","modified_gmt":"2014-07-01T15:33:22","slug":"az-eb-udvozli-a-magyar-gazdasagi-helyzet-javulasat","status":"publish","type":"post","link":"https:\/\/gazdasagportal.hu\/index.php\/az-eb-udvozli-a-magyar-gazdasagi-helyzet-javulasat\/","title":{"rendered":"Az EB \u00fcdv\u00f6zli a magyar gazdas\u00e1gi helyzet javul\u00e1s\u00e1t"},"content":{"rendered":"<p><strong>Az Eur\u00f3pai Bizotts\u00e1g &#8211; kedden Br\u00fcsszelben k\u00f6zz\u00e9tett jelent\u00e9s\u00e9ben &#8211; \u00fcdv\u00f6z\u00f6lte a magyar makrogazdas\u00e1gi helyzetnek az ut\u00f3bbi id\u0151ben tapasztalt javul\u00e1s\u00e1t, \u00e9s nyugt\u00e1zta, hogy az elm\u00falt f\u00e9l \u00e9vben mind az export, mind a hazai kereslet er\u0151s\u00f6d\u00f6tt.<\/strong><!--more--><br \/>\n<div class=\"ads-in-post1\"><div id=\"gazdasagportal.hu_fullbanner_wideboard\"><\/div>\r\n<\/div>\n<p>    Az uni\u00f3s javaslattev\u0151-v\u00e9grehajt\u00f3 int\u00e9zm\u00e9ny annak nyom\u00e1n tette k\u00f6zz\u00e9 jelent\u00e9s\u00e9t, hogy szakemberei j\u00fanius 24. \u00e9s 27. k\u00f6z\u00f6tt Magyarorsz\u00e1gon t\u00e1j\u00e9koz\u00f3dtak a gazdas\u00e1gpolitikai fejlem\u00e9nyekr\u0151l. Az ilyen jelleg\u0171 megfigyel\u00e9s al\u00e1 azokat a tagorsz\u00e1gokat vonj\u00e1k az EU-ban, amelyek kor\u00e1bban &#8211; \u00edgy Magyarorsz\u00e1g 2008 \u00e9s 2010 k\u00f6z\u00f6tt &#8211; uni\u00f3s p\u00e9nz\u00fcgyi t\u00e1mogat\u00e1sban r\u00e9szes\u00fcltek.<br \/>\n    Az uni\u00f3s megb\u00edzottak meg\u00e1llap\u00edtott\u00e1k, hogy mik\u00f6zben az aut\u00f3gy\u00e1rt\u00e1sban keletkezett \u00faj kapacit\u00e1sok n\u00f6velik az exportot \u00e9s az ipari termel\u00e9st, a gazdas\u00e1gi v\u00e1ls\u00e1gb\u00f3l val\u00f3 kil\u00e1bal\u00e1st nagy m\u00e9rt\u00e9kben el\u0151seg\u00edtik \u00f6szt\u00f6nz\u0151 int\u00e9zked\u00e9sek is. Ilyen \u00f6szt\u00f6nz\u0151 int\u00e9zked\u00e9sre p\u00e9ldak\u00e9nt eml\u00edtett\u00e9k a k\u00f6zponti bank n\u00f6veked\u00e9sfinansz\u00edroz\u00f3 projektj\u00e9t, a szab\u00e1lyozott rezsik\u00f6lts\u00e9gek cs\u00f6kkent\u00e9s\u00e9t, a k\u00f6zmunkaprogramot, valamint az uni\u00f3s alapok megn\u00f6vekedett felhaszn\u00e1l\u00e1s\u00e1t.(MTI)<\/p>\n","protected":false},"excerpt":{"rendered":"<p>Az Eur\u00f3pai Bizotts\u00e1g &#8211; kedden Br\u00fcsszelben k\u00f6zz\u00e9tett jelent\u00e9s\u00e9ben &#8211; \u00fcdv\u00f6z\u00f6lte a magyar makrogazdas\u00e1gi helyzetnek az ut\u00f3bbi id\u0151ben tapasztalt javul\u00e1s\u00e1t, \u00e9s nyugt\u00e1zta, hogy az elm\u00falt f\u00e9l \u00e9vben mind az export, mind a hazai kereslet er\u0151s\u00f6d\u00f6tt.<\/p>\n","protected":false},"author":1,"featured_media":0,"comment_status":"open","ping_status":"closed","sticky":false,"template":"","format":"standard","meta":[],"categories":[19],"tags":[],"_links":{"self":[{"href":"https:\/\/gazdasagportal.hu\/index.php\/wp-json\/wp\/v2\/posts\/38491"}],"collection":[{"href":"https:\/\/gazdasagportal.hu\/index.php\/wp-json\/wp\/v2\/posts"}],"about":[{"href":"https:\/\/gazdasagportal.hu\/index.php\/wp-json\/wp\/v2\/types\/post"}],"author":[{"embeddable":true,"href":"https:\/\/gazdasagportal.hu\/index.php\/wp-json\/wp\/v2\/users\/1"}],"replies":[{"embeddable":true,"href":"https:\/\/gazdasagportal.hu\/index.php\/wp-json\/wp\/v2\/comments?post=38491"}],"version-history":[{"count":1,"href":"https:\/\/gazdasagportal.hu\/index.php\/wp-json\/wp\/v2\/posts\/38491\/revisions"}],"predecessor-version":[{"id":38492,"href":"https:\/\/gazdasagportal.hu\/index.php\/wp-json\/wp\/v2\/posts\/38491\/revisions\/38492"}],"wp:attachment":[{"href":"https:\/\/gazdasagportal.hu\/index.php\/wp-json\/wp\/v2\/media?parent=38491"}],"wp:term":[{"taxonomy":"category","embeddable":true,"href":"https:\/\/gazdasagportal.hu\/index.php\/wp-json\/wp\/v2\/categories?post=38491"},{"taxonomy":"post_tag","embeddable":true,"href":"https:\/\/gazdasagportal.hu\/index.php\/wp-json\/wp\/v2\/tags?post=38491"}],"curies":[{"name":"wp","href":"https:\/\/api.w.org\/{rel}","templated":true}]}}