{"id":38487,"date":"2014-07-01T17:18:13","date_gmt":"2014-07-01T15:18:13","guid":{"rendered":"http:\/\/stockportal.hu\/?p=38487"},"modified":"2014-07-01T17:18:13","modified_gmt":"2014-07-01T15:18:13","slug":"nemetorszag-nem-teljesit-jobban","status":"publish","type":"post","link":"https:\/\/gazdasagportal.hu\/index.php\/nemetorszag-nem-teljesit-jobban\/","title":{"rendered":"N\u00e9metorsz\u00e1g nem teljes\u00edt jobban"},"content":{"rendered":"<p><strong>A n\u00e9met munkan\u00e9lk\u00fclis\u00e9gi r\u00e1ta h\u00fasz\u00e9ves m\u00e9lyponton van, \u00e9s m\u00e1sodik h\u00f3napja n\u00f6vekszik a munkan\u00e9lk\u00fcliek sz\u00e1ma. N\u00e9metorsz\u00e1gb\u00f3l sorra negat\u00edv adatok \u00e9rkeznek. A 0,8%-os els\u0151 negyed\u00e9ves GDP n\u00f6veked\u00e9s ut\u00e1n a m\u00e1sodikra kevesebbel sz\u00e1molnak. Gyeng\u00e9bb eur\u00f3ra lenne sz\u00fcks\u00e9g a n\u00f6veked\u00e9shez.<!--more--><\/strong><\/p>\n<p>&nbsp;<br \/>\n<object width=\"512\" height=\"288\" data=\"http:\/\/gazdasagtv.hu\/embed\/?id=7407\" type=\"application\/x-shockwave-flash\"><param value=\"http:\/\/gazdasagtv.hu\/embed\/?id=7407\" name=\"data\"><param value=\"http:\/\/gazdasagtv.hu\/embed\/?id=7407\" name=\"src\"><param value=\"false\" name=\"menu\"><param value=\"high\" name=\"quality\"><param value=\"#000000\" name=\"bgcolor\"><param value=\"transparent\" name=\"wmode\"><param value=\"file=http:\/\/5.159.232.236\/video\/2014-07-01\/gtv-tozsdelive-quaestor-2014-07-01-hd.mp4&#038;image=http:\/\/5.159.232.236\/\/videoimage\/600x338\/2014-07-01\/lazsaneva.jpg&#038;showdigits=true&#038;autostart=false&#038;repeat=false&#038;dock=true&#038;controlbar=over&#038;plugins=http:\/\/plugins.longtailvideo.com\/yourlytics-1.swf,timeslidertooltipplugin-2&#038;skin=http:\/\/gazdasagtv.hu\/swf\/skin.zip\" name=\"flashvars\"><\/object><br \/>Forr\u00e1s: <a href=\"http:\/\/gazdasagtv.hu\" style=\"color: #df1100; font-weight: bold; text-decoration: none;\" target=\"_blank\" rel=\"noopener\">Gazdas\u00e1gTV.hu<\/a><\/p>\n","protected":false},"excerpt":{"rendered":"<p>A n\u00e9met munkan\u00e9lk\u00fclis\u00e9gi r\u00e1ta h\u00fasz\u00e9ves m\u00e9lyponton van, \u00e9s m\u00e1sodik h\u00f3napja n\u00f6vekszik a munkan\u00e9lk\u00fcliek sz\u00e1ma. N\u00e9metorsz\u00e1gb\u00f3l sorra negat\u00edv adatok \u00e9rkeznek. A 0,8%-os els\u0151 negyed\u00e9ves GDP n\u00f6veked\u00e9s ut\u00e1n a m\u00e1sodikra kevesebbel sz\u00e1molnak. Gyeng\u00e9bb eur\u00f3ra lenne sz\u00fcks\u00e9g a n\u00f6veked\u00e9shez.<\/p>\n","protected":false},"author":1,"featured_media":0,"comment_status":"open","ping_status":"closed","sticky":false,"template":"","format":"standard","meta":[],"categories":[12],"tags":[],"_links":{"self":[{"href":"https:\/\/gazdasagportal.hu\/index.php\/wp-json\/wp\/v2\/posts\/38487"}],"collection":[{"href":"https:\/\/gazdasagportal.hu\/index.php\/wp-json\/wp\/v2\/posts"}],"about":[{"href":"https:\/\/gazdasagportal.hu\/index.php\/wp-json\/wp\/v2\/types\/post"}],"author":[{"embeddable":true,"href":"https:\/\/gazdasagportal.hu\/index.php\/wp-json\/wp\/v2\/users\/1"}],"replies":[{"embeddable":true,"href":"https:\/\/gazdasagportal.hu\/index.php\/wp-json\/wp\/v2\/comments?post=38487"}],"version-history":[{"count":1,"href":"https:\/\/gazdasagportal.hu\/index.php\/wp-json\/wp\/v2\/posts\/38487\/revisions"}],"predecessor-version":[{"id":38488,"href":"https:\/\/gazdasagportal.hu\/index.php\/wp-json\/wp\/v2\/posts\/38487\/revisions\/38488"}],"wp:attachment":[{"href":"https:\/\/gazdasagportal.hu\/index.php\/wp-json\/wp\/v2\/media?parent=38487"}],"wp:term":[{"taxonomy":"category","embeddable":true,"href":"https:\/\/gazdasagportal.hu\/index.php\/wp-json\/wp\/v2\/categories?post=38487"},{"taxonomy":"post_tag","embeddable":true,"href":"https:\/\/gazdasagportal.hu\/index.php\/wp-json\/wp\/v2\/tags?post=38487"}],"curies":[{"name":"wp","href":"https:\/\/api.w.org\/{rel}","templated":true}]}}