{"id":38467,"date":"2014-07-01T15:18:11","date_gmt":"2014-07-01T13:18:11","guid":{"rendered":"http:\/\/stockportal.hu\/?p=38467"},"modified":"2014-07-01T15:18:11","modified_gmt":"2014-07-01T13:18:11","slug":"orban-ki-kell-tartanunk-a-deli-aramlat-mellett","status":"publish","type":"post","link":"https:\/\/gazdasagportal.hu\/index.php\/orban-ki-kell-tartanunk-a-deli-aramlat-mellett\/","title":{"rendered":"Orb\u00e1n: ki kell tartanunk a D\u00e9li \u00c1ramlat mellett"},"content":{"rendered":"<p><strong>Ki kell tartani a D\u00e9li \u00c1ramlat g\u00e1zvezet\u00e9k meg\u00e9p\u00edt\u00e9s\u00e9nek sz\u00e1nd\u00e9ka mellett &#8211; jelentette ki Orb\u00e1n Viktor minisztereln\u00f6k a Belgr\u00e1dban tartott keddi magyar-szerb korm\u00e1nyzati cs\u00facstal\u00e1lkoz\u00f3 ut\u00e1ni sajt\u00f3t\u00e1j\u00e9koztat\u00f3n.<\/strong><!--more--><br \/>\n<div class=\"ads-in-post1\"><div id=\"gazdasagportal.hu_fullbanner_wideboard\"><\/div>\r\n<\/div>\n<p>    &#8222;Senki sem veheti el t\u0151l\u00fcnk azt a jogot, hogy gondoskodjunk az energiaell\u00e1t\u00e1sunk biztons\u00e1g\u00e1r\u00f3l&#8221; &#8211; mondta a korm\u00e1nyf\u0151, aki szerint azok, akik ellenzik a D\u00e9li \u00c1ramlatot, csak &#8222;el akarj\u00e1k venni az ell\u00e1t\u00e1sbiztons\u00e1ghoz val\u00f3 jogunkat, de nem k\u00edn\u00e1lnak helyette semmit&#8221;.<br \/>\n    \u201eNem akarunk abba a helyzetbe ker\u00fclni, hogy Magyarorsz\u00e1g g\u00e1zell\u00e1t\u00e1sa azon m\u00faljon, hogy mi t\u00f6rt\u00e9nik Ukrajn\u00e1ban. Az ukr\u00e1nokkal val\u00f3 szolidarit\u00e1st nem \u00fagy kell kifejezni, hogy k\u00f6zben megfosztjuk a saj\u00e1t n\u00e9p\u00fcnket az energiaell\u00e1t\u00e1s biztons\u00e1g\u00e1t\u00f3l. Ukrajn\u00e1t t\u00e1mogatjuk, Ukrajn\u00e1val szolid\u00e1risak vagyunk, de k\u00f6zben nek\u00fcnk felel\u0151ss\u00e9g\u00fcnk van Magyarorsz\u00e1g energi\u00e1val t\u00f6rt\u00e9n\u0151 ell\u00e1t\u00e1s\u00e1\u00e9rt. Ez\u00e9rt nem fogadjuk el azokat a nemzetk\u00f6zi v\u00e9lem\u00e9nyeket, amelyek a D\u00e9li \u00c1ramlat meg\u00e9p\u00edt\u00e9s\u00e9t ellenzik, \u00e9s ezt a jogot elvitatj\u00e1k Magyarorsz\u00e1gt\u00f3l\u201d &#8211; nyomat\u00e9kos\u00edtotta a magyar minisztereln\u00f6k.<br \/>\n    &#8222;Akik azt akarj\u00e1k, hogy ne \u00e9p\u00edts\u00fck meg a D\u00e9li \u00c1ramlatot, kell, hogy tegyenek egy m\u00e1sik javaslatot, hogy m\u00e9gis hogyan fogunk \u00e9lni, ha nem jutunk energi\u00e1hoz. Mit tudnak adni az ellenz\u00e9sen k\u00edv\u00fcl, mert az ellenz\u00e9sb\u0151l nem lehet meg\u00e9lni. Meg\u00e9lni az \u00e9letb\u0151l lehet, amihez viszont energi\u00e1ra van sz\u00fcks\u00e9g\u201d &#8211; hangs\u00falyozta Orb\u00e1n Viktor, aki arr\u00f3l biztos\u00edtotta szerb koll\u00e9g\u00e1j\u00e1t, Aleksandar Vucicot, hogy &#8222;a D\u00e9li \u00c1ramlatot meg fogjuk \u00e9p\u00edteni&#8221;.<br \/>\n    Vucic bejelentette, hogy j\u00falius 7-\u00e9n Vlagyimir Putyin orosz eln\u00f6kkel \u00e9s Dmitrij Medvegyev orosz minisztereln\u00f6kkel a D\u00e9li \u00c1ramlatr\u00f3l t\u00e1rgyal majd. A megbesz\u00e9l\u00e9s egyik t\u00e9m\u00e1ja lesz a g\u00e1zvezet\u00e9k ki\u00e9p\u00edt\u00e9s\u00e9nek \u00f6sszehangol\u00e1sa az eur\u00f3pai uni\u00f3s jogszab\u00e1lyokkal.<br \/>\n    Az Eur\u00f3pai Bizotts\u00e1g (EB) v\u00e9lem\u00e9nye szerint az orosz g\u00e1zt Ukrajna megker\u00fcl\u00e9s\u00e9vel a Fekete-tenger alatt Bulg\u00e1ri\u00e1n, Szerbi\u00e1n kereszt\u00fcl Magyarorsz\u00e1gra \u00e9s Ausztri\u00e1ba is eljuttat\u00f3 vezet\u00e9k terve s\u00e9rti az uni\u00f3s szab\u00e1lyokat. Az \u00fagynevezett harmadik energiacsomag tiltja, hogy g\u00e1zszolg\u00e1ltat\u00f3k egyben g\u00e1zvezet\u00e9k tulajdonosok is legyenek. Az EB ez\u00e9rt felf\u00fcggesztette a projekt elfogad\u00e1si elj\u00e1r\u00e1s\u00e1t.<br \/>\n    A magyar korm\u00e1nyf\u0151 azt is felvetette szerb partner\u00e9nek, hogy a k\u00e9t orsz\u00e1g kapcsolja \u00f6ssze nemzeti villamosenergia-piac\u00e1t.<br \/>\n    A k\u00e9t korm\u00e1nyf\u0151 meg\u00e1llapodott abban, hogy &#8222;z\u00e1szl\u00f3shaj\u00f3nak&#8221; tekintik a Budapest-Belgr\u00e1d vas\u00fatvonal korszer\u0171s\u00edt\u00e9s\u00e9t, annak felgyors\u00edt\u00e1s\u00e1t, amelyhez &#8211; mint Orb\u00e1n Viktor elmondta &#8211; magyar r\u00e9szr\u0151l az \u00f6sszes sz\u00fcks\u00e9ges felt\u00e9telt biztos\u00edtj\u00e1k. A c\u00e9l, hogy a menetid\u0151 legal\u00e1bb a fel\u00e9re cs\u00f6kkenjen.<br \/>\n    \u00dajs\u00e1g\u00edr\u00f3i k\u00e9rd\u00e9sre v\u00e1laszolva kiemelte: a megbesz\u00e9l\u00e9s sor\u00e1n kider\u00fclt, hogy l\u00e9nyeg\u00e9ben csak p\u00e9nz\u00fcgyi k\u00e9rd\u00e9sek maradtak nyitva. Ez egyben azt is jelenti \u2013 magyar\u00e1zta Orb\u00e1n -, hogy m\u00e9g id\u00e9n \u0151sszel Belgr\u00e1dban lesz egy szerb-magyar gazdas\u00e1gi vegyes bizotts\u00e1gi \u00fcl\u00e9s, \u00e9s addigra mindenben kialak\u00edtj\u00e1k az \u00e1ll\u00e1spontjaikat. \u201eCsak az elsz\u00e1nts\u00e1gon m\u00falik, hogy milyen gyorsan fejezz\u00fck be ezt a programot, szerintem szeptember \u00e1tt\u00f6r\u00e9st fogunk el\u00e9rni\u201d &#8211; hangs\u00falyozta a magyar korm\u00e1nyf\u0151.<br \/>\n    Hozz\u00e1tette: a magyar korm\u00e1ny t\u00e1mogatja a Szeged-Szabadka-Baja vas\u00fatvonal fel\u00faj\u00edt\u00e1s\u00e1ra tett szerb javaslatot is.<br \/>\n    Orb\u00e1n Viktor ism\u00e9t meger\u0151s\u00edtette: Magyarorsz\u00e1gnak elvi k\u00e9rd\u00e9s, erk\u00f6lcsi k\u00f6teless\u00e9g, hogy t\u00e1mogassa Szerbia EU-csatlakoz\u00e1s\u00e1t, ezt semmilyen neh\u00e9zs\u00e9g nem \u00edrhatja fel\u00fcl. Magyarorsz\u00e1g mindent megtesz az\u00e9rt, hogy fogad\u00f3k\u00e9ssz\u00e9 tegye az EU-t Szerbia csatlakoz\u00e1s\u00e1ra &#8211; jelentette ki.<br \/>\n    A minisztereln\u00f6ki megbesz\u00e9l\u00e9sen sz\u00f3 volt tov\u00e1bb\u00e1 a magyar-szerb hat\u00e1ron ny\u00edl\u00f3 \u00faj \u00e1tkel\u0151kr\u0151l annak \u00e9rdek\u00e9ben, hogy cs\u00f6kkenjen az \u00e1tkel\u0151pontok egym\u00e1st\u00f3l val\u00f3 t\u00e1vols\u00e1ga.<br \/>\n    Napirenden volt emellett a vajdas\u00e1gi magyarok helyzete, amellyel kapcsolatban a magyar korm\u00e1nyf\u0151 azt mondta: \u00fcdv\u00f6zli azt a j\u00f3 sz\u00e1nd\u00e9kot, amellyel Aleksandar Vucic elismeri \u00e9s t\u00e1mogatja a Vajdas\u00e1gban \u00e9l\u0151 magyarokat, akik &#8222;igyekeznek j\u00f3 \u00e1llampolg\u00e1rk\u00e9nt \u00e9lni itt, Szerbi\u00e1ban&#8221;, \u00fagy, hogy k\u00f6zben megtartj\u00e1k a magyar nemzethez val\u00f3 tartoz\u00e1sukat \u00e9s identit\u00e1sukat.<br \/>\n    Orb\u00e1n Viktor egy\u00fctt\u00e9rz\u00e9s\u00e9t fejezte ki a szerb n\u00e9pnek az orsz\u00e1gukat a k\u00f6zelm\u00faltban s\u00fajt\u00f3 \u00e1rv\u00edzk\u00e1rok miatt. Megk\u00f6sz\u00f6nte tov\u00e1bb\u00e1, hogy tavaly, amikor Magyarorsz\u00e1g volt bajban a dunai \u00e1rv\u00edz miatt, Szerbia szint\u00e9n k\u00e9szen \u00e1llt seg\u00edteni.<br \/>\n    Aleksandar Vucic a k\u00f6z\u00f6s sajt\u00f3t\u00e1j\u00e9koztat\u00f3n \u00f6r\u00f6m\u00e9t fejezte ki, hogy megtarthatt\u00e1k az els\u0151 k\u00f6z\u00f6s korm\u00e1ny\u00fcl\u00e9s Szerbia \u00e9s Magyarorsz\u00e1g k\u00f6z\u00f6tt r\u00f6viddel mindk\u00e9t orsz\u00e1g korm\u00e1nyalak\u00edt\u00e1s\u00e1t k\u00f6vet\u0151en. Kiemelte, Szerbia \u00e9s Magyarorsz\u00e1g kapcsolata egyre ink\u00e1bb fejl\u0151dik, \u00e9s ennek alapja a k\u00f6lcs\u00f6n\u00f6s tisztelet \u00e9s a meg\u00e9rt\u00e9s.<br \/>\n    Elmondta: Szerbia azt v\u00e1rja Magyarorsz\u00e1gt\u00f3l, hogy t\u00e1mogassa az eur\u00f3pai integr\u00e1ci\u00f3s folyamatban.<br \/>\n    A k\u00e9t minisztereln\u00f6k egyet\u00e9rtett abban, hogy az oktat\u00e1s \u00e9s a kult\u00fara ter\u00fclet\u00e9n tov\u00e1bbi egy\u00fcttm\u0171k\u00f6d\u00e9sekre van sz\u00fcks\u00e9g. Vucic tolm\u00e1csol\u00e1sa szerint Orb\u00e1n Viktor felaj\u00e1nlotta, hogy 50 szerbiai di\u00e1k budapesti tanulm\u00e1nyainak \u00f6szt\u00f6nd\u00edjaz\u00e1s\u00e1t t\u00e1mogatja a magyar korm\u00e1ny. Vucic hozz\u00e1tette: a szerb korm\u00e1ny is megtesz mindent annak \u00e9rdek\u00e9ben, hogy a magyar di\u00e1kok szerbiai \u00f6szt\u00f6nd\u00edjaz\u00e1s\u00e1t is biztos\u00edtani lehessen.<br \/>\n    Vucic v\u00e9g\u00fcl al\u00e1h\u00fazta: Szerbia mindenben j\u00f3 \u00e9s felel\u0151ss\u00e9gteljes partnere lesz Magyarorsz\u00e1gnak.<br \/>\n    A magyar \u00e9s szerb korm\u00e1nytagok cs\u00facstal\u00e1lkoz\u00f3j\u00e1n a magyar deleg\u00e1ci\u00f3nak Navracsics Tibor k\u00fclgazdas\u00e1gi \u00e9s k\u00fcl\u00fcgyminiszter, Pint\u00e9r S\u00e1ndor bel\u00fcgyminiszter, Hende Csaba honv\u00e9delmi miniszter \u00e9s Seszt\u00e1k Mikl\u00f3s nemzeti fejleszt\u00e9si miniszter is a tagja volt. A t\u00e1rcavezet\u0151k szerb koll\u00e9g\u00e1ikkal k\u00e9toldal\u00fa nemzetk\u00f6zi egyezm\u00e9nyeket \u00edrtak al\u00e1 a k\u00f6z\u00fati \u00e1rufuvaroz\u00e1sr\u00f3l \u00e9s szem\u00e9lysz\u00e1ll\u00edt\u00e1sr\u00f3l, atomenergetikai k\u00e9rd\u00e9sekr\u0151l, az \u00c1sotthalom-Kir\u00e1lyhalom hat\u00e1r\u00e1tkel\u0151 m\u0171k\u00f6d\u00e9si rendj\u00e9r\u0151l, a k\u00f6z\u00f6s j\u00e1r\u0151r\u00f6z\u00e9sr\u0151l, \u00e9s a R\u00f6szke-Horgos K\u00f6z\u00f6s Kapcsolattart\u00e1si Szolg\u00e1lati Hely m\u0171k\u00f6d\u00e9si szab\u00e1lyzat\u00e1r\u00f3l, valamint Szerbia csatlakozott a Region\u00e1lis K\u00f6rnyezetv\u00e9delmi K\u00f6zponthoz.(MTI)<br \/>\n<div class=\"ads-in-post2\"><script async src=\"https:\/\/pagead2.googlesyndication.com\/pagead\/js\/adsbygoogle.js\"><\/script>\r\n<ins class=\"adsbygoogle\"\r\n     style=\"display:block\"\r\n     data-ad-format=\"fluid\"\r\n     data-ad-layout-key=\"-6t+ed+2i-1n-4w\"\r\n     data-ad-client=\"ca-pub-1959107119989764\"\r\n     data-ad-slot=\"4008251320\"><\/ins>\r\n<script>\r\n     (adsbygoogle = window.adsbygoogle || []).push({});\r\n<\/script><\/div>\n","protected":false},"excerpt":{"rendered":"<p>Ki kell tartani a D\u00e9li \u00c1ramlat g\u00e1zvezet\u00e9k meg\u00e9p\u00edt\u00e9s\u00e9nek sz\u00e1nd\u00e9ka mellett &#8211; jelentette ki Orb\u00e1n Viktor minisztereln\u00f6k a Belgr\u00e1dban tartott keddi magyar-szerb korm\u00e1nyzati cs\u00facstal\u00e1lkoz\u00f3 ut\u00e1ni sajt\u00f3t\u00e1j\u00e9koztat\u00f3n.<\/p>\n","protected":false},"author":1,"featured_media":0,"comment_status":"open","ping_status":"closed","sticky":false,"template":"","format":"standard","meta":[],"categories":[19],"tags":[],"_links":{"self":[{"href":"https:\/\/gazdasagportal.hu\/index.php\/wp-json\/wp\/v2\/posts\/38467"}],"collection":[{"href":"https:\/\/gazdasagportal.hu\/index.php\/wp-json\/wp\/v2\/posts"}],"about":[{"href":"https:\/\/gazdasagportal.hu\/index.php\/wp-json\/wp\/v2\/types\/post"}],"author":[{"embeddable":true,"href":"https:\/\/gazdasagportal.hu\/index.php\/wp-json\/wp\/v2\/users\/1"}],"replies":[{"embeddable":true,"href":"https:\/\/gazdasagportal.hu\/index.php\/wp-json\/wp\/v2\/comments?post=38467"}],"version-history":[{"count":1,"href":"https:\/\/gazdasagportal.hu\/index.php\/wp-json\/wp\/v2\/posts\/38467\/revisions"}],"predecessor-version":[{"id":38468,"href":"https:\/\/gazdasagportal.hu\/index.php\/wp-json\/wp\/v2\/posts\/38467\/revisions\/38468"}],"wp:attachment":[{"href":"https:\/\/gazdasagportal.hu\/index.php\/wp-json\/wp\/v2\/media?parent=38467"}],"wp:term":[{"taxonomy":"category","embeddable":true,"href":"https:\/\/gazdasagportal.hu\/index.php\/wp-json\/wp\/v2\/categories?post=38467"},{"taxonomy":"post_tag","embeddable":true,"href":"https:\/\/gazdasagportal.hu\/index.php\/wp-json\/wp\/v2\/tags?post=38467"}],"curies":[{"name":"wp","href":"https:\/\/api.w.org\/{rel}","templated":true}]}}