{"id":38459,"date":"2014-07-01T14:54:46","date_gmt":"2014-07-01T12:54:46","guid":{"rendered":"http:\/\/stockportal.hu\/?p=38459"},"modified":"2014-07-01T14:54:46","modified_gmt":"2014-07-01T12:54:46","slug":"reklamado-egyutt-pm-a-kkv-kat-is-sujtja-a-reklamado","status":"publish","type":"post","link":"https:\/\/gazdasagportal.hu\/index.php\/reklamado-egyutt-pm-a-kkv-kat-is-sujtja-a-reklamado\/","title":{"rendered":"Rekl\u00e1mad\u00f3 &#8211; Egy\u00fctt-PM: a kkv-kat is s\u00fajtja a rekl\u00e1mad\u00f3"},"content":{"rendered":"<p><strong>Az Egy\u00fctt-PM v\u00e9lem\u00e9nye szerint a rekl\u00e1mad\u00f3hoz beny\u00fajtott m\u00f3dos\u00edt\u00e1st egy\u00e9rtelm\u0171en az RTL Klubra szabt\u00e1k, de a t\u00f6rv\u00e9nykez\u00e9s mell\u00e9kk\u00f6vetkezm\u00e9nyek\u00e9nt az ad\u00f3 \u00fajra a magyar kis- \u00e9s k\u00f6zepes v\u00e1llalkoz\u00e1sokat fogja s\u00fajtani &#8211; err\u0151l a sz\u00f6vets\u00e9g gazdas\u00e1gpolitikusa besz\u00e9lt keddi, budapesti sajt\u00f3t\u00e1j\u00e9koztat\u00f3j\u00e1n.<\/strong><!--more--><br \/>\n<div class=\"ads-in-post1\"><div id=\"gazdasagportal.hu_fullbanner_wideboard\"><\/div>\r\n<\/div>\n<p>    P\u00e1pa Levente hangs\u00falyozta, hogy ha valaki 25 ezer forintn\u00e1l nagyobb \u00e9rt\u00e9kben akar rekl\u00e1mozni p\u00e9ld\u00e1ul a Facebookon vagy a Google-\u00f6n, akkor neki kell befizetnie az ad\u00f3t, de annak a z\u00f6lds\u00e9gesnek is ad\u00f3znia kell, aki saj\u00e1t log\u00f3j\u00e1t kiteszi az utc\u00e1ra. R\u00e1ad\u00e1sul mindez tov\u00e1bbi adminisztr\u00e1ci\u00f3s terhekkel is j\u00e1r &#8211; tette hozz\u00e1.<br \/>\n    A politikus felsz\u00f3l\u00edtotta a korm\u00e1nyt, hogy fejezze be az ad hoc t\u00f6rv\u00e9nykez\u00e9st \u00e9s egyeztessen a szakmai partnerekkel.<br \/>\n    K\u00e9rd\u00e9sre v\u00e1laszolva azt mondta, hogy a Google vagy a Facebook nem Magyarorsz\u00e1gon van bejegyezve, r\u00e1ad\u00e1sul a virtu\u00e1lis t\u00e9rben hirdet, ez\u00e9rt l\u00e9nyeg\u00e9ben behajthatatlan az az ad\u00f3, amit a korm\u00e1ny ki akar vetni r\u00e1juk.<br \/>\n    Szint\u00e9n k\u00e9rd\u00e9sre azt felelte, hogy megvan a f\u0151polg\u00e1rmester-jel\u00f6ltj\u00fck, de annak nev\u00e9t egyel\u0151re nem akarj\u00e1k el\u00e1rulni. Annyit elmondott, hogy nem Magyar B\u00e1lint volt szabad demokrata politikusr\u00f3l van sz\u00f3.(MTI)<br \/>\n<div class=\"ads-in-post2\"><script async src=\"https:\/\/pagead2.googlesyndication.com\/pagead\/js\/adsbygoogle.js\"><\/script>\r\n<ins class=\"adsbygoogle\"\r\n     style=\"display:block\"\r\n     data-ad-format=\"fluid\"\r\n     data-ad-layout-key=\"-6t+ed+2i-1n-4w\"\r\n     data-ad-client=\"ca-pub-1959107119989764\"\r\n     data-ad-slot=\"4008251320\"><\/ins>\r\n<script>\r\n     (adsbygoogle = window.adsbygoogle || []).push({});\r\n<\/script><\/div>\n","protected":false},"excerpt":{"rendered":"<p>Az Egy\u00fctt-PM v\u00e9lem\u00e9nye szerint a rekl\u00e1mad\u00f3hoz beny\u00fajtott m\u00f3dos\u00edt\u00e1st egy\u00e9rtelm\u0171en az RTL Klubra szabt\u00e1k, de a t\u00f6rv\u00e9nykez\u00e9s mell\u00e9kk\u00f6vetkezm\u00e9nyek\u00e9nt az ad\u00f3 \u00fajra a magyar kis- \u00e9s k\u00f6zepes v\u00e1llalkoz\u00e1sokat fogja s\u00fajtani &#8211; err\u0151l a sz\u00f6vets\u00e9g gazdas\u00e1gpolitikusa besz\u00e9lt keddi, budapesti sajt\u00f3t\u00e1j\u00e9koztat\u00f3j\u00e1n.<\/p>\n","protected":false},"author":1,"featured_media":0,"comment_status":"open","ping_status":"closed","sticky":false,"template":"","format":"standard","meta":[],"categories":[19,18],"tags":[],"_links":{"self":[{"href":"https:\/\/gazdasagportal.hu\/index.php\/wp-json\/wp\/v2\/posts\/38459"}],"collection":[{"href":"https:\/\/gazdasagportal.hu\/index.php\/wp-json\/wp\/v2\/posts"}],"about":[{"href":"https:\/\/gazdasagportal.hu\/index.php\/wp-json\/wp\/v2\/types\/post"}],"author":[{"embeddable":true,"href":"https:\/\/gazdasagportal.hu\/index.php\/wp-json\/wp\/v2\/users\/1"}],"replies":[{"embeddable":true,"href":"https:\/\/gazdasagportal.hu\/index.php\/wp-json\/wp\/v2\/comments?post=38459"}],"version-history":[{"count":1,"href":"https:\/\/gazdasagportal.hu\/index.php\/wp-json\/wp\/v2\/posts\/38459\/revisions"}],"predecessor-version":[{"id":38462,"href":"https:\/\/gazdasagportal.hu\/index.php\/wp-json\/wp\/v2\/posts\/38459\/revisions\/38462"}],"wp:attachment":[{"href":"https:\/\/gazdasagportal.hu\/index.php\/wp-json\/wp\/v2\/media?parent=38459"}],"wp:term":[{"taxonomy":"category","embeddable":true,"href":"https:\/\/gazdasagportal.hu\/index.php\/wp-json\/wp\/v2\/categories?post=38459"},{"taxonomy":"post_tag","embeddable":true,"href":"https:\/\/gazdasagportal.hu\/index.php\/wp-json\/wp\/v2\/tags?post=38459"}],"curies":[{"name":"wp","href":"https:\/\/api.w.org\/{rel}","templated":true}]}}