{"id":38451,"date":"2014-07-01T13:40:32","date_gmt":"2014-07-01T11:40:32","guid":{"rendered":"http:\/\/stockportal.hu\/?p=38451"},"modified":"2014-07-01T13:31:33","modified_gmt":"2014-07-01T11:31:33","slug":"a-gazprom-eloszor-a-sajat-es-berelt-gaztarozoit-tolti-fel-europaban","status":"publish","type":"post","link":"https:\/\/gazdasagportal.hu\/index.php\/a-gazprom-eloszor-a-sajat-es-berelt-gaztarozoit-tolti-fel-europaban\/","title":{"rendered":"A Gazprom el\u0151sz\u00f6r a saj\u00e1t \u00e9s b\u00e9relt g\u00e1zt\u00e1roz\u00f3it t\u00f6lti fel Eur\u00f3p\u00e1ban"},"content":{"rendered":"<p><strong>A Gazprom el\u0151sz\u00f6r az eur\u00f3pai orsz\u00e1gokban megl\u00e9v\u0151 saj\u00e1t tulajdon\u00fa \u00e9s b\u00e9rbe vett f\u00f6ldalatti g\u00e1zt\u00e1roz\u00f3it t\u00f6lti fel, Magyarorsz\u00e1ggal viszont sem a t\u00e1roz\u00f3k haszn\u00e1lat\u00e1ra, sem a felt\u00f6lt\u00e9sre nincs b\u00e9rleti szerz\u0151d\u00e9se &#8211; der\u00fclt ki a c\u00e9g egyik vezet\u0151j\u00e9nek nyilatkozat\u00e1b\u00f3l, amelyet orosz \u00fczleti h\u00edrport\u00e1lok id\u00e9ztek.<\/strong><!--more--><br \/>\n<div class=\"ads-in-post1\"><div id=\"gazdasagportal.hu_fullbanner_wideboard\"><\/div>\r\n<\/div>\n<p>    Alekszandr Medvegyev, a Gazprom exportc\u00e9g\u00e9nek vez\u00e9rigazgat\u00f3ja arra reag\u00e1lt a Gazprom m\u00falt p\u00e9nteki, \u00e9ves r\u00e9szv\u00e9nyesi k\u00f6zgy\u0171l\u00e9s\u00e9nek sz\u00fcnet\u00e9ben, hogy Magyarorsz\u00e1g kor\u00e1bban azt k\u00e9rte az orosz Gazpromt\u00f3l, n\u00f6velje g\u00e1zsz\u00e1ll\u00edt\u00e1sait a magyar f\u00f6ldalatti g\u00e1zt\u00e1roz\u00f3kba. Ezt a m\u00falt kedden B\u00e9csben jelentette be az orosz energia\u00fcgyi miniszter, aki aznap tal\u00e1lkozott Seszt\u00e1k Mikl\u00f3s nemzeti fejleszt\u00e9si miniszterrel. Alekszandr Novak azt is k\u00f6z\u00f6lte, a Gazprom vizsg\u00e1lja a magyar k\u00e9r\u00e9st \u00e9s \u00fagy v\u00e9lte, hogy a v\u00e1lasz kedvez\u0151 lesz.<br \/>\n    A Gazprom r\u00e9szv\u00e9nyesi k\u00f6zgy\u0171l\u00e9s\u00e9t k\u00f6vet\u0151 nemzetk\u00f6zi sajt\u00f3t\u00e1j\u00e9koztat\u00f3n nem k\u00edv\u00e1ntak a k\u00e9rd\u00e9ssel foglalkozni. A c\u00e9g exportv\u00e1llalat\u00e1nak vez\u00e9rigazgat\u00f3ja a &#8222;folyos\u00f3i besz\u00e9lget\u00e9sek sor\u00e1n&#8221; azt mondta az \u0151t faggat\u00f3 \u00fajs\u00e1g\u00edr\u00f3knak, hogy a c\u00e9gnek &#8222;Eur\u00f3p\u00e1ban egy sor szerz\u0151d\u00e9se van a (f\u00f6ldalatti g\u00e1zt\u00e1roz\u00f3) kapacit\u00e1sokra. Magyarorsz\u00e1ggal nincs. A magyar f\u00f6ldalatti g\u00e1zt\u00e1roz\u00f3k felt\u00f6lt\u00e9s\u00e9r\u0151l nincs szerz\u0151d\u00e9s\u00fcnk&#8221;.<br \/>\n    Az Oroszorsz\u00e1g Ma \u00e1llami m\u00e9diav\u00e1llalat telev\u00edzi\u00f3j\u00e1nak keddi jelent\u00e9se szerint az eur\u00f3pai f\u00f6ldalatti g\u00e1zt\u00e1roz\u00f3kban t\u00f6bb mint 56 milli\u00e1rd k\u00f6bm\u00e9ter f\u00f6ldg\u00e1z van, ami 70 sz\u00e1zal\u00e9kos t\u00f6lt\u00f6tts\u00e9gi szint. Mintegy 3 milli\u00e1rd k\u00f6bm\u00e9terrel t\u00f6bb mint amennyit azokban j\u00fanius 16-\u00e1n t\u00e1roltak.<br \/>\n    A Gazprom e napon \u00e9rv\u00e9nyes\u00edtette kor\u00e1bbi d\u00f6nt\u00e9s\u00e9t, hogy csak akkor sz\u00e1ll\u00edt Ukrajn\u00e1nak f\u00f6ldg\u00e1zt, ha el\u0151re fizet az energiahordoz\u00f3\u00e9rt. Kijev az\u00f3ta sem fizet az orosz g\u00e1z\u00e9rt, \u00e9s nem utalta \u00e1t a j\u00faniusra felgy\u00fclemlett, 4,5 milli\u00e1rd doll\u00e1ros ad\u00f3ss\u00e1g\u00e1t sem.<br \/>\n    A Gazpromn\u00e1l arr\u00f3l is t\u00e1j\u00e9koztattak kedden, hogy mint j\u00fanius 16. \u00f3ta minden nap, tov\u00e1bbra is a szerz\u0151d\u00e9ses mennyis\u00e9gben tov\u00e1bb\u00edtj\u00e1k az orosz g\u00e1zt az eur\u00f3pai megrendel\u0151knek. Az elm\u00falt 24 \u00f3r\u00e1ban mintegy 213,5 milli\u00f3 k\u00f6bm\u00e9tert juttattak el az ukrajnai tranzitvezet\u00e9ken kereszt\u00fcl Eur\u00f3p\u00e1ba, de az ut\u00f3bbi napokban a tranzitg\u00e1z mennyis\u00e9ge cs\u00f6kkent. A m\u00falt cs\u00fct\u00f6rt\u00f6k\u00f6n m\u00e9g 253 milli\u00f3 k\u00f6bm\u00e9tert sz\u00e1ll\u00edtottak.<br \/>\n    Alekszej Miller, a Gazprom vez\u00e9rigazgat\u00f3ja a napokban k\u00f6z\u00f6lte, hogy az eur\u00f3pai fogyaszt\u00f3k most a t\u00e9li id\u0151szakban szok\u00e1sos mennyis\u00e9get ig\u00e9nylik az orosz c\u00e9gt\u0151l.<br \/>\n(MTI)<\/p>\n<div class=\"ads-in-post2\"><script async src=\"https:\/\/pagead2.googlesyndication.com\/pagead\/js\/adsbygoogle.js\"><\/script>\r\n<ins class=\"adsbygoogle\"\r\n     style=\"display:block\"\r\n     data-ad-format=\"fluid\"\r\n     data-ad-layout-key=\"-6t+ed+2i-1n-4w\"\r\n     data-ad-client=\"ca-pub-1959107119989764\"\r\n     data-ad-slot=\"4008251320\"><\/ins>\r\n<script>\r\n     (adsbygoogle = window.adsbygoogle || []).push({});\r\n<\/script><\/div>\n","protected":false},"excerpt":{"rendered":"<p>A Gazprom el\u0151sz\u00f6r az eur\u00f3pai orsz\u00e1gokban megl\u00e9v\u0151 saj\u00e1t tulajdon\u00fa \u00e9s b\u00e9rbe vett f\u00f6ldalatti g\u00e1zt\u00e1roz\u00f3it t\u00f6lti fel, Magyarorsz\u00e1ggal viszont sem a t\u00e1roz\u00f3k haszn\u00e1lat\u00e1ra, sem a felt\u00f6lt\u00e9sre nincs b\u00e9rleti szerz\u0151d\u00e9se &#8211; der\u00fclt ki a c\u00e9g egyik vezet\u0151j\u00e9nek nyilatkozat\u00e1b\u00f3l, amelyet orosz \u00fczleti h\u00edrport\u00e1lok id\u00e9ztek.<\/p>\n","protected":false},"author":1,"featured_media":0,"comment_status":"open","ping_status":"closed","sticky":false,"template":"","format":"standard","meta":[],"categories":[19],"tags":[],"_links":{"self":[{"href":"https:\/\/gazdasagportal.hu\/index.php\/wp-json\/wp\/v2\/posts\/38451"}],"collection":[{"href":"https:\/\/gazdasagportal.hu\/index.php\/wp-json\/wp\/v2\/posts"}],"about":[{"href":"https:\/\/gazdasagportal.hu\/index.php\/wp-json\/wp\/v2\/types\/post"}],"author":[{"embeddable":true,"href":"https:\/\/gazdasagportal.hu\/index.php\/wp-json\/wp\/v2\/users\/1"}],"replies":[{"embeddable":true,"href":"https:\/\/gazdasagportal.hu\/index.php\/wp-json\/wp\/v2\/comments?post=38451"}],"version-history":[{"count":1,"href":"https:\/\/gazdasagportal.hu\/index.php\/wp-json\/wp\/v2\/posts\/38451\/revisions"}],"predecessor-version":[{"id":38452,"href":"https:\/\/gazdasagportal.hu\/index.php\/wp-json\/wp\/v2\/posts\/38451\/revisions\/38452"}],"wp:attachment":[{"href":"https:\/\/gazdasagportal.hu\/index.php\/wp-json\/wp\/v2\/media?parent=38451"}],"wp:term":[{"taxonomy":"category","embeddable":true,"href":"https:\/\/gazdasagportal.hu\/index.php\/wp-json\/wp\/v2\/categories?post=38451"},{"taxonomy":"post_tag","embeddable":true,"href":"https:\/\/gazdasagportal.hu\/index.php\/wp-json\/wp\/v2\/tags?post=38451"}],"curies":[{"name":"wp","href":"https:\/\/api.w.org\/{rel}","templated":true}]}}