{"id":38409,"date":"2014-07-01T03:29:35","date_gmt":"2014-07-01T01:29:35","guid":{"rendered":"http:\/\/stockportal.hu\/?p=38409"},"modified":"2014-06-30T22:10:25","modified_gmt":"2014-06-30T20:10:25","slug":"soros-gyorgy-az-eu-nak-segitenie-kell-az-uj-ukrajnat-az-uj-oroszorszaggal-szemben","status":"publish","type":"post","link":"https:\/\/gazdasagportal.hu\/index.php\/soros-gyorgy-az-eu-nak-segitenie-kell-az-uj-ukrajnat-az-uj-oroszorszaggal-szemben\/","title":{"rendered":"Soros Gy\u00f6rgy: az EU-nak seg\u00edtenie kell az \u00faj Ukrajn\u00e1t az \u00faj Oroszorsz\u00e1ggal szemben"},"content":{"rendered":"<p><strong>Az Eur\u00f3pai Uni\u00f3nak seg\u00edtenie kell a tavaly \u0151sszel a kijevi Majdanon megsz\u00fcletett \u00faj Ukrajn\u00e1t az egyre ink\u00e1bb az er\u0151 alkalmaz\u00e1s\u00e1ra t\u00e1maszkod\u00f3 \u00faj Oroszorsz\u00e1ggal szemben &#8211; mondta Soros Gy\u00f6rgy magyar sz\u00e1rmaz\u00e1s\u00fa amerikai p\u00e9nz\u00fcgyi befektet\u0151 h\u00e9tf\u0151n Br\u00fcsszelben egy p\u00f3diumbesz\u00e9lget\u00e9sen.<\/strong><!--more--><br \/>\n<div class=\"ads-in-post1\"><div id=\"gazdasagportal.hu_fullbanner_wideboard\"><\/div>\r\n<\/div>\n<p>    Soros a Bozar rendezv\u00e9nycsarnokban a Bertelsmann nemzetk\u00f6zi m\u00e9diav\u00e1llalkoz\u00e1s \u00e1ltal szervezett rendezv\u00e9nyen Herman Van Rompuynek, az Eur\u00f3pai Tan\u00e1cs eln\u00f6k\u00e9nek, valamint Pierre Moscovici volt francia gazdas\u00e1gi \u00e9s p\u00e9nz\u00fcgyminiszternek a t\u00e1rsas\u00e1g\u00e1ban fejtette ki gondolatait Eur\u00f3pa j\u00f6v\u0151j\u00e9r\u0151l &#8211; r\u00e9szben annak kapcs\u00e1n, hogy Br\u00fcsszelben most mutatt\u00e1k be friss k\u00f6nyv\u00e9t,  amely Az Eur\u00f3pai Uni\u00f3 trag\u00e9di\u00e1ja c\u00edmet viseli. A k\u00f6nyv alc\u00edme azt a k\u00e9rd\u00e9st teszi fel, hogy vajon a dezintegr\u00e1ci\u00f3 vagy az \u00fajj\u00e1\u00e9led\u00e9s lesz-e az EU j\u00f6v\u0151je.<br \/>\n    A k\u00e9rd\u00e9sre a p\u00e9nzm\u00e1gn\u00e1s ez\u00fattal azt a v\u00e1laszt adta, hogy most bizakod\u00f3bb az uni\u00f3 j\u00f6v\u0151j\u00e9t illet\u0151en, mint kor\u00e1bban, \u00e9s ennek oka r\u00e9szben a n\u00f6veked\u00e9s \u00f6szt\u00f6nz\u00e9se melletti, megn\u00f6vekedett fok\u00fa n\u00e9met elk\u00f6telezetts\u00e9gben, illetve Matteo Renzi olasz minisztereln\u00f6k ezt szorgalmaz\u00f3 er\u0151teljes fell\u00e9p\u00e9s\u00e9ben keresend\u0151.<br \/>\n    Mindazon\u00e1ltal \u00fagy v\u00e9lekedett, hogy az EU m\u0171k\u00f6d\u0151k\u00e9pess\u00e9ge tov\u00e1bbra sem kiel\u00e9g\u00edt\u0151, pedig arra nagy sz\u00fcks\u00e9g lenne, p\u00e9ld\u00e1ul olyan eur\u00f3pai gondok megold\u00e1sa \u00e9rdek\u00e9ben, mint amilyen a romak\u00e9rd\u00e9s, a migr\u00e1ci\u00f3s nyom\u00e1s, illetve az ukr\u00e1n helyzet.<br \/>\n    Soros szerint Eur\u00f3pa sz\u00e1m\u00e1ra hatalmas kih\u00edv\u00e1st jelent, hogy Ukrajn\u00e1ban olyan fellelkes\u00fclt v\u00e1rakoz\u00e1sok fogalmaz\u00f3dnak meg Eur\u00f3pa ir\u00e1nt, amelyeknek nagyon neh\u00e9z lesz eleget tenni. \u00dagy l\u00e1tja, hogy Oroszorsz\u00e1g, felt\u00f6rekv\u0151 hatalomk\u00e9nt az etnikai \u00e9s &#8211; az orosz ortodox egyh\u00e1z \u00e1ltal t\u00e1mogatott &#8211; vall\u00e1si nacionalizmus jegy\u00e9ben igyekszik kiterjeszteni a hatalm\u00e1t. Ezzel a t\u00f6rekv\u00e9ssel szemben az EU-nak t\u00e1mogat\u00e1st kell ny\u00fajtania Ukrajna sz\u00e1m\u00e1ra &#8211; hangs\u00falyozta. A seg\u00edts\u00e9gny\u00fajt\u00e1s form\u00e1i k\u00f6zt &#8211; tette hozz\u00e1 &#8211; kit\u00fcntetett szerepet kell j\u00e1tszania a p\u00e9nz\u00fcgyi t\u00e1mogat\u00e1snak, egyebek k\u00f6zt a konkr\u00e9t projektekre kibocs\u00e1tand\u00f3 eur\u00f3k\u00f6tv\u00e9nyek form\u00e1j\u00e1ban.<br \/>\n    A p\u00f3diumbesz\u00e9lget\u00e9sen a belga kereszt\u00e9nydemokrata Herman Van Rompuy &#8211; az eur\u00f3pai f\u00f6deralizmus gondolat\u00e1hoz val\u00f3 viszony\u00e1t firtat\u00f3 k\u00e9rd\u00e9sre adott v\u00e1lasz\u00e1ban &#8211; azt emelte ki, hogy meggy\u0151z\u0151d\u00e9se szerint az eur\u00f3\u00f6vezetnek az eddigin\u00e9l szorosabb integr\u00e1ci\u00f3ra van sz\u00fcks\u00e9ge. Ugyanakkor &#8211; utalt a m\u00falt heti EU-cs\u00facs kimenetel\u00e9re &#8211; az EU-nak sz\u00fcks\u00e9ge van az Egyes\u00fclt Kir\u00e1lys\u00e1gra is.<br \/>\n    Moscovici egyebek k\u00f6zt arr\u00f3l besz\u00e9lt, hogy az uni\u00f3nak hasznos, ha egy er\u0151s N\u00e9metorsz\u00e1g \u00e9s egy er\u0151s Franciaorsz\u00e1g egy\u00fcttm\u0171k\u00f6dik egym\u00e1ssal. A francia szocialista p\u00e1rti politikus \u00fagy v\u00e9lekedett, hogy a most l\u00e9trehozand\u00f3 Eur\u00f3pai Bizotts\u00e1gban az egyes biztosi t\u00e1rc\u00e1kat \u00fagynevezett klaszterekbe kellene szervezni, vagyis egyes nagy ter\u00fcleteken egy-egy bizotts\u00e1gi aleln\u00f6ki jog\u00e1ll\u00e1s\u00fa biztos fel\u00fcgyelete alatt t\u00f6bb, nem aleln\u00f6ki jog\u00e1ll\u00e1s\u00fa biztos \u00e1ltal ir\u00e1ny\u00edtott r\u00e9szter\u00fcletet kellene \u00f6sszefogni.(MTI)<\/p>\n","protected":false},"excerpt":{"rendered":"<p>Az Eur\u00f3pai Uni\u00f3nak seg\u00edtenie kell a tavaly \u0151sszel a kijevi Majdanon megsz\u00fcletett \u00faj Ukrajn\u00e1t az egyre ink\u00e1bb az er\u0151 alkalmaz\u00e1s\u00e1ra t\u00e1maszkod\u00f3 \u00faj Oroszorsz\u00e1ggal szemben &#8211; mondta Soros Gy\u00f6rgy magyar sz\u00e1rmaz\u00e1s\u00fa amerikai p\u00e9nz\u00fcgyi befektet\u0151 h\u00e9tf\u0151n Br\u00fcsszelben egy p\u00f3diumbesz\u00e9lget\u00e9sen.<\/p>\n","protected":false},"author":1,"featured_media":0,"comment_status":"open","ping_status":"closed","sticky":false,"template":"","format":"standard","meta":[],"categories":[139],"tags":[],"_links":{"self":[{"href":"https:\/\/gazdasagportal.hu\/index.php\/wp-json\/wp\/v2\/posts\/38409"}],"collection":[{"href":"https:\/\/gazdasagportal.hu\/index.php\/wp-json\/wp\/v2\/posts"}],"about":[{"href":"https:\/\/gazdasagportal.hu\/index.php\/wp-json\/wp\/v2\/types\/post"}],"author":[{"embeddable":true,"href":"https:\/\/gazdasagportal.hu\/index.php\/wp-json\/wp\/v2\/users\/1"}],"replies":[{"embeddable":true,"href":"https:\/\/gazdasagportal.hu\/index.php\/wp-json\/wp\/v2\/comments?post=38409"}],"version-history":[{"count":1,"href":"https:\/\/gazdasagportal.hu\/index.php\/wp-json\/wp\/v2\/posts\/38409\/revisions"}],"predecessor-version":[{"id":38410,"href":"https:\/\/gazdasagportal.hu\/index.php\/wp-json\/wp\/v2\/posts\/38409\/revisions\/38410"}],"wp:attachment":[{"href":"https:\/\/gazdasagportal.hu\/index.php\/wp-json\/wp\/v2\/media?parent=38409"}],"wp:term":[{"taxonomy":"category","embeddable":true,"href":"https:\/\/gazdasagportal.hu\/index.php\/wp-json\/wp\/v2\/categories?post=38409"},{"taxonomy":"post_tag","embeddable":true,"href":"https:\/\/gazdasagportal.hu\/index.php\/wp-json\/wp\/v2\/tags?post=38409"}],"curies":[{"name":"wp","href":"https:\/\/api.w.org\/{rel}","templated":true}]}}