{"id":38405,"date":"2014-07-01T03:42:43","date_gmt":"2014-07-01T01:42:43","guid":{"rendered":"http:\/\/stockportal.hu\/?p=38405"},"modified":"2014-06-30T21:03:38","modified_gmt":"2014-06-30T19:03:38","slug":"mobilparkolas-het-szolgaltato-kozul-valaszthatnak-az-ugyfelek","status":"publish","type":"post","link":"https:\/\/gazdasagportal.hu\/index.php\/mobilparkolas-het-szolgaltato-kozul-valaszthatnak-az-ugyfelek\/","title":{"rendered":"Mobilparkol\u00e1s &#8211; H\u00e9t szolg\u00e1ltat\u00f3 k\u00f6z\u00fcl v\u00e1laszthatnak az \u00fcgyfelek"},"content":{"rendered":"<p><strong>Az aut\u00f3sok \u00e9s int\u00e9zm\u00e9nyek jelenleg h\u00e9t mobilparkol\u00e1si szolg\u00e1ltat\u00f3 k\u00f6z\u00fcl v\u00e1laszthatnak a keddt\u0151l m\u0171k\u00f6d\u0151 \u00faj mobilparkol\u00e1si rendszerben, ezek a h\u00e1rom mobilc\u00e9g, tov\u00e1bb\u00e1 az Mpark, az Evopay \u00e9s a Barion rendszert l\u00e9trehoz\u00f3 Sense\/Net Zrt., illetve az integr\u00e1tor Nemzeti Mobilfizet\u00e9si Zrt. &#8211; k\u00f6z\u00f6lte a Nemzeti Mobilfizet\u00e9si Zrt. az MTI-vel h\u00e9tf\u0151n.<!--more--><\/strong><br \/>\n<div class=\"ads-in-post1\"><div id=\"gazdasagportal.hu_fullbanner_wideboard\"><\/div>\r\n<\/div>\n<p>A t\u00e1rsas\u00e1g azt tan\u00e1csolja az aut\u00f3soknak, hogy a nemzetimobilfizetes.hu honlapon a viszontelad\u00f3k men\u00fcpontot v\u00e1lasztva t\u00e1j\u00e9koz\u00f3djanak az egyes szolg\u00e1ltat\u00f3k konkr\u00e9t aj\u00e1nlatair\u00f3l. Ezek a honlap alapj\u00e1n \u00f6sszehasonl\u00edthat\u00f3k, \u00e9s \u00edgy az a szolg\u00e1ltat\u00e1s vehet\u0151 ig\u00e9nybe, amely a legink\u00e1bb megfelel\u0151 az egyedi ig\u00e9nyeket \u00e9s k\u00f6r\u00fclm\u00e9nyeket figyelembe v\u00e9ve.<br \/>\nAki viszont nem k\u00edv\u00e1nja &#8211; vagy nincs lehet\u0151s\u00e9ge &#8211; ig\u00e9nybe venni ezt a t\u00e1j\u00e9koz\u00f3d\u00e1si lehet\u0151s\u00e9get, az ad hoc is parkolhat, ugyan\u00fagy mint kor\u00e1bban, csup\u00e1n a 810-es sz\u00e1mot kell 763-ra cser\u00e9lnie, mivel a z\u00f3nasz\u00e1mok v\u00e1ltozatlanok maradnak. A parkol\u00f3 automat\u00e1k t\u00e1j\u00e9koztat\u00f3i pedig &#8211; mivel \u00e1tmatric\u00e1zz\u00e1k azokat &#8211; szint\u00e9n tartalmazz\u00e1k a legfontosabb \u00faj tudnival\u00f3kat &#8211; t\u00e1j\u00e9koztatott a Nemzeti Mobilfizet\u00e9si Zrt.<br \/>\nA szolg\u00e1ltat\u00f3k t\u00f6bbs\u00e9ge k\u00fcl\u00f6n szerz\u0151d\u00e9s alapj\u00e1n szolg\u00e1ltat, m\u00edg a h\u00e1rom mobil telefonos c\u00e9g \u00fcgyfelei &#8211; bizonyos felt\u00e9telek mellett &#8211; k\u00fcl\u00f6n szerz\u0151d\u00e9s n\u00e9lk\u00fcl a telefonegyenleg\u00fck terh\u00e9re fizethetik a mobilparkol\u00e1s d\u00edj\u00e1t is. Mindh\u00e1rom &#8211; a Magyar Telekom, a Telenor \u00e9s a Vodafone &#8211; szolg\u00e1ltat\u00f3 k\u00f6zlem\u00e9nyben t\u00e1j\u00e9koztatta az MTI-t arr\u00f3l, hogy j\u00falius elsej\u00e9t k\u00f6vet\u0151en is v\u00e1ltozatlan form\u00e1ban ny\u00fajtj\u00e1k a mobilparkol\u00e1s fizet\u00e9s\u00e9nek szolg\u00e1ltat\u00e1s\u00e1t az \u00fcgyfeleiknek. A mobil t\u00e1vk\u00f6zl\u00e9si szolg\u00e1ltat\u00f3k k\u00f6z\u00fcl a Magyar Telekom \u00e9s a Telenor sms-ben is t\u00e1j\u00e9koztatt\u00e1k \u00fcgyfeleiket a h\u00edv\u00f3sz\u00e1m v\u00e1ltoz\u00e1s\u00e1r\u00f3l.<br \/>\nH\u00e9t \u00faj mobilparkol\u00e1si szolg\u00e1ltat\u00f3 k\u00f6z\u00fcl kell v\u00e1lasztaniuk azon c\u00e9geknek is, amelyek flottaszerz\u0151d\u00e9ssel rendelkeznek, de jelenlegi szolg\u00e1ltat\u00f3juk nem csatlakozott a Nemzeti Mobilfizet\u00e9si Rendszerhez.<br \/>\nMivel az eddigi integr\u00e1tor, az EME Zrt. nem csatlakozott a rendszerhez, \u00edgy \u00fcgyfeleinek m\u00e1sik mobilparkol\u00e1si szolg\u00e1ltat\u00f3t kell keresni\u00fck.<br \/>\nA Nemzeti Mobilfizet\u00e9si Rendszer honlapj\u00e1n el\u00e9rhet\u0151 inform\u00e1ci\u00f3k a viszontelad\u00f3k aj\u00e1nlatair\u00f3l elt\u00e9r\u0151 r\u00e9szletez\u00e9s\u0171ek, \u00edgy \u00f6sszehasonl\u00edt\u00e1suk nem egyszer\u0171 feladat. A\u00a0<a title=\"Hely megnyit\u00e1sa\" href=\"http:\/\/www.nemzetimobilfizetes.hu\/\" target=\"_blank\" rel=\"noopener\">www.nemzetimobilfizetes.hu<\/a>\u00a0honlapon tal\u00e1lhat\u00f3 t\u00e1j\u00e9koztat\u00e1sb\u00f3l kit\u0171nik: a szolg\u00e1ltat\u00f3k m\u00e1s-m\u00e1s megold\u00e1st k\u00edn\u00e1lnak elt\u00e9r\u0151 k\u00f6lts\u00e9gen int\u00e9zm\u00e9nyi flott\u00e1k r\u00e9sz\u00e9re, alapvet\u0151en a mobiltelefon sz\u00e1ml\u00e1ban jelenik meg a parkol\u00e1si d\u00edj, de lehet bankk\u00e1rty\u00e1s felt\u00f6lt\u00e9st, s\u0151t ut\u00f3lagos fizet\u00e9st is v\u00e1lasztani.<br \/>\nA j\u00falius elsejei v\u00e1ltoz\u00e1s csak az \u00f6nkorm\u00e1nyzati k\u00f6zter\u00fcleti mobilparkol\u00e1st \u00e9rinti, mag\u00e1nter\u00fcleteken, bev\u00e1s\u00e1rl\u00f3k\u00f6zpontok parkol\u00f3iban, illetve egy\u00e9b l\u00e9tes\u00edtm\u00e9nyek parkol\u00f3iban a mobilparkol\u00e1si rend nem v\u00e1ltozik.<br \/>\nA Nemzeti Mobilfizet\u00e9si Rendszer j\u00falius elsej\u00e9n 98,5 sz\u00e1zal\u00e9kos k\u00e9sz\u00fclts\u00e9g\u0171, mert a k\u00f6zter\u00fcleti parkol\u00f3k nem eg\u00e9szen 1,5 sz\u00e1zal\u00e9k\u00e1t kitev\u0151 z\u00e1rtt\u00e9ri parkol\u00f3k integr\u00e1l\u00e1sa m\u00e9g folyamatban van.(MTI)<\/p>\n","protected":false},"excerpt":{"rendered":"<p>Az aut\u00f3sok \u00e9s int\u00e9zm\u00e9nyek jelenleg h\u00e9t mobilparkol\u00e1si szolg\u00e1ltat\u00f3 k\u00f6z\u00fcl v\u00e1laszthatnak a keddt\u0151l m\u0171k\u00f6d\u0151 \u00faj mobilparkol\u00e1si rendszerben, ezek a h\u00e1rom mobilc\u00e9g, tov\u00e1bb\u00e1 az Mpark, az Evopay \u00e9s a Barion rendszert l\u00e9trehoz\u00f3 Sense\/Net Zrt., illetve az integr\u00e1tor Nemzeti Mobilfizet\u00e9si Zrt. &#8211; k\u00f6z\u00f6lte a Nemzeti Mobilfizet\u00e9si Zrt. az MTI-vel h\u00e9tf\u0151n.<\/p>\n","protected":false},"author":1,"featured_media":0,"comment_status":"open","ping_status":"closed","sticky":false,"template":"","format":"standard","meta":[],"categories":[1],"tags":[],"_links":{"self":[{"href":"https:\/\/gazdasagportal.hu\/index.php\/wp-json\/wp\/v2\/posts\/38405"}],"collection":[{"href":"https:\/\/gazdasagportal.hu\/index.php\/wp-json\/wp\/v2\/posts"}],"about":[{"href":"https:\/\/gazdasagportal.hu\/index.php\/wp-json\/wp\/v2\/types\/post"}],"author":[{"embeddable":true,"href":"https:\/\/gazdasagportal.hu\/index.php\/wp-json\/wp\/v2\/users\/1"}],"replies":[{"embeddable":true,"href":"https:\/\/gazdasagportal.hu\/index.php\/wp-json\/wp\/v2\/comments?post=38405"}],"version-history":[{"count":1,"href":"https:\/\/gazdasagportal.hu\/index.php\/wp-json\/wp\/v2\/posts\/38405\/revisions"}],"predecessor-version":[{"id":38406,"href":"https:\/\/gazdasagportal.hu\/index.php\/wp-json\/wp\/v2\/posts\/38405\/revisions\/38406"}],"wp:attachment":[{"href":"https:\/\/gazdasagportal.hu\/index.php\/wp-json\/wp\/v2\/media?parent=38405"}],"wp:term":[{"taxonomy":"category","embeddable":true,"href":"https:\/\/gazdasagportal.hu\/index.php\/wp-json\/wp\/v2\/categories?post=38405"},{"taxonomy":"post_tag","embeddable":true,"href":"https:\/\/gazdasagportal.hu\/index.php\/wp-json\/wp\/v2\/tags?post=38405"}],"curies":[{"name":"wp","href":"https:\/\/api.w.org\/{rel}","templated":true}]}}