{"id":38401,"date":"2014-06-30T20:53:17","date_gmt":"2014-06-30T18:53:17","guid":{"rendered":"http:\/\/stockportal.hu\/?p=38401"},"modified":"2014-06-30T20:53:17","modified_gmt":"2014-06-30T18:53:17","slug":"visszavontak-a-masodfoku-riasztasokat","status":"publish","type":"post","link":"https:\/\/gazdasagportal.hu\/index.php\/visszavontak-a-masodfoku-riasztasokat\/","title":{"rendered":"Visszavont\u00e1k a m\u00e1sodfok\u00fa riaszt\u00e1sokat"},"content":{"rendered":"<p><strong>M\u00e9rs\u00e9kl\u0151d\u00f6tt a zivatar, visszavont\u00e1k a kor\u00e1bban heves zivatarok, illetve felh\u0151szakad\u00e1s miatt kiadott m\u00e1sodfok\u00fa riaszt\u00e1sokat \u00e9s az \u00e9jf\u00e9lig sz\u00f3l\u00f3 figyelmeztet\u00e9seket is.<\/strong><!--more--><br \/>\n<div class=\"ads-in-post1\"><div id=\"gazdasagportal.hu_fullbanner_wideboard\"><\/div>\r\n<\/div>\n<p>    Az Orsz\u00e1gos Meteorol\u00f3giai Szolg\u00e1lat h\u00e9tf\u0151n kora este az MTI-hez eljuttatott vesz\u00e9lyjelz\u00e9se szerint m\u00e1r csak Borsod-Aba\u00faj-Zempl\u00e9n, Szabolcs-Szatm\u00e1r-Bereg \u00e9s Hajd\u00fa-Bihar megy\u00e9ben van \u00e9rv\u00e9nyben els\u0151fok\u00fa riaszt\u00e1s heves zivatar \u00e9s felh\u0151szakad\u00e1s miatt.<br \/>\n    Kedd hajnalig f\u0151k\u00e9nt az \u00e9szakkeleti megy\u00e9kben fordulhat el\u0151 elsz\u00f3rtan zivatar &#8211; \u00edrt\u00e1k. Napk\u00f6zben is az \u00e9szakkeleti megy\u00e9kben helyenk\u00e9nt el\u0151fordulhat zivatar, amelyhez n\u00e9hol nagyobb mennyis\u00e9g\u0171 (15-20 millim\u00e9ter k\u00f6r\u00fcli, kis es\u00e9llyel ann\u00e1l t\u00f6bb) csapad\u00e9k \u00e9s kism\u00e9ret\u0171 j\u00e9g t\u00e1rsulhat.<br \/>\n    Keddre is Borsod-Aba\u00faj-Zempl\u00e9n, Szabolcs-Szatm\u00e1r-Bereg \u00e9s Hajd\u00fa-Bihar megy\u00e9re adtak ki els\u0151fok\u00fa figyelmeztet\u00e9st, de m\u00e1r csak a felh\u0151szakad\u00e1s vesz\u00e9lye miatt.<br \/>\n    Az el\u0151rejelz\u00e9s szerint kedden az orsz\u00e1g nagyobb r\u00e9sz\u00e9n napos id\u0151re lehet sz\u00e1m\u00edtani. T\u00f6bbfel\u00e9 meg\u00e9l\u00e9nk\u00fcl, helyenk\u00e9nt meger\u0151s\u00f6dik a sz\u00e9l, de d\u00e9lut\u00e1n m\u00e9rs\u00e9kl\u0151dik a l\u00e9gmozg\u00e1s. A legalacsonyabb h\u0151m\u00e9rs\u00e9klet 8-14, a legmagasabb 22-26 Celsius-fok k\u00f6z\u00f6tt v\u00e1rhat\u00f3.(MTI)<\/p>\n","protected":false},"excerpt":{"rendered":"<p>M\u00e9rs\u00e9kl\u0151d\u00f6tt a zivatar, visszavont\u00e1k a kor\u00e1bban heves zivatarok, illetve felh\u0151szakad\u00e1s miatt kiadott m\u00e1sodfok\u00fa riaszt\u00e1sokat \u00e9s az \u00e9jf\u00e9lig sz\u00f3l\u00f3 figyelmeztet\u00e9seket is.<\/p>\n","protected":false},"author":1,"featured_media":0,"comment_status":"open","ping_status":"closed","sticky":false,"template":"","format":"standard","meta":[],"categories":[4,151],"tags":[],"_links":{"self":[{"href":"https:\/\/gazdasagportal.hu\/index.php\/wp-json\/wp\/v2\/posts\/38401"}],"collection":[{"href":"https:\/\/gazdasagportal.hu\/index.php\/wp-json\/wp\/v2\/posts"}],"about":[{"href":"https:\/\/gazdasagportal.hu\/index.php\/wp-json\/wp\/v2\/types\/post"}],"author":[{"embeddable":true,"href":"https:\/\/gazdasagportal.hu\/index.php\/wp-json\/wp\/v2\/users\/1"}],"replies":[{"embeddable":true,"href":"https:\/\/gazdasagportal.hu\/index.php\/wp-json\/wp\/v2\/comments?post=38401"}],"version-history":[{"count":1,"href":"https:\/\/gazdasagportal.hu\/index.php\/wp-json\/wp\/v2\/posts\/38401\/revisions"}],"predecessor-version":[{"id":38402,"href":"https:\/\/gazdasagportal.hu\/index.php\/wp-json\/wp\/v2\/posts\/38401\/revisions\/38402"}],"wp:attachment":[{"href":"https:\/\/gazdasagportal.hu\/index.php\/wp-json\/wp\/v2\/media?parent=38401"}],"wp:term":[{"taxonomy":"category","embeddable":true,"href":"https:\/\/gazdasagportal.hu\/index.php\/wp-json\/wp\/v2\/categories?post=38401"},{"taxonomy":"post_tag","embeddable":true,"href":"https:\/\/gazdasagportal.hu\/index.php\/wp-json\/wp\/v2\/tags?post=38401"}],"curies":[{"name":"wp","href":"https:\/\/api.w.org\/{rel}","templated":true}]}}