{"id":38382,"date":"2014-06-30T18:37:20","date_gmt":"2014-06-30T16:37:20","guid":{"rendered":"http:\/\/stockportal.hu\/?p=38382"},"modified":"2014-06-30T17:26:21","modified_gmt":"2014-06-30T15:26:21","slug":"pokolgepes-merenyleteket-kovettek-el-kairoban","status":"publish","type":"post","link":"https:\/\/gazdasagportal.hu\/index.php\/pokolgepes-merenyleteket-kovettek-el-kairoban\/","title":{"rendered":"Pokolg\u00e9pes mer\u00e9nyleteket k\u00f6vettek el Kair\u00f3ban"},"content":{"rendered":"<p><strong>Felrobbant h\u00e1rom, az \u00fat ment\u00e9n elhelyezett pokolg\u00e9p h\u00e9tf\u0151n a kair\u00f3i eln\u00f6ki palota k\u00f6zel\u00e9ben. A deton\u00e1ci\u00f3kban k\u00e9t rend\u0151rtiszt meghalt \u00e9s legkevesebb hatan megsebes\u00fcltek, t\u00f6bben k\u00f6z\u00fcl\u00fck s\u00falyosan &#8211; jelentette az ONTV egyiptomi h\u00edrtelev\u00edzi\u00f3.<\/strong><!--more--><br \/>\n<div class=\"ads-in-post1\"><div id=\"gazdasagportal.hu_fullbanner_wideboard\"><\/div>\r\n<\/div>\n<p>    Az els\u0151 robbant\u00e1s h\u00e1rom utcasepr\u0151t sebes\u00edtett meg. A helysz\u00ednel\u0151 rend\u0151r\u00f6k egy m\u00e1sodik robban\u00f3szerkezetet is tal\u00e1ltak, amely akkor l\u00e9pett m\u0171k\u00f6d\u00e9sbe, amikor a t\u0171zszer\u00e9szek megpr\u00f3b\u00e1lt\u00e1k hat\u00e1stalan\u00edtani. A deton\u00e1ci\u00f3ban meghalt az akci\u00f3t vezet\u0151 rend\u0151rezredes, tov\u00e1bbi h\u00e1rom rend\u0151r pedig \u00e9letvesz\u00e9lyesen megsebes\u00fclt. Nem sokkal k\u00e9s\u0151bb t\u00f6rt\u00e9nt a harmadik robban\u00e1s, amelyben m\u00e9g egy rend\u0151rtiszt \u00e9let\u00e9t vesztette.<br \/>\n    A h\u00e9tf\u0151i mer\u00e9nyleteket a tetteseknek a v\u00e1ros egyik legszigor\u00fabban v\u00e9dett \u00e9p\u00fclet\u00e9nek k\u00f6zvetlen k\u00f6zel\u00e9ben siker\u00fclt v\u00e9grehajtaniuk.<br \/>\n    Biztons\u00e1gi forr\u00e1sok szerint a palot\u00e1t k\u00f6r\u00fclvev\u0151 fal mellett k\u00e9t m\u00e1sik robban\u00f3szerkezetet siker\u00fclt \u00e1rtalmatlan\u00edtaniuk a rendv\u00e9delmiseknek.<br \/>\n    A terrort\u00e1mad\u00e1s el\u0151tt n\u00e9gy nappal az Agn\u00e1d Miszr (Egyiptom katon\u00e1i) nev\u0171 sz\u00e9ls\u0151s\u00e9ges csoport a Twitter k\u00f6z\u00f6ss\u00e9gi h\u00e1l\u00f3zaton t\u00f6bb alkalommal is jelezte, hogy az eln\u00f6ki palota k\u00f6r\u00fcl pokolg\u00e9peket helyezett el. Az egyik figyelmeztet\u00e9sben piros bet\u0171kkel kiemelve pontosan le\u00edrt\u00e1k, hogy hol tal\u00e1lhat\u00f3k az egyes robban\u00f3szerkezetek. A k\u00f6zlem\u00e9ny szerint a tettesek el\u0151z\u0151leg, amikor \u00e9szrevett\u00e9k, hogy gyakran polg\u00e1ri szem\u00e9lyek k\u00f6zel\u00edtenek a bomb\u00e1k fel\u00e9, megpr\u00f3b\u00e1lt\u00e1k azokat elt\u00e1vol\u00edtani, de ez a biztons\u00e1gi \u0151r\u00f6k jelenl\u00e9te miatt lehetetlen volt. Ezut\u00e1n igyekeztek az embereket elterelni a vesz\u00e9lyes pontok k\u00f6zel\u00e9b\u0151l.<br \/>\n    A robbant\u00e1sokat az iszlamista Mohamed Murszi eln\u00f6k elmozd\u00edt\u00e1s\u00e1hoz vezet\u0151 t\u00f6megt\u00fcntet\u00e9sek els\u0151 \u00e9vfordul\u00f3j\u00e1n k\u00f6vett\u00e9k el. A hadsereg \u00e1ltal tavaly j\u00falius 3-\u00e1n megd\u00f6nt\u00f6tt Murszi-rezsim t\u00e1mogat\u00f3i \u00e9s a biztons\u00e1gi er\u0151k k\u00f6zt gyakoriak az \u00f6sszecsap\u00e1sok, amelyekben az ut\u00f3bbi egy \u00e9v alatt t\u00f6bb sz\u00e1zan, egyes forr\u00e1sok szerint m\u00e1sf\u00e9l ezren vesztett\u00e9k \u00e9let\u00fcket.<br \/>\n    Az \u00e9vfordul\u00f3 k\u00f6zeled\u00e9se miatt tov\u00e1bbi mer\u00e9nyletekt\u0151l tartva Kair\u00f3-szerte sz\u00e1mos f\u0151\u00fatvonalat \u00e9s csom\u00f3pontot lez\u00e1rtak, egyebek mellett az ut\u00f3bbi h\u00e1rom \u00e9v t\u00f6megt\u00fcntet\u00e9seinek legf\u0151bb helysz\u00edn\u00e9t, a Tahr\u00edr teret is. A t\u00e9ren az este folyam\u00e1n v\u00e1rhat\u00f3an t\u00f6bb ezer ember fogja \u00fcnnepelni a j\u00fanius 30-i \u00e9vfordul\u00f3t.<br \/>\n    Szak\u00e9rt\u0151k arra h\u00edvt\u00e1k fel a figyelmet, hogy a ramad\u00e1n b\u00f6jti h\u00f3nap alatti fokozott vall\u00e1si buzgalom miatt is megn\u0151het a sz\u00e9ls\u0151s\u00e9ges csoportok terrorcselekm\u00e9nyeinek sz\u00e1ma.(MTI)<\/p>\n","protected":false},"excerpt":{"rendered":"<p>Felrobbant h\u00e1rom, az \u00fat ment\u00e9n elhelyezett pokolg\u00e9p h\u00e9tf\u0151n a kair\u00f3i eln\u00f6ki palota k\u00f6zel\u00e9ben. A deton\u00e1ci\u00f3kban k\u00e9t rend\u0151rtiszt meghalt \u00e9s legkevesebb hatan megsebes\u00fcltek, t\u00f6bben k\u00f6z\u00fcl\u00fck s\u00falyosan &#8211; jelentette az ONTV egyiptomi h\u00edrtelev\u00edzi\u00f3.<\/p>\n","protected":false},"author":1,"featured_media":0,"comment_status":"open","ping_status":"closed","sticky":false,"template":"","format":"standard","meta":[],"categories":[16,151],"tags":[],"_links":{"self":[{"href":"https:\/\/gazdasagportal.hu\/index.php\/wp-json\/wp\/v2\/posts\/38382"}],"collection":[{"href":"https:\/\/gazdasagportal.hu\/index.php\/wp-json\/wp\/v2\/posts"}],"about":[{"href":"https:\/\/gazdasagportal.hu\/index.php\/wp-json\/wp\/v2\/types\/post"}],"author":[{"embeddable":true,"href":"https:\/\/gazdasagportal.hu\/index.php\/wp-json\/wp\/v2\/users\/1"}],"replies":[{"embeddable":true,"href":"https:\/\/gazdasagportal.hu\/index.php\/wp-json\/wp\/v2\/comments?post=38382"}],"version-history":[{"count":1,"href":"https:\/\/gazdasagportal.hu\/index.php\/wp-json\/wp\/v2\/posts\/38382\/revisions"}],"predecessor-version":[{"id":38383,"href":"https:\/\/gazdasagportal.hu\/index.php\/wp-json\/wp\/v2\/posts\/38382\/revisions\/38383"}],"wp:attachment":[{"href":"https:\/\/gazdasagportal.hu\/index.php\/wp-json\/wp\/v2\/media?parent=38382"}],"wp:term":[{"taxonomy":"category","embeddable":true,"href":"https:\/\/gazdasagportal.hu\/index.php\/wp-json\/wp\/v2\/categories?post=38382"},{"taxonomy":"post_tag","embeddable":true,"href":"https:\/\/gazdasagportal.hu\/index.php\/wp-json\/wp\/v2\/tags?post=38382"}],"curies":[{"name":"wp","href":"https:\/\/api.w.org\/{rel}","templated":true}]}}