{"id":38212,"date":"2014-06-28T02:51:18","date_gmt":"2014-06-28T00:51:18","guid":{"rendered":"http:\/\/stockportal.hu\/?p=38212"},"modified":"2014-06-27T20:32:03","modified_gmt":"2014-06-27T18:32:03","slug":"mobilparkolas-keddtol-valtozik-hivoszam","status":"publish","type":"post","link":"https:\/\/gazdasagportal.hu\/index.php\/mobilparkolas-keddtol-valtozik-hivoszam\/","title":{"rendered":"Mobilparkol\u00e1s &#8211; Keddt\u0151l v\u00e1ltozik h\u00edv\u00f3sz\u00e1m"},"content":{"rendered":"<p><strong>Keddt\u0151l a jelenlegi 42 helyett 70 k\u00f6zter\u00fcleti parkol\u00e1si t\u00e1rsas\u00e1g ter\u00fclet\u00e9n lesz el\u00e9rhet\u0151 a mobiltelefonos parkol\u00e1s, viszont a 810-es beh\u00edv\u00f3sz\u00e1m 763-ra v\u00e1ltozik &#8211; k\u00f6z\u00f6lte a Nemzeti Fejleszt\u00e9si Miniszt\u00e9rium p\u00e9nteken az MTI-vel.<\/strong><!--more--><br \/>\n<div class=\"ads-in-post1\"><div id=\"gazdasagportal.hu_fullbanner_wideboard\"><\/div>\r\n<\/div>\n<p>    Az aut\u00f3sok j\u00falius 1-j\u00e9t\u0151l, keddt\u0151l h\u00e9t k\u00f6zter\u00fcleti mobilparkol\u00e1st k\u00edn\u00e1l\u00f3 szolg\u00e1ltat\u00f3n kereszt\u00fcl tudj\u00e1k a d\u00edjfizet\u00e9st elind\u00edtani. A h\u00e1rom mobilszolg\u00e1ltat\u00f3n kereszt\u00fcl tov\u00e1bbra is el\u00e9rhet\u0151 lesz a n\u00e9pszer\u0171, mobilegyenleg terh\u00e9re t\u00f6rt\u00e9n\u0151, SMS- \u00e9s telefonh\u00edv\u00e1s alap\u00fa, \u00fagynevezett ad hoc mobilparkol\u00e1s.<br \/>\n    A k\u00f6z\u00f6s beh\u00edv\u00f3sz\u00e1m 810-r\u0151l 763-ra v\u00e1ltozik.<br \/>\n    A v\u00e1ltozatlanul a 810-es sz\u00e1mot h\u00edv\u00f3 aut\u00f3sok SMS-ben kapnak \u00e9rtes\u00edt\u00e9st arr\u00f3l, hogy a szolg\u00e1ltat\u00e1s ott m\u00e1r nem \u00e9rhet\u0151 el, \u00e9s az ad hoc mobilparkol\u00e1st a k\u00f6vetkez\u0151 sz\u00e1mon: 20\/30\/70 763 xxxx (v\u00e1ltozatlan parkol\u00e1si z\u00f3nasz\u00e1m) ind\u00edthatj\u00e1k el.<br \/>\n     A rendszer \u00e9les indul\u00e1s\u00e1ig az orsz\u00e1g mintegy 13 ezer, f\u0151k\u00e9pp a parkol\u00f3automat\u00e1kra kihelyezett t\u00e1j\u00e9koztat\u00f3 matric\u00e1j\u00e1t kicser\u00e9lik, az \u00faj feliratokon minden mobilparkol\u00e1si szolg\u00e1ltat\u00f3 el\u00e9rhet\u0151s\u00e9ge megtal\u00e1lhat\u00f3 lesz.<br \/>\n     A szakt\u00e1rca ism\u00e9telten felh\u00edvja az aut\u00f3sok figyelm\u00e9t arra, hogy a Nemzeti Mobilfizet\u00e9si Rendszerhez nem csatlakozott szolg\u00e1ltat\u00f3k &#8211; ilyen p\u00e9ld\u00e1ul az EME Zrt. &#8211; a t\u00f6rv\u00e9nyi szab\u00e1lyoz\u00e1s szerint a tov\u00e1bbiakban nem ny\u00fajthatnak k\u00f6zter\u00fcleti mobilparkol\u00e1si szolg\u00e1ltat\u00e1st. Szerz\u0151d\u00f6tt \u00e9s regisztr\u00e1lt \u00fcgyfeleiknek ez\u00e9rt m\u00e9g id\u0151ben \u00e9rdemes m\u00e1sik mobilparkol\u00e1si szolg\u00e1ltat\u00f3 partnert v\u00e1lasztaniuk.<br \/>\n    Veres Mih\u00e1ly, a Nemzeti Mobilfizet\u00e9si Zrt. vez\u00e9rigazgat\u00f3ja szerdai sajt\u00f3t\u00e1j\u00e9koztat\u00f3j\u00e1n figyelmeztette az EME \u00fcgyfeleit: amennyiben nem az \u00faj beh\u00edv\u00f3 sz\u00e1mon parkolnak, b\u00fcntet\u00e9s v\u00e1r r\u00e1juk.(MTI)<\/p>\n","protected":false},"excerpt":{"rendered":"<p>Keddt\u0151l a jelenlegi 42 helyett 70 k\u00f6zter\u00fcleti parkol\u00e1si t\u00e1rsas\u00e1g ter\u00fclet\u00e9n lesz el\u00e9rhet\u0151 a mobiltelefonos parkol\u00e1s, viszont a 810-es beh\u00edv\u00f3sz\u00e1m 763-ra v\u00e1ltozik &#8211; k\u00f6z\u00f6lte a Nemzeti Fejleszt\u00e9si Miniszt\u00e9rium p\u00e9nteken az MTI-vel.<\/p>\n","protected":false},"author":1,"featured_media":0,"comment_status":"open","ping_status":"closed","sticky":false,"template":"","format":"standard","meta":[],"categories":[19],"tags":[],"_links":{"self":[{"href":"https:\/\/gazdasagportal.hu\/index.php\/wp-json\/wp\/v2\/posts\/38212"}],"collection":[{"href":"https:\/\/gazdasagportal.hu\/index.php\/wp-json\/wp\/v2\/posts"}],"about":[{"href":"https:\/\/gazdasagportal.hu\/index.php\/wp-json\/wp\/v2\/types\/post"}],"author":[{"embeddable":true,"href":"https:\/\/gazdasagportal.hu\/index.php\/wp-json\/wp\/v2\/users\/1"}],"replies":[{"embeddable":true,"href":"https:\/\/gazdasagportal.hu\/index.php\/wp-json\/wp\/v2\/comments?post=38212"}],"version-history":[{"count":1,"href":"https:\/\/gazdasagportal.hu\/index.php\/wp-json\/wp\/v2\/posts\/38212\/revisions"}],"predecessor-version":[{"id":38213,"href":"https:\/\/gazdasagportal.hu\/index.php\/wp-json\/wp\/v2\/posts\/38212\/revisions\/38213"}],"wp:attachment":[{"href":"https:\/\/gazdasagportal.hu\/index.php\/wp-json\/wp\/v2\/media?parent=38212"}],"wp:term":[{"taxonomy":"category","embeddable":true,"href":"https:\/\/gazdasagportal.hu\/index.php\/wp-json\/wp\/v2\/categories?post=38212"},{"taxonomy":"post_tag","embeddable":true,"href":"https:\/\/gazdasagportal.hu\/index.php\/wp-json\/wp\/v2\/tags?post=38212"}],"curies":[{"name":"wp","href":"https:\/\/api.w.org\/{rel}","templated":true}]}}