{"id":38196,"date":"2014-06-28T04:30:31","date_gmt":"2014-06-28T02:30:31","guid":{"rendered":"http:\/\/stockportal.hu\/?p=38196"},"modified":"2014-06-27T20:21:51","modified_gmt":"2014-06-27T18:21:51","slug":"eu-csucs-orban-eroteljes-jelzest-kellett-adni-hogy-nem-fogadhato-el-a-nemzeti-hataskorok-unios-elvonasa","status":"publish","type":"post","link":"https:\/\/gazdasagportal.hu\/index.php\/eu-csucs-orban-eroteljes-jelzest-kellett-adni-hogy-nem-fogadhato-el-a-nemzeti-hataskorok-unios-elvonasa\/","title":{"rendered":"EU-cs\u00facs &#8211; Orb\u00e1n: er\u0151teljes jelz\u00e9st kellett adni, hogy nem fogadhat\u00f3 el a nemzeti hat\u00e1sk\u00f6r\u00f6k uni\u00f3s elvon\u00e1sa"},"content":{"rendered":"<p><strong>Magyarorsz\u00e1gnak er\u0151teljes jelz\u00e9st kellett adnia, hogy nem fogadja el a nemzeti hat\u00e1sk\u00f6r\u00f6k uni\u00f3s elvon\u00e1s\u00e1t, az EU alapszerz\u0151d\u00e9s\u00e9nek &#8222;lopakod\u00f3&#8221; m\u00f3dos\u00edt\u00e1s\u00e1t &#8211; indokolta Orb\u00e1n Viktor p\u00e9nteken Br\u00fcsszelben azt, hogy az EU-orsz\u00e1gok \u00e1llam-, illetve korm\u00e1nyf\u0151inek tan\u00e1cskoz\u00e1s\u00e1n David Cameron brit minisztereln\u00f6kkel egy\u00fctt ellenezte Jean-Claude Juncker volt luxemburgi korm\u00e1nyf\u0151 jel\u00f6l\u00e9s\u00e9t az uni\u00f3 k\u00f6zponti javaslattev\u0151-v\u00e9grehajt\u00f3 int\u00e9zm\u00e9nye, az Eur\u00f3pai Bizotts\u00e1g eln\u00f6ki tiszts\u00e9g\u00e9re.<\/strong><!--more--><br \/>\n<div class=\"ads-in-post1\"><div id=\"gazdasagportal.hu_fullbanner_wideboard\"><\/div>\r\n<\/div>\n<p>    Demokr\u00e1ci\u00e1ban az a norm\u00e1lis elj\u00e1r\u00e1srend, hogy ha nincs egyet\u00e9rt\u00e9s, akkor szavaznak, most pedig ez t\u00f6rt\u00e9nt, \u00e9s 26-2-es eredm\u00e9ny j\u00f6tt ki, \u00e1m \u0151 &#8211; mondta &#8211; akkor is nemmel szavazott volna, ha azt egyed\u00fcl teszi, mert elvi k\u00e9rd\u00e9sr\u0151l volt sz\u00f3.<br \/>\n    A korm\u00e1nyf\u0151 szerint Magyarorsz\u00e1gnak vil\u00e1gos \u00e9s er\u0151s jelz\u00e9st kellett adnia: nem j\u00e1rul hozz\u00e1 ahhoz, hogy &#8222;a konszenzusra val\u00f3 t\u00f6rekv\u00e9s egy\u00e9bk\u00e9nt dics\u00e9retes sz\u00e1nd\u00e9k\u00e1val id\u0151nk\u00e9nt \u00e1tl\u00e9pj\u00fck az alapszerz\u0151d\u00e9s kereteit&#8221;.<br \/>\n    Ezzel arra utalt, hogy az EU alapszerz\u0151d\u00e9se a tag\u00e1llami vezet\u0151k test\u00fclet\u00e9t &#8211; az Eur\u00f3pai Tan\u00e1csot &#8211; jogos\u00edtja fel a bizotts\u00e1gi eln\u00f6k jel\u00f6l\u00e9s\u00e9re, \u00e1m most v\u00e9geredm\u00e9nyben azt a gyakorlatot k\u00f6vett\u00e9k, hogy a m\u00e1jusi eur\u00f3pai parlamenti (EP-) v\u00e1laszt\u00e1son gy\u0151ztes p\u00e1rtcsal\u00e1d, az Eur\u00f3pai N\u00e9pp\u00e1rt el\u0151re megnevezett cs\u00facsjel\u00f6ltj\u00e9t, Junckert nevezt\u00e9k meg eur\u00f3pai tan\u00e1csi jel\u00f6ltk\u00e9nt. El\u0151z\u0151leg vita bontakozott ki az EP-ben k\u00e9pviselt p\u00e1rtcsal\u00e1dok sz\u00e1mos vezet\u0151 politikusa \u00e9s egyes tag\u00e1llami vezet\u0151k k\u00f6z\u00f6tt arr\u00f3l, hogy a p\u00e1rtok cs\u00facsjel\u00f6ltjeinek list\u00e1ja mintegy automatikusan jelenti-e azt a &#8222;v\u00e1laszt\u00e9kot&#8221;, amelynek alapj\u00e1n a tag\u00e1llami vezet\u0151knek jel\u00f6ltet kell v\u00e1lasztaniuk.<br \/>\n    Orb\u00e1n Viktor szerint ha az alapszerz\u0151d\u00e9s nem ad elegend\u0151 mozg\u00e1steret, \u00e9s \u00faj szab\u00e1lyokra van sz\u00fcks\u00e9g, akkor azt fel kell vetni, meg kell vitatni, \u00e9s m\u00f3dos\u00edtani lehet az alapszerz\u0151d\u00e9st &#8222;transzparens, demokratikus, el\u0151k\u00e9sz\u00edtett \u00e9s megfontolt&#8221; m\u00f3don &#8211; az viszont helytelen, ha \u00e9rtelmez\u00e9sekkel elt\u00e9rnek az alapszerz\u0151d\u00e9s eredeti sz\u00e1nd\u00e9kait\u00f3l. Mint megjegyezte, az alapszerz\u0151d\u00e9s betart\u00e1sa mindig a kisebbek \u00e9rdeke, mert &#8222;a nagyok a puszta erej\u00fckn\u00e9l fogva is k\u00e9pesek az \u00e9rdekeiket \u00e9rv\u00e9nyes\u00edteni&#8221;.<br \/>\n    A magyar minisztereln\u00f6k kit\u00e9rt arra is, hogy az elm\u00falt \u00f6t \u00e9vben olyan k\u00e9rd\u00e9seket is megpr\u00f3b\u00e1ltak EU-hat\u00e1sk\u00f6rbe vonni, amelyek egy\u00e9rtelm\u0171en nemzeti hat\u00e1sk\u00f6rbe tartoznak. Ilyen k\u00e9rd\u00e9sk\u00e9nt eml\u00edtette a rezsics\u00f6kkent\u00e9st, a bankad\u00f3t, a f\u00f6ldv\u00e9delmet, de szerinte m\u00e9g a p\u00e1linkaf\u0151z\u00e9s ad\u00f3ztat\u00e1s\u00e1nak a k\u00e9rd\u00e9se is ide tartozik.<br \/>\n    Miut\u00e1n &#8222;bevett gyakorlatt\u00e1 v\u00e1lt az egy\u00e9bk\u00e9nt kiz\u00e1r\u00f3lagos nemzeti hat\u00e1sk\u00f6rbe tartoz\u00f3 \u00fcgyek br\u00fcsszeli megk\u00e9rd\u0151jelez\u00e9se&#8221;, Magyarorsz\u00e1gnak &#8222;er\u0151teljes jelz\u00e9st&#8221; kellett adnia abban a tekintetben, hogy ezt a gyakorlatot &#8222;nem lehet folytatni, \u00e9s ki fogunk \u00e1llni a magyar \u00e9rdekek mellett&#8221; &#8211; mondta, hangs\u00falyozva, hogy ezzel val\u00f3j\u00e1ban nem egy szem\u00e9lyr\u0151l szavazott, hanem az eddig kialakult gyakorlat megv\u00e1ltoztat\u00e1sa \u00e9rdek\u00e9ben adott jelz\u00e9st. Sz\u00e1m\u00e1ra ez &#8211; tette hozz\u00e1 . nem szem\u00e9lyes k\u00e9rd\u00e9s, \u00e9s \u00fagy tekinti, hogy ki\u00e1llt valami mellett, &#8222;ami r\u00e1ad\u00e1sul messze t\u00falmutat a saj\u00e1t szem\u00e9lyes \u00e9rdekeinken, \u00e9s az Eur\u00f3pai N\u00e9pp\u00e1rt \u00e9rdekein is&#8221;.<br \/>\n    Arra a k\u00e9rd\u00e9sre, hogy a fideszes EP-k\u00e9pvisel\u0151k hogyan fognak majd szavazni &#8211; hiszen az imm\u00e1r bizotts\u00e1gi eln\u00f6kjel\u00f6ltnek sz\u00e1m\u00edt\u00f3 Junckerr\u0151l az EP-ben kell kimondani a v\u00e9gs\u0151 sz\u00f3t -, Orb\u00e1n Viktor azt v\u00e1laszolta, hogy neki van ugyan egy egy\u00e9rtelm\u0171 v\u00e9lem\u00e9nye, de az eur\u00f3pai parlamenti szavaz\u00e1s titkos lesz.<br \/>\n    A magyar minisztereln\u00f6k az \u00fajs\u00e1g\u00edr\u00f3knak sz\u00f3lt arr\u00f3l, hogy a cs\u00facstal\u00e1lkoz\u00f3n az uni\u00f3 elk\u00f6vetkez\u0151 \u00f6t \u00e9vre sz\u00f3l\u00f3 strat\u00e9gi\u00e1j\u00e1r\u00f3l folytatott vit\u00e1ban j\u00f3 n\u00e9h\u00e1ny ponton siker\u00fclt \u00e9rv\u00e9nyes\u00edteni a magyar szempontokat. \u00cdgy p\u00e9ld\u00e1ul &#8222;egy\u00e9rtelm\u0171en elfogadt\u00e1k azt a kor\u00e1bban t\u00e1madott gazdas\u00e1gpolitikai elemet, hogy a munk\u00e1t terhel\u0151 ad\u00f3kat cs\u00f6kkenteni kell&#8221; &#8211; k\u00f6z\u00f6lte.<br \/>\n    Meg\u00e1llap\u00edt\u00e1sa szerint szint\u00e9n van bizonyos elmozdul\u00e1s a versenyk\u00e9pes energia\u00e1r k\u00e9rd\u00e9s\u00e9ben. Mint mondta, Magyarorsz\u00e1g ebben &#8222;radik\u00e1lis \u00e1ll\u00e1spontot&#8221; vall, &#8222;amit n\u00e9h\u00e1nyan osztanak, ha nem is mindenki&#8221;. Eszerint \u00f6nmag\u00e1ban a piaci szab\u00e1lyoz\u00e1s nem c\u00e9l, \u00e9s a versenynek a fogyaszt\u00f3k sz\u00e1m\u00e1ra jobb min\u0151s\u00e9get, olcs\u00f3bb \u00e1rat kellene eredm\u00e9nyeznie. Ez azonban bizonyos term\u00e9kek, \u00edgy az energia eset\u00e9ben nincs \u00edgy, ez\u00e9rt szerinte meg kell fontolni, hogy a szab\u00e1lyoz\u00e1s elvszer\u0171s\u00e9ge vagy a fogyaszt\u00f3k \u00e9rdeke legyen-e fontosabb.<br \/>\n    Orb\u00e1n Viktor szerint szint\u00e9n mutatkozik elmozdul\u00e1s a migr\u00e1ci\u00f3 tekintet\u00e9ben. Az uni\u00f3nak vil\u00e1goss\u00e1 kell tennie, hogy meg akarja \u00e1ll\u00edtani a migr\u00e1ci\u00f3t &#8211; sz\u00f6gezte le a magyar \u00e1ll\u00e1spontot.<br \/>\n    &#8222;A migr\u00e1ci\u00f3t nem tartjuk menedzselend\u0151, j\u00f3l ir\u00e1ny\u00edtand\u00f3 folyamatnak, hanem le kell \u00e1ll\u00edtani&#8221; &#8211; mondta, elismerve, hogy &#8222;ez ilyen nyersen nincs benne&#8221; a cs\u00facstal\u00e1lkoz\u00f3r\u00f3l kiadott z\u00e1r\u00f3nyilatkozatban, de az benne van, hogy a migr\u00e1ci\u00f3t az eddigin\u00e9l sokkal jobban kell kezelnie az uni\u00f3nak.<br \/>\n    A minisztereln\u00f6k elmondta: a cs\u00facstal\u00e1lkoz\u00f3n a vita legnagyobb r\u00e9szben arr\u00f3l folyt &#8211; j\u00f3r\u00e9szt az \u00e9szaki \u00e9s a d\u00e9li orsz\u00e1gok k\u00f6z\u00f6tt -, hogy lehet-e rugalmasabb\u00e1 tenni a szigor\u00fa p\u00e9nz\u00fcgyi szab\u00e1lyokat. Magyarorsz\u00e1g, amely ezekben a k\u00e9rd\u00e9sekben saj\u00e1t utat j\u00e1rt v\u00e9gig, e vit\u00e1kon k\u00edv\u00fcl maradt &#8211; mondta.<br \/>\n    A lengyel lehallgat\u00e1si botr\u00e1nyra vonatkoz\u00f3 \u00fajs\u00e1g\u00edr\u00f3i k\u00e9rd\u00e9sre Orb\u00e1n Viktor azt felelte: &#8222;amikor alkoholt iszunk, akkor nem besz\u00e9l\u00fcnk, ha besz\u00e9l\u00fcnk, nem iszunk alkoholt, mert ha alkoholt iszunk \u00e9s besz\u00e9l\u00fcnk \u00e9s f\u00f6lveszik, akkor az maga a katasztr\u00f3fa&#8221;.(MTI)<\/p>\n","protected":false},"excerpt":{"rendered":"<p>Magyarorsz\u00e1gnak er\u0151teljes jelz\u00e9st kellett adnia, hogy nem fogadja el a nemzeti hat\u00e1sk\u00f6r\u00f6k uni\u00f3s elvon\u00e1s\u00e1t, az EU alapszerz\u0151d\u00e9s\u00e9nek &#8222;lopakod\u00f3&#8221; m\u00f3dos\u00edt\u00e1s\u00e1t &#8211; indokolta Orb\u00e1n Viktor p\u00e9nteken Br\u00fcsszelben azt, hogy az EU-orsz\u00e1gok \u00e1llam-, illetve korm\u00e1nyf\u0151inek tan\u00e1cskoz\u00e1s\u00e1n David Cameron brit minisztereln\u00f6kkel egy\u00fctt ellenezte Jean-Claude Juncker volt luxemburgi korm\u00e1nyf\u0151 jel\u00f6l\u00e9s\u00e9t az uni\u00f3 k\u00f6zponti javaslattev\u0151-v\u00e9grehajt\u00f3 int\u00e9zm\u00e9nye, az Eur\u00f3pai Bizotts\u00e1g eln\u00f6ki tiszts\u00e9g\u00e9re.<\/p>\n","protected":false},"author":1,"featured_media":0,"comment_status":"open","ping_status":"closed","sticky":false,"template":"","format":"standard","meta":[],"categories":[12],"tags":[],"_links":{"self":[{"href":"https:\/\/gazdasagportal.hu\/index.php\/wp-json\/wp\/v2\/posts\/38196"}],"collection":[{"href":"https:\/\/gazdasagportal.hu\/index.php\/wp-json\/wp\/v2\/posts"}],"about":[{"href":"https:\/\/gazdasagportal.hu\/index.php\/wp-json\/wp\/v2\/types\/post"}],"author":[{"embeddable":true,"href":"https:\/\/gazdasagportal.hu\/index.php\/wp-json\/wp\/v2\/users\/1"}],"replies":[{"embeddable":true,"href":"https:\/\/gazdasagportal.hu\/index.php\/wp-json\/wp\/v2\/comments?post=38196"}],"version-history":[{"count":1,"href":"https:\/\/gazdasagportal.hu\/index.php\/wp-json\/wp\/v2\/posts\/38196\/revisions"}],"predecessor-version":[{"id":38197,"href":"https:\/\/gazdasagportal.hu\/index.php\/wp-json\/wp\/v2\/posts\/38196\/revisions\/38197"}],"wp:attachment":[{"href":"https:\/\/gazdasagportal.hu\/index.php\/wp-json\/wp\/v2\/media?parent=38196"}],"wp:term":[{"taxonomy":"category","embeddable":true,"href":"https:\/\/gazdasagportal.hu\/index.php\/wp-json\/wp\/v2\/categories?post=38196"},{"taxonomy":"post_tag","embeddable":true,"href":"https:\/\/gazdasagportal.hu\/index.php\/wp-json\/wp\/v2\/tags?post=38196"}],"curies":[{"name":"wp","href":"https:\/\/api.w.org\/{rel}","templated":true}]}}