{"id":37895,"date":"2014-06-25T05:40:05","date_gmt":"2014-06-25T03:40:05","guid":{"rendered":"http:\/\/stockportal.hu\/?p=37895"},"modified":"2014-06-24T20:43:54","modified_gmt":"2014-06-24T18:43:54","slug":"gyori-eniko-a-bovitesnek-tovabbra-is-strategiai-unios-celnak-kell-maradnia","status":"publish","type":"post","link":"https:\/\/gazdasagportal.hu\/index.php\/gyori-eniko-a-bovitesnek-tovabbra-is-strategiai-unios-celnak-kell-maradnia\/","title":{"rendered":"Gy\u0151ri Enik\u0151: a b\u0151v\u00edt\u00e9snek tov\u00e1bbra is strat\u00e9giai uni\u00f3s c\u00e9lnak kell maradnia"},"content":{"rendered":"<p><strong>Az EU tov\u00e1bbi b\u0151v\u00edt\u00e9s\u00e9t tov\u00e1bbra is strat\u00e9giai c\u00e9lnak kell tekinteni &#8211; hangs\u00falyozta magyar \u00fajs\u00e1g\u00edr\u00f3knak adott nyilatkozat\u00e1ban kedden Gy\u0151ri Enik\u0151 EU-\u00fcgyi \u00e1llamtitk\u00e1r, az uni\u00f3s orsz\u00e1gok eur\u00f3pai k\u00e9rd\u00e9sekkel foglalkoz\u00f3 t\u00e1rcavezet\u0151inek luxembourgi tan\u00e1cskoz\u00e1sa ut\u00e1n.<\/strong><!--more--><br \/>\n<div class=\"ads-in-post1\"><div id=\"gazdasagportal.hu_fullbanner_wideboard\"><\/div>\r\n<\/div>\n<p>    Az uni\u00f3s megbesz\u00e9l\u00e9sen &#8211; az \u00fagynevezett \u00c1ltal\u00e1nos \u00dcgyek Tan\u00e1csa (\u00c1\u00dcT) \u00fcl\u00e9s\u00e9n &#8211; Magyarorsz\u00e1got Navracsics Tibor k\u00fclgazdas\u00e1gi \u00e9s k\u00fcl\u00fcgyminiszter k\u00e9pviselte. Ott volt ugyanakkor a k\u00fcld\u00f6tts\u00e9gben Gy\u0151ri Enik\u0151 is, aki hosszabb ideje viszi az EU-\u00fcgyeket a korm\u00e1nyzat r\u00e9sz\u00e9r\u0151l. Navracsics Tibornak a luxembourgi EU-\u00e9rtekezlet ut\u00e1n \u00e1t kellett sietnie Br\u00fcsszelbe, ahol a NATO-orsz\u00e1gok k\u00fcl\u00fcgyminiszterei kezdtek este szerda d\u00e9lut\u00e1nig tart\u00f3 tan\u00e1cskoz\u00e1st.<br \/>\n    Az \u00c1\u00dcT-\u00fcl\u00e9sen meg\u00e1llapodtak abban, hogy Alb\u00e1nia megkapja az uni\u00f3s tagjel\u00f6lti st\u00e1tust. Az alb\u00e1n csatlakoz\u00e1si t\u00e1rgyal\u00e1sok t\u00e9nyleges megkezd\u00e9s\u00e9nek id\u0151pontj\u00e1t azonban egyel\u0151re nem t\u0171zt\u00e9k ki, az tov\u00e1bbi felt\u00e9telek alb\u00e1n teljes\u00edt\u00e9s\u00e9nek a f\u00fcggv\u00e9nye. Uni\u00f3s diplomat\u00e1k ugyanakkor azt mondt\u00e1k: egyes EU-orsz\u00e1gok szerint az elk\u00f6vetkez\u0151 \u00e9vekben egy\u00e1ltal\u00e1n nem lenne indokolt egyetlen jelentkez\u0151vel sem megkezdeni az EU-csatlakoz\u00e1si t\u00e1rgyal\u00e1ssorozatot.<br \/>\n    Gy\u0151ri Enik\u0151 &#8211; erre reag\u00e1lva, valamint besz\u00e1molva az \u00c1\u00dcT-\u00fcl\u00e9s egy\u00e9b eredm\u00e9nyeir\u0151l &#8211; elmondta: a cs\u00fct\u00f6rt\u00f6k-p\u00e9nteki br\u00fcsszeli cs\u00facstal\u00e1lkoz\u00f3ra k\u00e9sz\u00fcl\u0151 EU-ban most form\u00e1lj\u00e1k azokat a dokumentumokat, amelyek azt igyekeznek felt\u00e9rk\u00e9pezni, hogy mely tev\u00e9kenys\u00e9gi ter\u00fcletekre c\u00e9lszer\u0171 hangs\u00falyt helyeznie az uni\u00f3nak, hol van legink\u00e1bb sz\u00fcks\u00e9g a k\u00f6z\u00f6ss\u00e9gi politik\u00e1ra. A magyar \u00e1llamtitk\u00e1r szerint Magyarorsz\u00e1g azon tag\u00e1llamok k\u00f6z\u00e9 tartozik, amelyek strat\u00e9giai t\u00e9mak\u00e9nt igyekeznek elfogadtatni az EU tov\u00e1bbi b\u0151v\u00edt\u00e9s\u00e9nek az \u00fcgy\u00e9t.<br \/>\n    Az alb\u00e1n tagjel\u00f6lti st\u00e1tus megad\u00e1s\u00e1r\u00f3l hozott d\u00f6nt\u00e9s Gy\u0151ri Enik\u0151 szerint azt bizony\u00edtja, hogy &#8222;a b\u0151v\u00edt\u00e9si folyamat \u00e9l\u0151 dolog, ha van teljes\u00edtm\u00e9ny, akkor van elismer\u00e9s is&#8221;.<br \/>\n    &#8222;Ott kell uni\u00f3s cselekv\u00e9snek lennie, ahol az biztosan hozz\u00e1adott \u00e9rt\u00e9ket produk\u00e1l, \u00e9s hat\u00e9konyabb, mint ha nemzeti szinten tesz\u00fcnk dolgokat&#8221; &#8211; fogalmazta meg az \u00e1llamtitk\u00e1r a k\u00e9sz\u00fcl\u0151 strat\u00e9giai dokumentum alapelv\u00e9t. A strat\u00e9giai elk\u00e9pzel\u00e9sek f\u00f3kusz\u00e1ban &#8211; tette hozz\u00e1 &#8211; a gazdas\u00e1gi n\u00f6veked\u00e9s \u00e9s a munkahelyteremt\u00e9s \u00e1ll, valamint az energiapolitik\u00e1t \u00e9s a kl\u00edmapolitik\u00e1t is olyan ter\u00fcletk\u00e9nt azonos\u00edtj\u00e1k, ahol van \u00e9rtelme a k\u00f6z\u00f6s cselekv\u00e9snek.<br \/>\n    Gy\u0151ri Enik\u0151 elmondta: a keddi tan\u00e1cskoz\u00e1son nagy vita volt a szabad mozg\u00e1s k\u00e9rd\u00e9s\u00e9r\u0151l. T\u00f6bb tag\u00e1llam felh\u00edvta a figyelmet arra, hogy a szabad mozg\u00e1st nem szabad \u00fagy megk\u00f6zel\u00edteni, mint ami \u00e1lland\u00f3 gyanakv\u00e1sra ad okot, mert csal\u00e1sokkal \u00e9s vissza\u00e9l\u00e9sekkel egyen\u00e9rt\u00e9k\u0171. E t\u00e9ren a k\u00e9sz\u00fcl\u0151 sz\u00f6vegtervezetnek m\u00e9g javulnia kell &#8211; \u00e1llap\u00edtotta meg a magyar politikus.<br \/>\n    A m\u00e1sik fontos vitat\u00e9ma Gy\u0151ri Enik\u0151 elmond\u00e1sa szerint a rugalmass\u00e1g k\u00e9rd\u00e9se volt, abban az \u00e9rtelemben, hogy t\u00f6bbek szerint nagyobb rugalmass\u00e1gra lenne sz\u00fcks\u00e9g a stabilit\u00e1si \u00e9s n\u00f6veked\u00e9si paktum szigor\u00fa szab\u00e1lyainak \u00e9rtelmez\u00e9s\u00e9t illet\u0151en.<br \/>\n    &#8222;Mi azt elfogadjuk, hogy az eur\u00f3z\u00f3n\u00e1n bel\u00fcl elker\u00fclhetetlenek a gazdas\u00e1gpolitikai koordin\u00e1ci\u00f3s l\u00e9p\u00e9sek, viszont azt szeretn\u00e9nek, ha egy\u00e9rtelm\u0171 distinkci\u00f3 lenne, hogy mi az, ami az eur\u00f3z\u00f3n\u00e1ra, \u00e9s mi az, ami nem az eur\u00f3z\u00f3n\u00e1ra vonatkozik&#8221; &#8211; fogalmazta meg az \u00e1llamtitk\u00e1r a magyar \u00e1ll\u00e1spontot. Magyarorsz\u00e1g &#8211; tette hozz\u00e1 &#8211; soha nem vitatta a k\u00f6z\u00f6s c\u00e9lokat, viszont a v\u00e1ls\u00e1gkezel\u00e9sben mindig szorgalmazta a nagyobb mozg\u00e1steret.(MTI)<\/p>\n","protected":false},"excerpt":{"rendered":"<p>Az EU tov\u00e1bbi b\u0151v\u00edt\u00e9s\u00e9t tov\u00e1bbra is strat\u00e9giai c\u00e9lnak kell tekinteni &#8211; hangs\u00falyozta magyar \u00fajs\u00e1g\u00edr\u00f3knak adott nyilatkozat\u00e1ban kedden Gy\u0151ri Enik\u0151 EU-\u00fcgyi \u00e1llamtitk\u00e1r, az uni\u00f3s orsz\u00e1gok eur\u00f3pai k\u00e9rd\u00e9sekkel foglalkoz\u00f3 t\u00e1rcavezet\u0151inek luxembourgi tan\u00e1cskoz\u00e1sa ut\u00e1n.<\/p>\n","protected":false},"author":1,"featured_media":0,"comment_status":"open","ping_status":"closed","sticky":false,"template":"","format":"standard","meta":[],"categories":[12],"tags":[],"_links":{"self":[{"href":"https:\/\/gazdasagportal.hu\/index.php\/wp-json\/wp\/v2\/posts\/37895"}],"collection":[{"href":"https:\/\/gazdasagportal.hu\/index.php\/wp-json\/wp\/v2\/posts"}],"about":[{"href":"https:\/\/gazdasagportal.hu\/index.php\/wp-json\/wp\/v2\/types\/post"}],"author":[{"embeddable":true,"href":"https:\/\/gazdasagportal.hu\/index.php\/wp-json\/wp\/v2\/users\/1"}],"replies":[{"embeddable":true,"href":"https:\/\/gazdasagportal.hu\/index.php\/wp-json\/wp\/v2\/comments?post=37895"}],"version-history":[{"count":1,"href":"https:\/\/gazdasagportal.hu\/index.php\/wp-json\/wp\/v2\/posts\/37895\/revisions"}],"predecessor-version":[{"id":37896,"href":"https:\/\/gazdasagportal.hu\/index.php\/wp-json\/wp\/v2\/posts\/37895\/revisions\/37896"}],"wp:attachment":[{"href":"https:\/\/gazdasagportal.hu\/index.php\/wp-json\/wp\/v2\/media?parent=37895"}],"wp:term":[{"taxonomy":"category","embeddable":true,"href":"https:\/\/gazdasagportal.hu\/index.php\/wp-json\/wp\/v2\/categories?post=37895"},{"taxonomy":"post_tag","embeddable":true,"href":"https:\/\/gazdasagportal.hu\/index.php\/wp-json\/wp\/v2\/tags?post=37895"}],"curies":[{"name":"wp","href":"https:\/\/api.w.org\/{rel}","templated":true}]}}