{"id":37893,"date":"2014-06-25T07:48:27","date_gmt":"2014-06-25T05:48:27","guid":{"rendered":"http:\/\/stockportal.hu\/?p=37893"},"modified":"2014-06-25T07:24:47","modified_gmt":"2014-06-25T05:24:47","slug":"unctad-a-valsag-utan-a-fejlodo-orszagokba-iranyulnak-a-tokebefektetesek","status":"publish","type":"post","link":"https:\/\/gazdasagportal.hu\/index.php\/unctad-a-valsag-utan-a-fejlodo-orszagokba-iranyulnak-a-tokebefektetesek\/","title":{"rendered":"UNCTAD: a v\u00e1ls\u00e1g ut\u00e1n a fejl\u0151d\u0151 orsz\u00e1gokba ir\u00e1nyulnak a t\u0151kebefektet\u00e9sek"},"content":{"rendered":"<p><strong>A v\u00e1ls\u00e1g elm\u00falt\u00e1val \u00faj versenyhelyzethez kell alkalmazkodniuk a transznacion\u00e1lis v\u00e1llalatoknak, mivel a fejlett orsz\u00e1gokb\u00f3l a fejl\u0151d\u0151 orsz\u00e1gokba csoportosulnak a glob\u00e1lis t\u0151kebefektet\u00e9sek &#8211; \u00e1llap\u00edtja meg az ENSZ Kereskedelmi \u00e9s Fejleszt\u00e9si Konferenci\u00e1ja (UNCTAD) 2014-es jelent\u00e9se, amelyet a szervezet k\u00f6zpontj\u00e1ban, Genfben \u00e9s Budapesten egyidej\u0171leg, kedden hoztak nyilv\u00e1noss\u00e1gra.<\/strong><!--more--><br \/>\n<div class=\"ads-in-post1\"><div id=\"gazdasagportal.hu_fullbanner_wideboard\"><\/div>\r\n<\/div>\n<p>    A World Investment Report 2014 jelent\u00e9st Budapesten az UNCTAD, a Corvinus Alumni, az MTA KRTK Vil\u00e1ggazdas\u00e1gi Int\u00e9zete, a Budapesti Corvinus Egyetem vil\u00e1ggazdas\u00e1gi tansz\u00e9ke, valamint a Magyar ENSZ T\u00e1rsas\u00e1g k\u00f6z\u00f6s szervez\u00e9s\u00e9ben mutatt\u00e1k be.     A jelent\u00e9s szerint 2011 \u00e9s 2013 k\u00f6z\u00f6tt a ki\u00e1raml\u00f3 t\u0151k\u00e9ben 71 sz\u00e1zal\u00e9kr\u00f3l 60 sz\u00e1zal\u00e9kra esett a fejlett orsz\u00e1gok transznacion\u00e1lis t\u00e1rsas\u00e1gainak s\u00falya, mik\u00f6zben a fejl\u0151d\u0151k\u00e9 ar\u00e1nyosan n\u0151tt.     Az elemz\u00e9s szerint visszat\u00e9rtek az emelked\u0151 trendek a k\u00fclf\u00f6ldi beruh\u00e1z\u00e1sokban,  2012-2013-t\u00f3l \u00fajb\u00f3l emelkednek a k\u00fclf\u00f6ldi t\u0151kebefektet\u00e9sek vil\u00e1gszinten, 2016-ig a kutat\u00f3k \u00e9vi 9-10 sz\u00e1zal\u00e9kos n\u00f6veked\u00e9st prognosztiz\u00e1lnak, 2,5-3-szor akkor\u00e1t, mint a glob\u00e1lis brutt\u00f3 term\u00e9k n\u00f6veked\u00e9se.(MTI)<\/p>\n","protected":false},"excerpt":{"rendered":"<p>A v\u00e1ls\u00e1g elm\u00falt\u00e1val \u00faj versenyhelyzethez kell alkalmazkodniuk a transznacion\u00e1lis v\u00e1llalatoknak, mivel a fejlett orsz\u00e1gokb\u00f3l a fejl\u0151d\u0151 orsz\u00e1gokba csoportosulnak a glob\u00e1lis t\u0151kebefektet\u00e9sek &#8211; \u00e1llap\u00edtja meg az ENSZ Kereskedelmi \u00e9s Fejleszt\u00e9si Konferenci\u00e1ja (UNCTAD) 2014-es jelent\u00e9se, amelyet a szervezet k\u00f6zpontj\u00e1ban, Genfben \u00e9s Budapesten egyidej\u0171leg, kedden hoztak nyilv\u00e1noss\u00e1gra.<\/p>\n","protected":false},"author":1,"featured_media":0,"comment_status":"open","ping_status":"closed","sticky":false,"template":"","format":"standard","meta":[],"categories":[19],"tags":[],"_links":{"self":[{"href":"https:\/\/gazdasagportal.hu\/index.php\/wp-json\/wp\/v2\/posts\/37893"}],"collection":[{"href":"https:\/\/gazdasagportal.hu\/index.php\/wp-json\/wp\/v2\/posts"}],"about":[{"href":"https:\/\/gazdasagportal.hu\/index.php\/wp-json\/wp\/v2\/types\/post"}],"author":[{"embeddable":true,"href":"https:\/\/gazdasagportal.hu\/index.php\/wp-json\/wp\/v2\/users\/1"}],"replies":[{"embeddable":true,"href":"https:\/\/gazdasagportal.hu\/index.php\/wp-json\/wp\/v2\/comments?post=37893"}],"version-history":[{"count":1,"href":"https:\/\/gazdasagportal.hu\/index.php\/wp-json\/wp\/v2\/posts\/37893\/revisions"}],"predecessor-version":[{"id":37894,"href":"https:\/\/gazdasagportal.hu\/index.php\/wp-json\/wp\/v2\/posts\/37893\/revisions\/37894"}],"wp:attachment":[{"href":"https:\/\/gazdasagportal.hu\/index.php\/wp-json\/wp\/v2\/media?parent=37893"}],"wp:term":[{"taxonomy":"category","embeddable":true,"href":"https:\/\/gazdasagportal.hu\/index.php\/wp-json\/wp\/v2\/categories?post=37893"},{"taxonomy":"post_tag","embeddable":true,"href":"https:\/\/gazdasagportal.hu\/index.php\/wp-json\/wp\/v2\/tags?post=37893"}],"curies":[{"name":"wp","href":"https:\/\/api.w.org\/{rel}","templated":true}]}}