{"id":37891,"date":"2014-06-25T04:44:59","date_gmt":"2014-06-25T02:44:59","guid":{"rendered":"http:\/\/stockportal.hu\/?p=37891"},"modified":"2014-06-24T20:38:17","modified_gmt":"2014-06-24T18:38:17","slug":"gazarvita-nincs-fennakadas-az-orosz-foldgazszallitasban","status":"publish","type":"post","link":"https:\/\/gazdasagportal.hu\/index.php\/gazarvita-nincs-fennakadas-az-orosz-foldgazszallitasban\/","title":{"rendered":"G\u00e1z\u00e1rvita &#8211; Nincs fennakad\u00e1s az orosz f\u00f6ldg\u00e1zsz\u00e1ll\u00edt\u00e1sban"},"content":{"rendered":"<p><strong>Seszt\u00e1k Mikl\u00f3s az orosz energia\u00fcgyi miniszternek meger\u0151s\u00edtette, hogy Magyarorsz\u00e1g nem tapasztalt semmif\u00e9le fennakad\u00e1st vagy zavart a f\u00f6ldg\u00e1zsz\u00e1ll\u00edt\u00e1sban, Ukrajna ir\u00e1ny\u00e1b\u00f3l folyamatosan \u00e9rkezik a szerz\u0151d\u00e9s szerinti g\u00e1zmennyis\u00e9g.<\/strong><!--more--><br \/>\n<div class=\"ads-in-post1\"><div id=\"gazdasagportal.hu_fullbanner_wideboard\"><\/div>\r\n<\/div>\n<p>    A magyar nemzeti fejleszt\u00e9si miniszter kedden B\u00e9csben t\u00e1rgyalt az orosz t\u00e1rst\u00e1rca vezet\u0151j\u00e9vel, Alekszandr Novak energia\u00fcgyi miniszterrel. A tal\u00e1lkoz\u00f3n a Nemzeti Fejleszt\u00e9si Miniszt\u00e9rium t\u00e1j\u00e9koztat\u00e1sa szerint a miniszterek \u00e1ttekintett\u00e9k a k\u00e9t orsz\u00e1g k\u00f6z\u00f6tti energetikai kapcsolatok fejleszt\u00e9s\u00e9nek lehet\u0151s\u00e9geit \u00e9s az orosz f\u00f6ldg\u00e1zsz\u00e1ll\u00edt\u00e1s helyzet\u00e9t.<br \/>\n    A k\u00f6zlem\u00e9ny szerint Seszt\u00e1k Mikl\u00f3s a megbesz\u00e9l\u00e9sen hangs\u00falyozta: a region\u00e1lis energiaell\u00e1t\u00e1s biztons\u00e1ga \u00e9rdek\u00e9ben sz\u00fcks\u00e9g van \u00faj sz\u00e1ll\u00edt\u00e1si \u00fatvonalakra. Magyarorsz\u00e1g ez\u00e9rt szorgalmazza az Eur\u00f3pai Uni\u00f3 \u00e9s Oroszorsz\u00e1g k\u00f6z\u00f6tt nemr\u00e9giben megakadt, a D\u00e9li \u00c1ramlat projekt megval\u00f3s\u00edt\u00e1s\u00e1nak felt\u00e9teleir\u0151l sz\u00f3l\u00f3 t\u00e1rgyal\u00e1sok miel\u0151bbi folytat\u00e1s\u00e1t &#8211; sz\u00f6gezte le a nemzeti fejleszt\u00e9si miniszter.(MTI)<\/p>\n","protected":false},"excerpt":{"rendered":"<p>Seszt\u00e1k Mikl\u00f3s az orosz energia\u00fcgyi miniszternek meger\u0151s\u00edtette, hogy Magyarorsz\u00e1g nem tapasztalt semmif\u00e9le fennakad\u00e1st vagy zavart a f\u00f6ldg\u00e1zsz\u00e1ll\u00edt\u00e1sban, Ukrajna ir\u00e1ny\u00e1b\u00f3l folyamatosan \u00e9rkezik a szerz\u0151d\u00e9s szerinti g\u00e1zmennyis\u00e9g.<\/p>\n","protected":false},"author":1,"featured_media":0,"comment_status":"open","ping_status":"closed","sticky":false,"template":"","format":"standard","meta":[],"categories":[139],"tags":[],"_links":{"self":[{"href":"https:\/\/gazdasagportal.hu\/index.php\/wp-json\/wp\/v2\/posts\/37891"}],"collection":[{"href":"https:\/\/gazdasagportal.hu\/index.php\/wp-json\/wp\/v2\/posts"}],"about":[{"href":"https:\/\/gazdasagportal.hu\/index.php\/wp-json\/wp\/v2\/types\/post"}],"author":[{"embeddable":true,"href":"https:\/\/gazdasagportal.hu\/index.php\/wp-json\/wp\/v2\/users\/1"}],"replies":[{"embeddable":true,"href":"https:\/\/gazdasagportal.hu\/index.php\/wp-json\/wp\/v2\/comments?post=37891"}],"version-history":[{"count":1,"href":"https:\/\/gazdasagportal.hu\/index.php\/wp-json\/wp\/v2\/posts\/37891\/revisions"}],"predecessor-version":[{"id":37892,"href":"https:\/\/gazdasagportal.hu\/index.php\/wp-json\/wp\/v2\/posts\/37891\/revisions\/37892"}],"wp:attachment":[{"href":"https:\/\/gazdasagportal.hu\/index.php\/wp-json\/wp\/v2\/media?parent=37891"}],"wp:term":[{"taxonomy":"category","embeddable":true,"href":"https:\/\/gazdasagportal.hu\/index.php\/wp-json\/wp\/v2\/categories?post=37891"},{"taxonomy":"post_tag","embeddable":true,"href":"https:\/\/gazdasagportal.hu\/index.php\/wp-json\/wp\/v2\/tags?post=37891"}],"curies":[{"name":"wp","href":"https:\/\/api.w.org\/{rel}","templated":true}]}}