{"id":37885,"date":"2014-06-25T04:32:01","date_gmt":"2014-06-25T02:32:01","guid":{"rendered":"http:\/\/stockportal.hu\/?p=37885"},"modified":"2014-06-24T20:33:12","modified_gmt":"2014-06-24T18:33:12","slug":"paksi-eromu-nfm-nyilvanosan-elerheto-sok-ezer-oldalnyi-elokeszito-anyag","status":"publish","type":"post","link":"https:\/\/gazdasagportal.hu\/index.php\/paksi-eromu-nfm-nyilvanosan-elerheto-sok-ezer-oldalnyi-elokeszito-anyag\/","title":{"rendered":"Paksi er\u0151m\u0171 &#8211; NFM: nyilv\u00e1nosan el\u00e9rhet\u0151 sok ezer oldalnyi el\u0151k\u00e9sz\u00edt\u0151 anyag"},"content":{"rendered":"<p><strong>Az atomenergia-kapacit\u00e1s fenntart\u00e1s\u00e1t c\u00e9lz\u00f3 paksi b\u0151v\u00edt\u00e9sr\u0151l b\u00e1rki sz\u00e1m\u00e1ra hozz\u00e1f\u00e9rhet\u0151 sok ezer oldalnyi el\u0151k\u00e9sz\u00edt\u0151 anyag, az Energiaklub ezzel ellent\u00e9tes, val\u00f3tlan \u00e1ll\u00edt\u00e1ssal f\u00e9lrevezette a sajt\u00f3t \u00e9s a k\u00f6zv\u00e9lem\u00e9nyt &#8211; v\u00e1laszolta a Nemzeti Fejleszt\u00e9si Miniszt\u00e9rium (NFM) kedden az MTI megkeres\u00e9s\u00e9re.<\/strong><!--more--><br \/>\n<div class=\"ads-in-post1\"><div id=\"gazdasagportal.hu_fullbanner_wideboard\"><\/div>\r\n<\/div>\n<p>    A F\u0151v\u00e1rosi T\u00f6rv\u00e9nysz\u00e9k j\u00fanius 20-\u00e1n kihirdetett els\u0151fok\u00fa, nem joger\u0151s \u00edt\u00e9let\u00e9ben elutas\u00edtotta az Energiaklub Szakpolitikai Int\u00e9zet \u00e9s M\u00f3dszertani K\u00f6zpont Egyes\u00fclet kereset\u00e9t, amelyet a paksi atomer\u0151m\u0171 b\u0151v\u00edt\u00e9s\u00e9vel kapcsolatban k\u00f6z\u00e9rdek\u0171 adat kiad\u00e1sa miatt ind\u00edtott az NFM ellen. A b\u00edr\u00f3s\u00e1g k\u00f6zlem\u00e9ny\u00e9b\u0151l kider\u00fcl: az\u00e9rt utas\u00edtott\u00e1k el a keresetet, mert a pert megel\u0151z\u0151 adatkiad\u00e1si k\u00e9relem t\u00e1rgya azon korm\u00e1nyhat\u00e1rozat alapj\u00e1n k\u00e9sz\u00fclt el\u0151k\u00e9sz\u00edt\u0151 anyagok kiad\u00e1sa volt, amelyek nem k\u00e9sz\u00fcltek el. A T\u00e1rsas\u00e1g a Szabads\u00e1gjogok\u00e9rt (TASZ) h\u00e9tf\u0151i, MTI-hez eljuttatott k\u00f6zlem\u00e9ny\u00e9ben az \u00edt\u00e9lettel kapcsolatban kiemeli: a paksi atomer\u0151m\u0171r\u0151l sz\u00f3l\u00f3 d\u00f6nt\u00e9shozatali folyamat sor\u00e1n a korm\u00e1ny m\u00e9g a saj\u00e1t maga \u00e1ltal hozott jogszab\u00e1lyt sem tartotta be, mivel nem v\u00e9gezt\u00e9k el a megalapoz\u00f3 vizsg\u00e1latokat.<br \/>\n    A miniszt\u00e9rium eml\u00e9keztetett: az Energiaklub a k\u00f6z\u00e9rdek\u0171 adat kiad\u00e1sa ir\u00e1nt a t\u00e1rca ellen ind\u00edtott per utols\u00f3, 2014. j\u00fanius 20-i t\u00e1rgyal\u00e1s\u00e1n az eredetileg el\u0151terjesztett h\u00e9t kereseti k\u00e9relme k\u00f6z\u00fcl hatt\u00f3l el\u00e1llt, a fennmarad\u00f3 hetedikben pedig pert vesztett.<br \/>\n    Az NFM utalt arra, hogy a szervezet febru\u00e1ri keresetlevel\u00e9ben az akkor m\u00e1r t\u00f6bb napja kihirdetett magyar-orosz korm\u00e1nyk\u00f6zi egyezm\u00e9nyt k\u00e9rte kiadni. Az egyes\u00fclet egy 2012-es korm\u00e1nyhat\u00e1rozatra hivatkozva olyan dokumentumok kiad\u00e1s\u00e1ra is ig\u00e9nyt tartott volna, amelyek egy r\u00e9sze a paksi b\u0151v\u00edt\u00e9ssel \u00f6sszef\u00fcgg\u0151 koncepci\u00f3v\u00e1lt\u00e1s miatt nem k\u00e9sz\u00fclhetett el &#8211; tett\u00e9k hozz\u00e1.<br \/>\n    &#8222;Mivel gy\u0151zelemr\u0151l nem sz\u00e1molhatott be, az Energiaklub azzal a val\u00f3s\u00e1gt\u00f3l teljesen elrugaszkodott \u00e1ll\u00edt\u00e1ssal vezette t\u00e9v\u00fatra a sajt\u00f3t \u00e9s a k\u00f6zv\u00e9lem\u00e9nyt, hogy a paksi b\u0151v\u00edt\u00e9s kapcs\u00e1n semmif\u00e9le megalapoz\u00f3 h\u00e1tt\u00e9relemz\u00e9s, hat\u00e1svizsg\u00e1lat nem l\u00e9tezik. Tette azt annak ellen\u00e9re, hogy az atomenergia-kapacit\u00e1s f\u00f6nntart\u00e1s\u00e1t c\u00e9lz\u00f3 projekt megval\u00f3s\u00edt\u00e1s\u00e1r\u00f3l ma is szabadon, b\u00e1rki sz\u00e1m\u00e1ra hozz\u00e1f\u00e9rhet\u0151 sok ezer oldalnyi el\u0151k\u00e9sz\u00edt\u0151 anyag&#8221; &#8211; fogalmaz a k\u00f6zlem\u00e9ny. Nyilv\u00e1nosan el\u00e9rhet\u0151 anyagok egyebek k\u00f6z\u00f6tt a Nemzeti Energiastrat\u00e9gia \u00e9s megalapoz\u00f3 dokumentumai, a Nemzeti \u00c9ghajlat-v\u00e1ltoz\u00e1si Strat\u00e9gia (N\u00c9S-2) tervezete, az MVM csoport \u00e1ltal k\u00e9sz\u00edtett \u00e9s k\u00e9sz\u00edttetett tanulm\u00e1nyok, vagy a Magyar Villamosenergia-rendszer k\u00f6z\u00e9p- \u00e9s hossz\u00fa t\u00e1v\u00fa forr\u00e1soldali kapacit\u00e1sfejleszt\u00e9se, 2013 c\u00edm\u0171 vizsg\u00e1lati dokumentum &#8211; jelezt\u00e9k.<br \/>\n    Kiemelik: a k\u00f6z\u00e9rdek\u0171 adatok megismerhet\u0151v\u00e9 t\u00e9tele a jogszab\u00e1lyi keretek k\u00f6z\u00f6tt minden adatkezel\u0151n\u00e9l folyamatos. A t\u00f6rv\u00e9nnyel kihirdetett magyar-orosz korm\u00e1nyk\u00f6zi egyezm\u00e9ny szerint, az abban foglaltak v\u00e9grehajt\u00e1sa \u00e9rdek\u00e9ben a felek a j\u00f6v\u0151ben szerz\u0151d\u00e9seket k\u00f6tnek. Az \u00fagynevezett Megval\u00f3s\u00edt\u00e1si Meg\u00e1llapod\u00e1sr\u00f3l sz\u00f3l\u00f3 r\u00e9szletes t\u00e1rgyal\u00e1sok a k\u00f6zelj\u00f6v\u0151ben indulhatnak meg, a t\u00e1rgyal\u00e1si poz\u00edci\u00f3t megalapoz\u00f3 szak\u00e9rt\u0151i v\u00e9lem\u00e9nyek k\u00f6zz\u00e9t\u00e9tele h\u00e1tr\u00e1nyos helyzetbe hozn\u00e1 a magyar oldalt. Ebb\u0151l a megfontol\u00e1sb\u00f3l teh\u00e1t minden adatkezel\u0151nek k\u00fcl\u00f6n\u00f6s k\u00f6r\u00fcltekint\u00e9ssel kell elj\u00e1rnia &#8211; mutat r\u00e1 az NFM.<br \/>\n    Az atomer\u0151m\u0171-projekt megval\u00f3s\u00edt\u00e1sa sor\u00e1n t\u00f6bb l\u00e9pcs\u0151ben, egym\u00e1st k\u00f6vet\u0151 \u00e9s egym\u00e1sra \u00e9p\u00fcl\u0151 d\u00f6nt\u00e9seket kell hozni, a d\u00f6nt\u00e9shozatali elj\u00e1r\u00e1s v\u00e9delm\u00e9ben a megt\u00e9r\u00fcl\u00e9si sz\u00e1m\u00edt\u00e1sok, elemz\u00e9sek, rizik\u00f3vizsg\u00e1latok id\u0151 el\u0151tti megismertet\u00e9se az Infot\u00f6rv\u00e9ny rendelkez\u00e9seivel \u00f6sszhangban korl\u00e1tozhat\u00f3 &#8211; jegyzi meg az NFM.<br \/>\n    A Megval\u00f3s\u00edt\u00e1si Meg\u00e1llapod\u00e1s a t\u00e1rca szerint \u00f6sszetett dokumentum lesz, a friss nemzetk\u00f6zi p\u00e9ld\u00e1k alapj\u00e1n a szerz\u0151d\u00e9s-csomag r\u00e9szletes t\u00e1rgyal\u00e1s\u00e1nak id\u0151ig\u00e9nye legal\u00e1bb f\u00e9l-egy \u00e9v. A rendk\u00edv\u00fcl bonyolult \u00e9s sokszerepl\u0151s folyamatban az enged\u00e9lyez\u00e9sekkel kapcsolatos elv\u00e1r\u00e1sokra tekintettel folyamatosan egyeztetni kell a magyar \u00e9s eur\u00f3pai uni\u00f3s hat\u00f3s\u00e1gokkal. A m\u00e1sik szerz\u0151d\u0151 f\u00e9l adatok nyilv\u00e1noss\u00e1gra hozatal\u00e1val sz\u00fcks\u00e9gk\u00e9ppen egy\u00fctt j\u00e1r\u00f3 inform\u00e1l\u00e1sa s\u00falyosan rombolhatn\u00e1 a magyar f\u00e9l \u00e9rdek\u00e9rv\u00e9nyes\u00edt\u0151 k\u00e9pess\u00e9g\u00e9t, ami \u00e9rtelemszer\u0171en ellent\u00e9tes a k\u00f6z\u00e9rdekkel &#8211; h\u00fazta al\u00e1 t\u00e1j\u00e9koztat\u00e1sban a miniszt\u00e9rium.(MTI)<\/p>\n","protected":false},"excerpt":{"rendered":"<p>Az atomenergia-kapacit\u00e1s fenntart\u00e1s\u00e1t c\u00e9lz\u00f3 paksi b\u0151v\u00edt\u00e9sr\u0151l b\u00e1rki sz\u00e1m\u00e1ra hozz\u00e1f\u00e9rhet\u0151 sok ezer oldalnyi el\u0151k\u00e9sz\u00edt\u0151 anyag, az Energiaklub ezzel ellent\u00e9tes, val\u00f3tlan \u00e1ll\u00edt\u00e1ssal f\u00e9lrevezette a sajt\u00f3t \u00e9s a k\u00f6zv\u00e9lem\u00e9nyt &#8211; v\u00e1laszolta a Nemzeti Fejleszt\u00e9si Miniszt\u00e9rium (NFM) kedden az MTI megkeres\u00e9s\u00e9re.<\/p>\n","protected":false},"author":1,"featured_media":0,"comment_status":"open","ping_status":"closed","sticky":false,"template":"","format":"standard","meta":[],"categories":[19],"tags":[],"_links":{"self":[{"href":"https:\/\/gazdasagportal.hu\/index.php\/wp-json\/wp\/v2\/posts\/37885"}],"collection":[{"href":"https:\/\/gazdasagportal.hu\/index.php\/wp-json\/wp\/v2\/posts"}],"about":[{"href":"https:\/\/gazdasagportal.hu\/index.php\/wp-json\/wp\/v2\/types\/post"}],"author":[{"embeddable":true,"href":"https:\/\/gazdasagportal.hu\/index.php\/wp-json\/wp\/v2\/users\/1"}],"replies":[{"embeddable":true,"href":"https:\/\/gazdasagportal.hu\/index.php\/wp-json\/wp\/v2\/comments?post=37885"}],"version-history":[{"count":1,"href":"https:\/\/gazdasagportal.hu\/index.php\/wp-json\/wp\/v2\/posts\/37885\/revisions"}],"predecessor-version":[{"id":37886,"href":"https:\/\/gazdasagportal.hu\/index.php\/wp-json\/wp\/v2\/posts\/37885\/revisions\/37886"}],"wp:attachment":[{"href":"https:\/\/gazdasagportal.hu\/index.php\/wp-json\/wp\/v2\/media?parent=37885"}],"wp:term":[{"taxonomy":"category","embeddable":true,"href":"https:\/\/gazdasagportal.hu\/index.php\/wp-json\/wp\/v2\/categories?post=37885"},{"taxonomy":"post_tag","embeddable":true,"href":"https:\/\/gazdasagportal.hu\/index.php\/wp-json\/wp\/v2\/tags?post=37885"}],"curies":[{"name":"wp","href":"https:\/\/api.w.org\/{rel}","templated":true}]}}