{"id":37880,"date":"2014-06-24T19:31:38","date_gmt":"2014-06-24T17:31:38","guid":{"rendered":"http:\/\/stockportal.hu\/?p=37880"},"modified":"2014-06-24T19:31:38","modified_gmt":"2014-06-24T17:31:38","slug":"a-danubius-hotels-nyolcmillio-eurobol-ujitotta-fel-a-szovatai-bradet-szallot","status":"publish","type":"post","link":"https:\/\/gazdasagportal.hu\/index.php\/a-danubius-hotels-nyolcmillio-eurobol-ujitotta-fel-a-szovatai-bradet-szallot\/","title":{"rendered":"A Danubius Hotels nyolcmilli\u00f3 eur\u00f3b\u00f3l \u00faj\u00edtotta fel a szov\u00e1tai Bradet sz\u00e1ll\u00f3t"},"content":{"rendered":"<p><strong>Nyolcmilli\u00f3 eur\u00f3b\u00f3l \u00faj\u00edtotta fel a Danubius csoport a szov\u00e1tai Bradet sz\u00e1ll\u00f3t, amely j\u00faniust\u00f3l n\u00e9gycsillagos besorol\u00e1ssal v\u00e1rja a vend\u00e9geket &#8211; k\u00f6z\u00f6lte kedden az Agerpres h\u00edr\u00fcgyn\u00f6ks\u00e9g.<\/strong><!--more--><br \/>\n<div class=\"ads-in-post1\"><div id=\"gazdasagportal.hu_fullbanner_wideboard\"><\/div>\r\n<\/div>\n<p>    A sz\u00e1llod\u00e1ban &#8211; amelynek a nev\u00e9t Danubius Health Spa Resort Bradetre v\u00e1ltoztatt\u00e1k &#8211; 88 szob\u00e1t \u00e9s \u00f6t k\u00fcl\u00f6nleges ig\u00e9nyeknek is megfelel\u0151 lakoszt\u00e1lyt, vend\u00e9gl\u0151t \u00e9s 350 szem\u00e9lyes konferenciatermet alak\u00edtottak ki. Tekintettel voltak a mozg\u00e1skorl\u00e1tozott vagy allergi\u00e1s vend\u00e9gek ig\u00e9nyeire is.<br \/>\n    A Danubius csoport 2000-ben privatiz\u00e1ci\u00f3 \u00fatj\u00e1n szerezte meg a szov\u00e1tai Balneoclimaterica r\u00e9szv\u00e9nyt\u00e1rsas\u00e1got. A t\u00e1rsas\u00e1g h\u00e1rom sz\u00e1llod\u00e1ja k\u00f6z\u00fcl a Szov\u00e1ta sz\u00e1ll\u00f3t 2002-ben \u00faj\u00edtott\u00e1k fel, \u00e9s alak\u00edtott\u00e1k n\u00e9gycsillagoss\u00e1.<br \/>\n    F\u00fcl\u00f6p-Nagy J\u00e1nos, a Balneoclimaterica Rt. vez\u00e9rigazgat\u00f3ja az Agerpres h\u00edr\u00fcgyn\u00f6ks\u00e9gnek elmondta, a k\u00e9t n\u00e9gycsillagos l\u00e9tes\u00edtm\u00e9nybe els\u0151sorban a gy\u00f3gykezel\u00e9sre Szov\u00e1t\u00e1ra \u00e9rkez\u0151 vend\u00e9geket v\u00e1rj\u00e1k. A t\u00e1rsas\u00e1g harmadik szov\u00e1tai sz\u00e1llod\u00e1j\u00e1t, a Faget sz\u00e1ll\u00f3t pedig az \u00e1tutaz\u00f3 vend\u00e9gek fogad\u00e1s\u00e1ra szeretn\u00e9k berendezni. A jelenleg k\u00e9tcsillagos Faget sz\u00e1ll\u00f3t az elk\u00f6vetkez\u0151 n\u00e9gy-\u00f6t \u00e9vben k\u00edv\u00e1nja fel\u00faj\u00edtani \u00e9s h\u00e1romcsillagoss\u00e1 alak\u00edtani a t\u00e1rsas\u00e1g.<br \/>\n    A s\u00f3s gy\u00f3gyvizeir\u0151l h\u00edres Szov\u00e1ta a Sz\u00e9kelyf\u00f6ldre utaz\u00f3 magyarorsz\u00e1gi turis\u00e1k egyik k\u00f6zkedvelt c\u00e9lpontja.(MTI)<\/p>\n","protected":false},"excerpt":{"rendered":"<p>Nyolcmilli\u00f3 eur\u00f3b\u00f3l \u00faj\u00edtotta fel a Danubius csoport a szov\u00e1tai Bradet sz\u00e1ll\u00f3t, amely j\u00faniust\u00f3l n\u00e9gycsillagos besorol\u00e1ssal v\u00e1rja a vend\u00e9geket &#8211; k\u00f6z\u00f6lte kedden az Agerpres h\u00edr\u00fcgyn\u00f6ks\u00e9g.<\/p>\n","protected":false},"author":1,"featured_media":0,"comment_status":"open","ping_status":"closed","sticky":false,"template":"","format":"standard","meta":[],"categories":[19],"tags":[],"_links":{"self":[{"href":"https:\/\/gazdasagportal.hu\/index.php\/wp-json\/wp\/v2\/posts\/37880"}],"collection":[{"href":"https:\/\/gazdasagportal.hu\/index.php\/wp-json\/wp\/v2\/posts"}],"about":[{"href":"https:\/\/gazdasagportal.hu\/index.php\/wp-json\/wp\/v2\/types\/post"}],"author":[{"embeddable":true,"href":"https:\/\/gazdasagportal.hu\/index.php\/wp-json\/wp\/v2\/users\/1"}],"replies":[{"embeddable":true,"href":"https:\/\/gazdasagportal.hu\/index.php\/wp-json\/wp\/v2\/comments?post=37880"}],"version-history":[{"count":1,"href":"https:\/\/gazdasagportal.hu\/index.php\/wp-json\/wp\/v2\/posts\/37880\/revisions"}],"predecessor-version":[{"id":37881,"href":"https:\/\/gazdasagportal.hu\/index.php\/wp-json\/wp\/v2\/posts\/37880\/revisions\/37881"}],"wp:attachment":[{"href":"https:\/\/gazdasagportal.hu\/index.php\/wp-json\/wp\/v2\/media?parent=37880"}],"wp:term":[{"taxonomy":"category","embeddable":true,"href":"https:\/\/gazdasagportal.hu\/index.php\/wp-json\/wp\/v2\/categories?post=37880"},{"taxonomy":"post_tag","embeddable":true,"href":"https:\/\/gazdasagportal.hu\/index.php\/wp-json\/wp\/v2\/tags?post=37880"}],"curies":[{"name":"wp","href":"https:\/\/api.w.org\/{rel}","templated":true}]}}