{"id":37874,"date":"2014-06-24T17:28:49","date_gmt":"2014-06-24T15:28:49","guid":{"rendered":"http:\/\/stockportal.hu\/?p=37874"},"modified":"2014-06-24T17:28:49","modified_gmt":"2014-06-24T15:28:49","slug":"devizahitelek-ngm-varga-mihaly-a-bankszovetseggel-targyalt","status":"publish","type":"post","link":"https:\/\/gazdasagportal.hu\/index.php\/devizahitelek-ngm-varga-mihaly-a-bankszovetseggel-targyalt\/","title":{"rendered":"Devizahitelek &#8211; NGM: Varga Mih\u00e1ly a banksz\u00f6vets\u00e9ggel t\u00e1rgyalt"},"content":{"rendered":"<p><strong>A Magyar Banksz\u00f6vets\u00e9g k\u00e9pvisel\u0151ivel t\u00e1rgyalt kedden d\u00e9lut\u00e1n Varga Mih\u00e1ly nemzetgazdas\u00e1gi miniszter a devizahitelek probl\u00e9m\u00e1j\u00e1nak megold\u00e1s\u00e1r\u00f3l &#8211; k\u00f6z\u00f6lte a Nemzetgazdas\u00e1gi Miniszt\u00e9rium (NGM) az MTI-vel.<\/strong><!--more--><br \/>\n<div class=\"ads-in-post1\"><div id=\"gazdasagportal.hu_fullbanner_wideboard\"><\/div>\r\n<\/div>\n<p>A t\u00e1rca nem k\u00f6z\u00f6lt r\u00e9szleteket arr\u00f3l, hogy pontosan mir\u0151l volt sz\u00f3. A k\u00f6zlem\u00e9ny szerint az NGM-ben tartott megbesz\u00e9l\u00e9sen Varga Mih\u00e1ly mellett Orb\u00e1n G\u00e1bor ad\u00f3- \u00e9s p\u00e9nz\u00fcgyek\u00e9rt felel\u0151s \u00e1llamtitk\u00e1r, Greinstetter Bal\u00e1zs kabinetf\u0151n\u00f6k, valamint Patai Mih\u00e1ly, a Magyar Banksz\u00f6vets\u00e9g eln\u00f6ke \u00e9s Becsei Andr\u00e1s aleln\u00f6k vett r\u00e9szt.<br \/>\nVarga Mih\u00e1ly m\u00e1r a K\u00faria j\u00fanius 16-i jogegys\u00e9gi d\u00f6nt\u00e9se el\u0151tt jelezte, hogy a test\u00fclet hat\u00e1rozata ut\u00e1n a korm\u00e1ny miel\u0151bb megold\u00e1st szeretne tal\u00e1lni a devizahitelesek probl\u00e9m\u00e1j\u00e1ra, \u00e9s t\u00e1rgyal a banksz\u00f6vets\u00e9ggel is.<br \/>\nA K\u00faria j\u00fanius 16-i jogegys\u00e9gi d\u00f6nt\u00e9s\u00e9ben kimondta, hogy a devizahitelekn\u00e9l alkalmazott \u00e1rfolyamr\u00e9s tisztess\u00e9gtelen, az \u00e1rfolyamkock\u00e1zat tisztess\u00e9gess\u00e9ge azonban csak akkor vizsg\u00e1lhat\u00f3, ha a p\u00e9nzint\u00e9zet nem megfelel\u0151 t\u00e1j\u00e9koztat\u00e1sa miatt az \u00e1tlagos fogyaszt\u00f3 sz\u00e1m\u00e1ra a szerz\u0151d\u00e9s erre vonatkoz\u00f3 r\u00e9sze nem \u00e9rthet\u0151. Az egyoldal\u00fa szerz\u0151d\u00e9sm\u00f3dos\u00edt\u00e1s lehet\u0151s\u00e9ge pedig nagyon szigor\u00fa felt\u00e9telekhez k\u00f6t\u00f6tt<br \/>\nKov\u00e1cs Levente, a banksz\u00f6vets\u00e9g f\u0151titk\u00e1ra a K\u00faria m\u00falt heti, jogegys\u00e9gi d\u00f6nt\u00e9s\u00e9t k\u00f6vet\u0151en azt mondta az MTI-nek, hogy a sz\u00f6vets\u00e9g k\u00e9sz a t\u00e1rgyal\u00e1sokra a korm\u00e1nyzattal, n\u00e9gy \u00e9ve folyamatosan egyeztetnek, az eddigi gazdas\u00e1gi megold\u00e1sok helyett most a jogtechnikai megold\u00e1sok ideje j\u00f6tt el.<br \/>\nRog\u00e1n Antal, a Fidesz frakci\u00f3vezet\u0151je ugyan a d\u00f6nt\u00e9s ut\u00e1n jelezte, hogy az \u0151szi parlamenti \u00fcl\u00e9s kezdet\u00e9ig elk\u00e9sz\u00fcl az a t\u00f6rv\u00e9nyjavaslat, amelynek alapelve: minden visszaj\u00e1r a devizahiteleseknek, amit a bankok a K\u00faria jogegys\u00e9gi hat\u00e1rozata \u00e9rtelm\u00e9ben tisztess\u00e9gtelen\u00fcl vettek el, h\u00e9tf\u0151n azonban bejelentette, a Fidesz arra k\u00e9ri a korm\u00e1nyt, hogy m\u00e9g a rendk\u00edv\u00fcli parlamenti \u00fcl\u00e9s v\u00e9ge el\u0151tt terjessze be a H\u00e1z el\u00e9 els\u0151 t\u00f6rv\u00e9nym\u00f3dos\u00edt\u00e1si javaslat\u00e1t a devizahitelesek \u00e9rdek\u00e9ben.<br \/>\nRog\u00e1n Antal frakci\u00f3vezet\u0151 h\u00e9tf\u0151n, napirend el\u0151tti felsz\u00f3lal\u00e1s\u00e1ban arra k\u00e9rte a kabinetet, k\u00e9sz\u00edtse el a jogi megold\u00e1s\u00e1t annak, hogy azok, akikkel szemben tisztess\u00e9gtelen\u00fcl j\u00e1rtak el a bankok, visszakapj\u00e1k az \u0151ket illet\u0151 p\u00e9nzt, azt, amelyhez norm\u00e1l esetben csak peres \u00faton juthatn\u00e1nak hozz\u00e1.<br \/>\nA frakci\u00f3vezet\u0151 k\u00f6z\u00f6lte: ennek kell az els\u0151 l\u00e9p\u00e9snek lenni, m\u00edg egy m\u00e1sodik l\u00e9p\u00e9sben t\u00f6rt\u00e9nhet meg a devizahitelek v\u00e9gleges kivezet\u00e9s\u00e9nek rendez\u00e9se, ezzel az \u00e1rfolyamkock\u00e1zat megsz\u00fcntet\u00e9se.<br \/>\nT\u00e1llai Andr\u00e1s, a Nemzetgazdas\u00e1gi Miniszt\u00e9rium parlamenti \u00e1llamtitk\u00e1ra azt mondta, a t\u00e9ma szerepelni fog m\u00e1r a szerdai korm\u00e1ny\u00fcl\u00e9s napirendj\u00e9n.(MTI)<\/p>\n","protected":false},"excerpt":{"rendered":"<p>A Magyar Banksz\u00f6vets\u00e9g k\u00e9pvisel\u0151ivel t\u00e1rgyalt kedden d\u00e9lut\u00e1n Varga Mih\u00e1ly nemzetgazdas\u00e1gi miniszter a devizahitelek probl\u00e9m\u00e1j\u00e1nak megold\u00e1s\u00e1r\u00f3l &#8211; k\u00f6z\u00f6lte a Nemzetgazdas\u00e1gi Miniszt\u00e9rium (NGM) az MTI-vel.<\/p>\n","protected":false},"author":1,"featured_media":0,"comment_status":"open","ping_status":"closed","sticky":false,"template":"","format":"standard","meta":[],"categories":[19,112],"tags":[],"_links":{"self":[{"href":"https:\/\/gazdasagportal.hu\/index.php\/wp-json\/wp\/v2\/posts\/37874"}],"collection":[{"href":"https:\/\/gazdasagportal.hu\/index.php\/wp-json\/wp\/v2\/posts"}],"about":[{"href":"https:\/\/gazdasagportal.hu\/index.php\/wp-json\/wp\/v2\/types\/post"}],"author":[{"embeddable":true,"href":"https:\/\/gazdasagportal.hu\/index.php\/wp-json\/wp\/v2\/users\/1"}],"replies":[{"embeddable":true,"href":"https:\/\/gazdasagportal.hu\/index.php\/wp-json\/wp\/v2\/comments?post=37874"}],"version-history":[{"count":1,"href":"https:\/\/gazdasagportal.hu\/index.php\/wp-json\/wp\/v2\/posts\/37874\/revisions"}],"predecessor-version":[{"id":37875,"href":"https:\/\/gazdasagportal.hu\/index.php\/wp-json\/wp\/v2\/posts\/37874\/revisions\/37875"}],"wp:attachment":[{"href":"https:\/\/gazdasagportal.hu\/index.php\/wp-json\/wp\/v2\/media?parent=37874"}],"wp:term":[{"taxonomy":"category","embeddable":true,"href":"https:\/\/gazdasagportal.hu\/index.php\/wp-json\/wp\/v2\/categories?post=37874"},{"taxonomy":"post_tag","embeddable":true,"href":"https:\/\/gazdasagportal.hu\/index.php\/wp-json\/wp\/v2\/tags?post=37874"}],"curies":[{"name":"wp","href":"https:\/\/api.w.org\/{rel}","templated":true}]}}