{"id":37783,"date":"2014-06-23T16:41:32","date_gmt":"2014-06-23T14:41:32","guid":{"rendered":"http:\/\/stockportal.hu\/?p=37783"},"modified":"2014-06-23T16:12:19","modified_gmt":"2014-06-23T14:12:19","slug":"az-eu-rendori-missziot-kuld-ukrajnaba","status":"publish","type":"post","link":"https:\/\/gazdasagportal.hu\/index.php\/az-eu-rendori-missziot-kuld-ukrajnaba\/","title":{"rendered":"Az EU rend\u0151ri misszi\u00f3t k\u00fcld Ukrajn\u00e1ba"},"content":{"rendered":"<p><strong>Az Eur\u00f3pai Uni\u00f3 a k\u00f6z\u00f6s biztons\u00e1gi \u00e9s v\u00e9delmi politika keret\u00e9ben ukrajnai rend\u0151ri misszi\u00f3t hoz l\u00e9tre, amelynek az lesz a feladata, hogy t\u00e1mogassa az ukr\u00e1n nem katonai jelleg\u0171 biztons\u00e1gi szervek reformj\u00e1t, tan\u00e1csaival \u00e9s szakmai \u00fatmutat\u00e1sokkal, illetve kik\u00e9pz\u00e9ssel jav\u00edtsa a rend\u0151rs\u00e9g, a nemzeti g\u00e1rda \u00e9s m\u00e1s jog\u00e9rv\u00e9nyes\u00edt\u0151 szervek felk\u00e9sz\u00fclts\u00e9g\u00e9t &#8211; k\u00f6z\u00f6lt\u00e9k h\u00e9tf\u0151n Luxembourgban, ahol az EU-orsz\u00e1gok k\u00fcl\u00fcgyminiszterei Pavlo Klimkinnel, az ukr\u00e1n diplom\u00e1cia frissen kinevezett ir\u00e1ny\u00edt\u00f3j\u00e1val egy\u00fctt tekintett\u00e9k \u00e1t az ukrajnai helyzetet.<\/strong><!--more--><br \/>\n<div class=\"ads-in-post1\"><div id=\"gazdasagportal.hu_fullbanner_wideboard\"><\/div>\r\n<\/div>\n<p>    A tan\u00e1cskoz\u00e1sr\u00f3l kiadott hivatalos t\u00e1j\u00e9koztat\u00e1s szerint a miniszterek most elfogadt\u00e1k azt a v\u00e1ls\u00e1gkezel\u00e9si koncepci\u00f3t, amelynek alapj\u00e1n megkezd\u0151dhet a &#8211; rem\u00e9nyek szerint m\u00e1r a ny\u00e1ron indul\u00f3 &#8211; \u00faj uni\u00f3s misszi\u00f3 tervez\u00e9se. Egyes v\u00e9leked\u00e9sek szerint a k\u00fcldet\u00e9s mintegy k\u00e9t \u00e9vig tarthat. Kezdetben Kijevben m\u0171k\u00f6dne, de id\u0151vel az orsz\u00e1g k\u00fcl\u00f6nb\u00f6z\u0151 vid\u00e9ki t\u00e9rs\u00e9geire is kiterjeszthetn\u00e9 tev\u00e9kenys\u00e9g\u00e9t.<br \/>\n    K\u00f6zlem\u00e9ny\u00fckben a k\u00fcl\u00fcgyminiszterek utaltak annak fontoss\u00e1g\u00e1ra, hogy az EU-misszi\u00f3t \u00f6sszehangolj\u00e1k az Eur\u00f3pai Biztons\u00e1gi \u00e9s Egy\u00fcttm\u0171k\u00f6d\u00e9si Szervezet (EBESZ) hasonl\u00f3 c\u00e9l\u00fa er\u0151fesz\u00edt\u00e9seivel.<br \/>\n    Az uni\u00f3s k\u00fcl\u00fcgyminiszterek &#8211; akiknek az \u00fcl\u00e9s\u00e9n most el\u0151sz\u00f6r k\u00e9pviselte Magyarorsz\u00e1got Navracsics Tibor k\u00fclgazdas\u00e1gi \u00e9s k\u00fcl\u00fcgyminiszter &#8211; az Ukrajn\u00e1r\u00f3l kiadott k\u00f6z\u00f6s nyilatkozatukban t\u00e1mogat\u00e1sukr\u00f3l biztos\u00edtott\u00e1k Petro Porosenko ukr\u00e1n eln\u00f6k\u00f6t, aki p\u00e9nteken egyoldal\u00fa jelleggel egyhetes t\u0171zsz\u00fcnetet hirdetett ki, t\u00e1rgyal\u00e1si k\u00e9szs\u00e9g\u00e9t hangoztatta azokkal a szakad\u00e1rokkal, akik hajland\u00f3ak letenni a fegyvert, \u00e9s a Kelet-Ukrajn\u00e1ban \u00e9l\u0151 oroszok sz\u00e1m\u00e1ra nyelvhaszn\u00e1lati jogokat, illetve egy\u00e9b decentraliz\u00e1ci\u00f3s jelleg\u0171 int\u00e9zked\u00e9seket helyezett kil\u00e1t\u00e1sba. A szakad\u00e1rok fegyveres csoportjainak vezet\u0151i azonban mindeddig elutas\u00edt\u00f3an reag\u00e1ltak a Porosenko \u00e1ltal kihirdetett t\u0171zsz\u00fcnetre, \u00e9s az ukr\u00e1n korm\u00e1nyer\u0151k kivon\u00e1s\u00e1t s\u00fcrgett\u00e9k.<br \/>\n    Az EU-k\u00fcl\u00fcgyminiszterek most felsz\u00f3l\u00edtott\u00e1k az \u00f6sszes \u00e9rintett felet a t\u0171zsz\u00fcnet azonnali \u00e9rv\u00e9nyes\u00edt\u00e9s\u00e9re, \u00e9s a fesz\u00fclts\u00e9g cs\u00f6kkent\u00e9s\u00e9re annak \u00e9rdek\u00e9ben, hogy Porosenko b\u00e9keterv\u00e9t meg lehessen val\u00f3s\u00edtani. Az uni\u00f3 k\u00fcl\u00f6n felsz\u00f3l\u00edtotta Oroszorsz\u00e1got, hogy t\u00e1mogassa a b\u00e9ketervet, \u00e9s hat\u00e9kony int\u00e9zked\u00e9sekkel vessen v\u00e9get a t\u00f6rv\u00e9nyellenesen harcol\u00f3 egy\u00e9nek, fegyverek \u00e9s felszerel\u00e9s Oroszorsz\u00e1gb\u00f3l Ukrajn\u00e1ba t\u00f6rt\u00e9n\u0151 folyamatos \u00e1raml\u00e1s\u00e1nak. Moszkv\u00e1nak az uni\u00f3s k\u00fcl\u00fcgyminiszterek szerint latba kell vetnie befoly\u00e1s\u00e1t annak \u00e9rdek\u00e9ben, hogy a szeparatist\u00e1k hagyjanak fel az er\u0151szakkal \u00e9s tegy\u00e9k le a fegyvert. Az uni\u00f3 azt is elv\u00e1rja Oroszorsz\u00e1gt\u00f3l, hogy folytassa saj\u00e1t katon\u00e1inak kivon\u00e1s\u00e1t az ukr\u00e1n hat\u00e1r k\u00f6zeli t\u00e9rs\u00e9gb\u0151l, tart\u00f3zkodj\u00e9k \u00fajabb csapat\u00f6sszevon\u00e1sokt\u00f3l a hat\u00e1rt\u00e9rs\u00e9gben, \u00e9s vonja vissza azt az orosz fels\u0151h\u00e1zi felhatalmaz\u00e1st, amelynek alapj\u00e1n Vlagyimir Putyin eln\u00f6k jogosult lehet elrendelni er\u0151szak orosz r\u00e9szr\u0151l t\u00f6rt\u00e9n\u0151 alkalmaz\u00e1s\u00e1t ak\u00e1r ukr\u00e1n ter\u00fcleten is.<br \/>\n    Nyilatkozatukban az uni\u00f3s k\u00fcl\u00fcgyminiszterek meger\u0151s\u00edtett\u00e9k, hogy az EU nem ismeri el a Kr\u00edm orosz bekebelez\u00e9s\u00e9t. Kit\u00e9rtek arra is, hogy \u00fagy k\u00e9sz\u00fclnek, az e h\u00e9t m\u00e1sodik fel\u00e9ben tartand\u00f3 br\u00fcsszeli EU-cs\u00facson al\u00e1\u00edrj\u00e1k az EU-ukr\u00e1n t\u00e1rsul\u00e1si meg\u00e1llapod\u00e1s m\u00e9g al\u00e1 nem \u00edrt r\u00e9sz\u00e9t, bele\u00e9rtve a m\u00e9ly \u00e9s \u00e1tfog\u00f3 szabadkereskedelmi t\u00e9rs\u00e9gr\u0151l sz\u00f3l\u00f3 el\u0151\u00edr\u00e1sokat.(MTI)<\/p>\n","protected":false},"excerpt":{"rendered":"<p>Az Eur\u00f3pai Uni\u00f3 a k\u00f6z\u00f6s biztons\u00e1gi \u00e9s v\u00e9delmi politika keret\u00e9ben ukrajnai rend\u0151ri misszi\u00f3t hoz l\u00e9tre, amelynek az lesz a feladata, hogy t\u00e1mogassa az ukr\u00e1n nem katonai jelleg\u0171 biztons\u00e1gi szervek reformj\u00e1t, tan\u00e1csaival \u00e9s szakmai \u00fatmutat\u00e1sokkal, illetve kik\u00e9pz\u00e9ssel jav\u00edtsa a rend\u0151rs\u00e9g, a nemzeti g\u00e1rda \u00e9s m\u00e1s jog\u00e9rv\u00e9nyes\u00edt\u0151 szervek felk\u00e9sz\u00fclts\u00e9g\u00e9t &#8211; k\u00f6z\u00f6lt\u00e9k h\u00e9tf\u0151n Luxembourgban, ahol az EU-orsz\u00e1gok k\u00fcl\u00fcgyminiszterei &#8230;<\/p>\n","protected":false},"author":1,"featured_media":0,"comment_status":"open","ping_status":"closed","sticky":false,"template":"","format":"standard","meta":[],"categories":[139],"tags":[],"_links":{"self":[{"href":"https:\/\/gazdasagportal.hu\/index.php\/wp-json\/wp\/v2\/posts\/37783"}],"collection":[{"href":"https:\/\/gazdasagportal.hu\/index.php\/wp-json\/wp\/v2\/posts"}],"about":[{"href":"https:\/\/gazdasagportal.hu\/index.php\/wp-json\/wp\/v2\/types\/post"}],"author":[{"embeddable":true,"href":"https:\/\/gazdasagportal.hu\/index.php\/wp-json\/wp\/v2\/users\/1"}],"replies":[{"embeddable":true,"href":"https:\/\/gazdasagportal.hu\/index.php\/wp-json\/wp\/v2\/comments?post=37783"}],"version-history":[{"count":1,"href":"https:\/\/gazdasagportal.hu\/index.php\/wp-json\/wp\/v2\/posts\/37783\/revisions"}],"predecessor-version":[{"id":37784,"href":"https:\/\/gazdasagportal.hu\/index.php\/wp-json\/wp\/v2\/posts\/37783\/revisions\/37784"}],"wp:attachment":[{"href":"https:\/\/gazdasagportal.hu\/index.php\/wp-json\/wp\/v2\/media?parent=37783"}],"wp:term":[{"taxonomy":"category","embeddable":true,"href":"https:\/\/gazdasagportal.hu\/index.php\/wp-json\/wp\/v2\/categories?post=37783"},{"taxonomy":"post_tag","embeddable":true,"href":"https:\/\/gazdasagportal.hu\/index.php\/wp-json\/wp\/v2\/tags?post=37783"}],"curies":[{"name":"wp","href":"https:\/\/api.w.org\/{rel}","templated":true}]}}