{"id":37764,"date":"2014-06-23T14:18:03","date_gmt":"2014-06-23T12:18:03","guid":{"rendered":"http:\/\/stockportal.hu\/?p=37764"},"modified":"2014-06-23T14:18:18","modified_gmt":"2014-06-23T12:18:18","slug":"devizahitelek-rogan-meg-a-nyar-elott-keruljon-a-haz-ele-az-elso-torvenymodositas","status":"publish","type":"post","link":"https:\/\/gazdasagportal.hu\/index.php\/devizahitelek-rogan-meg-a-nyar-elott-keruljon-a-haz-ele-az-elso-torvenymodositas\/","title":{"rendered":"Devizahitelek &#8211; Rog\u00e1n: m\u00e9g a ny\u00e1r el\u0151tt ker\u00fclj\u00f6n a H\u00e1z el\u00e9 az els\u0151 t\u00f6rv\u00e9nym\u00f3dos\u00edt\u00e1s!"},"content":{"rendered":"<p><strong>A Fidesz arra k\u00e9ri a korm\u00e1nyt, hogy m\u00e9g a rendk\u00edv\u00fcli parlamenti \u00fcl\u00e9s v\u00e9ge el\u0151tt terjessze be a H\u00e1z el\u00e9 els\u0151 t\u00f6rv\u00e9nym\u00f3dos\u00edt\u00e1si javaslat\u00e1t a devizahitelesek \u00e9rdek\u00e9ben.<\/strong><!--more--><br \/>\n<div class=\"ads-in-post1\"><div id=\"gazdasagportal.hu_fullbanner_wideboard\"><\/div>\r\n<\/div>\n<p>    Rog\u00e1n Antal frakci\u00f3vezet\u0151 h\u00e9tf\u0151n, napirend el\u0151tti felsz\u00f3lal\u00e1s\u00e1ban arra k\u00e9rte a kabinetet, k\u00e9sz\u00edtse el a jogi megold\u00e1s\u00e1t annak, hogy azok, akikkel szemben tisztess\u00e9gtelen\u00fcl j\u00e1rtak el a bankok, visszakapj\u00e1k az \u0151ket illet\u0151 p\u00e9nzt, azt, amelyhez norm\u00e1l esetben csak peres \u00faton juthatn\u00e1nak hozz\u00e1.<br \/>\n    A frakci\u00f3vezet\u0151 k\u00f6z\u00f6lte: ennek kell az els\u0151 l\u00e9p\u00e9snek lenni, m\u00edg egy m\u00e1sodik l\u00e9p\u00e9sben t\u00f6rt\u00e9nhet meg a devizahitelek v\u00e9gleges kivezet\u00e9s\u00e9nek rendez\u00e9se, ezzel az \u00e1rfolyamkock\u00e1zat megsz\u00fcntet\u00e9se.<br \/>\n    T\u00e1llai Andr\u00e1s, a Nemzetgazdas\u00e1gi Miniszt\u00e9rium parlamenti \u00e1llamtitk\u00e1ra azt mondta, a t\u00e9ma szerepelni fog m\u00e1r a szerdai korm\u00e1ny\u00fcl\u00e9s napirendj\u00e9n.(MTI)<\/p>\n","protected":false},"excerpt":{"rendered":"<p>A Fidesz arra k\u00e9ri a korm\u00e1nyt, hogy m\u00e9g a rendk\u00edv\u00fcli parlamenti \u00fcl\u00e9s v\u00e9ge el\u0151tt terjessze be a H\u00e1z el\u00e9 els\u0151 t\u00f6rv\u00e9nym\u00f3dos\u00edt\u00e1si javaslat\u00e1t a devizahitelesek \u00e9rdek\u00e9ben.<\/p>\n","protected":false},"author":1,"featured_media":0,"comment_status":"open","ping_status":"closed","sticky":false,"template":"","format":"standard","meta":[],"categories":[19,112],"tags":[],"_links":{"self":[{"href":"https:\/\/gazdasagportal.hu\/index.php\/wp-json\/wp\/v2\/posts\/37764"}],"collection":[{"href":"https:\/\/gazdasagportal.hu\/index.php\/wp-json\/wp\/v2\/posts"}],"about":[{"href":"https:\/\/gazdasagportal.hu\/index.php\/wp-json\/wp\/v2\/types\/post"}],"author":[{"embeddable":true,"href":"https:\/\/gazdasagportal.hu\/index.php\/wp-json\/wp\/v2\/users\/1"}],"replies":[{"embeddable":true,"href":"https:\/\/gazdasagportal.hu\/index.php\/wp-json\/wp\/v2\/comments?post=37764"}],"version-history":[{"count":1,"href":"https:\/\/gazdasagportal.hu\/index.php\/wp-json\/wp\/v2\/posts\/37764\/revisions"}],"predecessor-version":[{"id":37765,"href":"https:\/\/gazdasagportal.hu\/index.php\/wp-json\/wp\/v2\/posts\/37764\/revisions\/37765"}],"wp:attachment":[{"href":"https:\/\/gazdasagportal.hu\/index.php\/wp-json\/wp\/v2\/media?parent=37764"}],"wp:term":[{"taxonomy":"category","embeddable":true,"href":"https:\/\/gazdasagportal.hu\/index.php\/wp-json\/wp\/v2\/categories?post=37764"},{"taxonomy":"post_tag","embeddable":true,"href":"https:\/\/gazdasagportal.hu\/index.php\/wp-json\/wp\/v2\/tags?post=37764"}],"curies":[{"name":"wp","href":"https:\/\/api.w.org\/{rel}","templated":true}]}}